{"id":21174,"date":"2026-08-25T19:02:59","date_gmt":"2026-08-25T19:02:59","guid":{"rendered":"https:\/\/lifevery.biz.ua\/?p=21174"},"modified":"2026-08-25T19:02:59","modified_gmt":"2026-08-25T19:02:59","slug":"wypadek-autokaru-na-wegrzech-ciala-ofiar-nadal-nie-wrocily-do-polski-jest-komentarz-soltysa","status":"publish","type":"post","link":"https:\/\/lifevery.biz.ua\/?p=21174","title":{"rendered":"Wypadek autokaru na W\u0119grzech. Cia\u0142a ofiar nadal nie wr\u00f3ci\u0142y do Polski, jest komentarz so\u0142tysa"},"content":{"rendered":"\n<p class=\"wp-block-paragraph\">Cia\u0142a pielgrzym\u00f3w z Podkarpacia nadal pozostaj\u0105 na W\u0119grzech. Ofiary zgin\u0119\u0142y w tragicznym wypadku autokaru na autostradzie M3. Brak zako\u0144czonych formalno\u015bci uniemo\u017cliwia wyznaczenie termin\u00f3w pogrzeb\u00f3w. Po sprowadzeniu cia\u0142 ksi\u0119\u017ca ustal\u0105 z rodzinami daty ostatniego po\u017cegnania.<\/p>\n\n\n\n<p class=\"wp-block-paragraph\">Do tragedii dosz\u0142o w nocy z 15 na 16 sierpnia 2026 roku na W\u0119grzech. Autokar wraca\u0142 w\u00f3wczas z pielgrzymki do Medjugorie i przewozi\u0142 57 os\u00f3b z Podkarpacia. Wi\u0119kszo\u015b\u0107 pasa\u017cer\u00f3w pochodzi\u0142a z miejscowo\u015bci Siedliska i jej okolic. W wypadku zgin\u0119\u0142o 12 os\u00f3b.<\/p>\n\n\n\n<p class=\"wp-block-paragraph\">Cia\u0142a ofiar wypadku na W\u0119grzech wci\u0105\u017c nie wr\u00f3ci\u0142y do Polski<br>Jak podaje \u201eSuper Express\u201d, cia\u0142a pielgrzym\u00f3w, kt\u00f3rzy zgin\u0119li na w\u0119gierskiej autostradzie M3, nadal nie zosta\u0142y sprowadzone do kraju. Oznacza to, \u017ce rodziny ofiar wci\u0105\u017c nie mog\u0105 ustali\u0107 termin\u00f3w pogrzeb\u00f3w swoich bliskich.<\/p>\n\n\n\n<p class=\"wp-block-paragraph\">Cztery osoby, kt\u00f3re ponios\u0142y \u015bmier\u0107 w katastrofie, pochodzi\u0142y z Siedlisk. O sytuacji zwi\u0105zanej z transportem zw\u0142ok m\u00f3wi\u0142 gazecie so\u0142tys tej miejscowo\u015bci Wojciech Tatara. Z przekazanych przez niego informacji wynika, \u017ce nie zako\u0144czono jeszcze wszystkich wymaganych formalno\u015bci.<\/p>\n\n\n\n<p class=\"wp-block-paragraph\">\u2013 Wci\u0105\u017c czekamy \u2013 m\u00f3wi\u0142 Wojciech Tatara w rozmowie z \u201eSuper Expressem\u201d.<\/p>\n\n\n\n<p class=\"wp-block-paragraph\">Dopiero po sprowadzeniu cia\u0142 do Polski b\u0119d\u0105 mog\u0142y rozpocz\u0105\u0107 si\u0119 ustalenia dotycz\u0105ce uroczysto\u015bci pogrzebowych. Zgodnie z przekazanymi informacjami ksi\u0119\u017ca maj\u0105 wtedy uzgadnia\u0107 z rodzinami konkretne terminy ostatniego po\u017cegnania ofiar.<br><\/p>\n\n\n\n<p class=\"wp-block-paragraph\">Tragiczny wypadek autokaru na autostradzie M3<br>Autokar z polskimi pielgrzymami uleg\u0142 wypadkowi w nocy z 15 na 16 sierpnia 2026 roku. Pojazd znajdowa\u0142 si\u0119 na autostradzie M3 na W\u0119grzech. Wraca\u0142o nim 57 os\u00f3b po pielgrzymce do Medjugorie.<\/p>\n\n\n\n<p class=\"wp-block-paragraph\">Pasa\u017cerami byli mieszka\u0144cy Podkarpacia, przede wszystkim Siedlisk i pobliskich miejscowo\u015bci. W pewnym momencie autokar wypad\u0142 z drogi, a nast\u0119pnie przewr\u00f3ci\u0142 si\u0119 na bok. Skutki zdarzenia okaza\u0142y si\u0119 tragiczne. Zgin\u0119\u0142o 12 os\u00f3b.<\/p>\n\n\n\n<p class=\"wp-block-paragraph\">Z miejsca katastrofy uda\u0142o si\u0119 uratowa\u0107 35 os\u00f3b. Cz\u0119\u015b\u0107 pasa\u017cer\u00f3w zosta\u0142a uwi\u0119ziona pod przewr\u00f3conym pojazdem. Do ich wydobycia konieczne by\u0142o wykorzystanie d\u017awigu.<\/p>\n\n\n\n<p class=\"wp-block-paragraph\">Ranni po akcji ratunkowej trafili do pobliskich szpitali. Wi\u0119kszo\u015b\u0107 os\u00f3b poszkodowanych w wypadku wr\u00f3ci\u0142a ju\u017c do Polski. Rodziny zabitych nadal jednak oczekuj\u0105 na zako\u0144czenie procedur zwi\u0105zanych ze sprowadzeniem cia\u0142 do kraju.<br><\/p>\n","protected":false},"excerpt":{"rendered":"Cia\u0142a pielgrzym\u00f3w z Podkarpacia nadal pozostaj\u0105 na W\u0119grzech. Ofiary zgin\u0119\u0142y w tragicznym wypadku autokaru na autostradzie M3. Brak zako\u0144czonych formalno\u015bci uniemo\u017cliwia wyznaczenie termin\u00f3w \n<a class=\"moretag\" href=\"https:\/\/lifevery.biz.ua\/?p=21174\"> [...]<\/a>","protected":false},"author":1,"featured_media":21175,"comment_status":"open","ping_status":"open","sticky":false,"template":"","format":"standard","meta":{"footnotes":""},"categories":[1],"tags":[],"class_list":["post-21174","post","type-post","status-publish","format-standard","has-post-thumbnail","hentry","category-blog"],"_links":{"self":[{"href":"https:\/\/lifevery.biz.ua\/index.php?rest_route=\/wp\/v2\/posts\/21174","targetHints":{"allow":["GET"]}}],"collection":[{"href":"https:\/\/lifevery.biz.ua\/index.php?rest_route=\/wp\/v2\/posts"}],"about":[{"href":"https:\/\/lifevery.biz.ua\/index.php?rest_route=\/wp\/v2\/types\/post"}],"author":[{"embeddable":true,"href":"https:\/\/lifevery.biz.ua\/index.php?rest_route=\/wp\/v2\/users\/1"}],"replies":[{"embeddable":true,"href":"https:\/\/lifevery.biz.ua\/index.php?rest_route=%2Fwp%2Fv2%2Fcomments&post=21174"}],"version-history":[{"count":1,"href":"https:\/\/lifevery.biz.ua\/index.php?rest_route=\/wp\/v2\/posts\/21174\/revisions"}],"predecessor-version":[{"id":21176,"href":"https:\/\/lifevery.biz.ua\/index.php?rest_route=\/wp\/v2\/posts\/21174\/revisions\/21176"}],"wp:featuredmedia":[{"embeddable":true,"href":"https:\/\/lifevery.biz.ua\/index.php?rest_route=\/wp\/v2\/media\/21175"}],"wp:attachment":[{"href":"https:\/\/lifevery.biz.ua\/index.php?rest_route=%2Fwp%2Fv2%2Fmedia&parent=21174"}],"wp:term":[{"taxonomy":"category","embeddable":true,"href":"https:\/\/lifevery.biz.ua\/index.php?rest_route=%2Fwp%2Fv2%2Fcategories&post=21174"},{"taxonomy":"post_tag","embeddable":true,"href":"https:\/\/lifevery.biz.ua\/index.php?rest_route=%2Fwp%2Fv2%2Ftags&post=21174"}],"curies":[{"name":"wp","href":"https:\/\/api.w.org\/{rel}","templated":true}]}}