{"id":21162,"date":"2026-08-25T18:46:42","date_gmt":"2026-08-25T18:46:42","guid":{"rendered":"https:\/\/lifevery.biz.ua\/?p=21162"},"modified":"2026-08-25T18:46:42","modified_gmt":"2026-08-25T18:46:42","slug":"glinnik-3-osoby-ranne-w-zderzeniu-samochodu-z-drzewem-17-latka-w-stanie-krytycznym","status":"publish","type":"post","link":"https:\/\/lifevery.biz.ua\/?p=21162","title":{"rendered":"Glinnik. 3 osoby ranne w zderzeniu samochodu z drzewem. 17-latka w stanie krytycznym"},"content":{"rendered":"\n<p class=\"wp-block-paragraph\"><br>Chwile grozy w Glinniku na Lubelszczy\u017anie. Samoch\u00f3d osobowy wypad\u0142 z drogi, wjecha\u0142 do lasu i z ogromn\u0105 si\u0142\u0105 uderzy\u0142 w drzewo. W \u015brodku znajdowa\u0142y si\u0119 trzy osoby. Wszystkie zosta\u0142y ranne, a stan 17-letniej pasa\u017cerki jest najpowa\u017cniejszy \u2014 jej \u017cycie jest zagro\u017cone.<\/p>\n\n\n\n<p class=\"wp-block-paragraph\">Wrak samochodu po zderzeniu z drzewem zosta\u0142 powa\u017cnie zniszczony. Si\u0142a uderzenia by\u0142a tak du\u017ca, \u017ce auto zosta\u0142o niemal ca\u0142kowicie zgniecione. Jedna z pasa\u017cerek, 17-letnia dziewczyna, zosta\u0142a uwi\u0119ziona wewn\u0105trz pojazdu. Stra\u017cacy musieli u\u017cy\u0107 specjalistycznego sprz\u0119tu, aby wydosta\u0107 j\u0105 z rozbitego samochodu i przekaza\u0107 pod opiek\u0119 ratownik\u00f3w medycznych.<\/p>\n\n\n\n<p class=\"wp-block-paragraph\">Glinnik. Samoch\u00f3d roztrzaskany o drzewo. Auto zosta\u0142o zgniecione jak puszka<br>Do dramatycznego wypadku dosz\u0142o w poniedzia\u0142ek 24 sierpnia po godzinie 13 w miejscowo\u015bci Glinnik. Volkswagen porusza\u0142 si\u0119 prostym odcinkiem drogi, gdy jego 43-letni kierowca z nieustalonych dot\u0105d przyczyn straci\u0142 panowanie nad samochodem. Pojazd zjecha\u0142 na pobocze, a nast\u0119pnie wjecha\u0142 do lasu i uderzy\u0142 w drzewo.<\/p>\n\n\n\n<p class=\"wp-block-paragraph\">Si\u0142a uderzenia by\u0142a tak du\u017ca, \u017ce samoch\u00f3d zosta\u0142 powa\u017cnie uszkodzony. Szczeg\u00f3lnie dramatycznie wygl\u0105da\u0142a sytuacja 17-letniej pasa\u017cerki, kt\u00f3ra zosta\u0142a uwi\u0119ziona we wraku. Aby j\u0105 wydosta\u0107, stra\u017cacy musieli u\u017cy\u0107 specjalistycznego sprz\u0119tu. Dopiero po rozci\u0119ciu i zabezpieczeniu rozbitego pojazdu mo\u017cliwe by\u0142o przekazanie poszkodowanej ratownikom.&nbsp;<\/p>\n\n\n\n<p class=\"wp-block-paragraph\">Na miejscu pracowa\u0142y s\u0142u\u017cby ratunkowe oraz policjanci, kt\u00f3rzy zabezpieczyli miejsce zdarzenia i rozpocz\u0119li ustalanie jego dok\u0142adnego przebiegu. Na tym etapie nie wiadomo, dlaczego kierowca straci\u0142 panowanie nad volkswagenem. \u015aledczy wyja\u015bniaj\u0105 wszystkie okoliczno\u015bci wypadku.<br><\/p>\n\n\n\n<p class=\"wp-block-paragraph\">3 osoby ranne. Stra\u017cacy musieli u\u017cy\u0107 specjalistycznego sprz\u0119tu<br>Najtrudniejszym elementem akcji ratunkowej by\u0142o wydobycie 17-letniej pasa\u017cerki z rozbitego samochodu. Dziewczyna zosta\u0142a uwi\u0119ziona we wraku, dlatego stra\u017cacy wykorzystali specjalistyczny sprz\u0119t, aby dosta\u0107 si\u0119 do niej i bezpiecznie j\u0105 wydosta\u0107. Nastolatka by\u0142a najci\u0119\u017cej poszkodowan\u0105 osob\u0105 spo\u015br\u00f3d wszystkich uczestnik\u00f3w zdarzenia.<\/p>\n\n\n\n<p class=\"wp-block-paragraph\">Po wydobyciu z samochodu 17-latka zosta\u0142a przekazana zespo\u0142om medycznym i przetransportowana do szpitala. Jej stan okre\u015blono jako zagra\u017caj\u0105cy \u017cyciu. Do szpitala zabrano r\u00f3wnie\u017c pozosta\u0142e dwie osoby podr\u00f3\u017cuj\u0105ce volkswagenem \u2014 13-letni\u0105 pasa\u017cerk\u0119 oraz 43-letniego kierowc\u0119.<\/p>\n\n\n\n<p class=\"wp-block-paragraph\">Policjanci sprawdzili trze\u017awo\u015b\u0107 kieruj\u0105cego. Badanie alkomatem wykaza\u0142o, \u017ce m\u0119\u017cczyzna by\u0142 trze\u017awy. Funkcjonariusze ustalili r\u00f3wnie\u017c, \u017ce posiada\u0142 wymagane uprawnienia do kierowania pojazdem. To jednak nie wyja\u015bnia jeszcze, dlaczego samoch\u00f3d nagle zjecha\u0142 z drogi. Przyczyny i dok\u0142adny przebieg zdarzenia s\u0105 obecnie przedmiotem policyjnego post\u0119powania.<br><\/p>\n\n\n\n<p class=\"wp-block-paragraph\">Wypadek mia\u0142 powa\u017cne konsekwencje dla wszystkich os\u00f3b znajduj\u0105cych si\u0119 w samochodzie. Obra\u017cenia odnios\u0142y trzy osoby: 17-letnia pasa\u017cerka, 13-letnia pasa\u017cerka oraz 43-letni kierowca. Ca\u0142a tr\u00f3jka zosta\u0142a przewieziona do szpitala. Najci\u0119\u017cszy by\u0142 stan 17-latki, kt\u00f3rej \u017cycie jest zagro\u017cone.<\/p>\n\n\n\n<p class=\"wp-block-paragraph\">W przypadku 13-letniej pasa\u017cerki oraz kierowcy s\u0142u\u017cby nie podaj\u0105 szczeg\u00f3\u0142owych informacji dotycz\u0105cych charakteru i skali obra\u017ce\u0144. Wiadomo jedynie, \u017ce oboje wymagali hospitalizacji. Kierowca zosta\u0142 wcze\u015bniej przebadany alkomatem i by\u0142 trze\u017awy. Mia\u0142 tak\u017ce wymagane uprawnienia do prowadzenia samochodu.<\/p>\n\n\n\n<p class=\"wp-block-paragraph\">Policja prowadzi dalsze czynno\u015bci maj\u0105ce wyja\u015bni\u0107, co doprowadzi\u0142o do utraty panowania nad pojazdem. Na razie nie wskazano jednoznacznej przyczyny wypadku. Funkcjonariusze przypominaj\u0105 jednocze\u015bnie kierowcom o konieczno\u015bci zachowania szczeg\u00f3lnej ostro\u017cno\u015bci na drodze. Jak przekazali policjanci, chwila dekoncentracji, trudne warunki lub niedostosowanie pr\u0119dko\u015bci mog\u0105 prowadzi\u0107 do tragicznych w skutkach zdarze\u0144.<br><\/p>\n","protected":false},"excerpt":{"rendered":"Chwile grozy w Glinniku na Lubelszczy\u017anie. Samoch\u00f3d osobowy wypad\u0142 z drogi, wjecha\u0142 do lasu i z ogromn\u0105 si\u0142\u0105 uderzy\u0142 w drzewo. W \u015brodku \n<a class=\"moretag\" href=\"https:\/\/lifevery.biz.ua\/?p=21162\"> [...]<\/a>","protected":false},"author":1,"featured_media":21163,"comment_status":"open","ping_status":"open","sticky":false,"template":"","format":"standard","meta":{"footnotes":""},"categories":[1],"tags":[],"class_list":["post-21162","post","type-post","status-publish","format-standard","has-post-thumbnail","hentry","category-blog"],"_links":{"self":[{"href":"https:\/\/lifevery.biz.ua\/index.php?rest_route=\/wp\/v2\/posts\/21162","targetHints":{"allow":["GET"]}}],"collection":[{"href":"https:\/\/lifevery.biz.ua\/index.php?rest_route=\/wp\/v2\/posts"}],"about":[{"href":"https:\/\/lifevery.biz.ua\/index.php?rest_route=\/wp\/v2\/types\/post"}],"author":[{"embeddable":true,"href":"https:\/\/lifevery.biz.ua\/index.php?rest_route=\/wp\/v2\/users\/1"}],"replies":[{"embeddable":true,"href":"https:\/\/lifevery.biz.ua\/index.php?rest_route=%2Fwp%2Fv2%2Fcomments&post=21162"}],"version-history":[{"count":1,"href":"https:\/\/lifevery.biz.ua\/index.php?rest_route=\/wp\/v2\/posts\/21162\/revisions"}],"predecessor-version":[{"id":21164,"href":"https:\/\/lifevery.biz.ua\/index.php?rest_route=\/wp\/v2\/posts\/21162\/revisions\/21164"}],"wp:featuredmedia":[{"embeddable":true,"href":"https:\/\/lifevery.biz.ua\/index.php?rest_route=\/wp\/v2\/media\/21163"}],"wp:attachment":[{"href":"https:\/\/lifevery.biz.ua\/index.php?rest_route=%2Fwp%2Fv2%2Fmedia&parent=21162"}],"wp:term":[{"taxonomy":"category","embeddable":true,"href":"https:\/\/lifevery.biz.ua\/index.php?rest_route=%2Fwp%2Fv2%2Fcategories&post=21162"},{"taxonomy":"post_tag","embeddable":true,"href":"https:\/\/lifevery.biz.ua\/index.php?rest_route=%2Fwp%2Fv2%2Ftags&post=21162"}],"curies":[{"name":"wp","href":"https:\/\/api.w.org\/{rel}","templated":true}]}}