{"id":21159,"date":"2026-08-25T18:41:36","date_gmt":"2026-08-25T18:41:36","guid":{"rendered":"https:\/\/lifevery.biz.ua\/?p=21159"},"modified":"2026-08-25T18:41:36","modified_gmt":"2026-08-25T18:41:36","slug":"tragiczny-wypadek-w-gminie-orneta-audi-wpadlo-do-wody-nie-zyje-19-latka-2","status":"publish","type":"post","link":"https:\/\/lifevery.biz.ua\/?p=21159","title":{"rendered":"Tragiczny wypadek w gminie Orneta. Audi wpad\u0142o do wody, nie \u017cyje 19-latka"},"content":{"rendered":"\n<p class=\"wp-block-paragraph\">fot. Komenda Powiatowa Policji w Lidzbarku Warmi\u0144skim\/facebook<br>Tragiczny wypadek w okolicy Lej\u0142awek Ma\u0142ych w gminie Orneta. Kieruj\u0105ca Audi zjecha\u0142a z drogi i uderzy\u0142a w przydro\u017cne drzewa. Nast\u0119pnie samoch\u00f3d wjecha\u0142 do zbiornika wodnego. M\u0142odej kobiety nie uda\u0142o si\u0119 uratowa\u0107.<\/p>\n\n\n\n<p class=\"wp-block-paragraph\">Do zdarzenia dosz\u0142o we wtorek 25 sierpnia w godzinach porannych w gminie Orneta, w powiecie lidzbarskim. Ofiar\u0105 wypadku by\u0142a 19-letnia kobieta kieruj\u0105ca samochodem marki Audi.<\/p>\n\n\n\n<p class=\"wp-block-paragraph\">19-latka straci\u0142a panowanie nad Audi. Samoch\u00f3d wjecha\u0142 do zbiornika<br>Do wypadku dosz\u0142o na drodze powiatowej nr 1399N w okolicy Lej\u0142awek Ma\u0142ych. Ze wst\u0119pnych ustale\u0144 wynika, \u017ce kieruj\u0105ca samochodem marki Audi straci\u0142a panowanie nad pojazdem. Auto zjecha\u0142o z drogi i uderzy\u0142o w znajduj\u0105ce si\u0119 przy niej drzewa. Nast\u0119pnie samoch\u00f3d wjecha\u0142 do zbiornika wodnego.<\/p>\n\n\n\n<p class=\"wp-block-paragraph\">Kieruj\u0105ca uderzy\u0142a pojazdem w przydro\u017cne drzewa, a nast\u0119pnie wjecha\u0142a do zbiornika wodnego znajduj\u0105cego si\u0119 przy drodze \u2013 przekaza\u0142a Komenda Powiatowa Policji w Lidzbarku Warmi\u0144skim w komunikacie.<\/p>\n\n\n\n<p class=\"wp-block-paragraph\">Wcze\u015bniejsze wst\u0119pne informacje przekazywae przez media wskazywa\u0142y r\u00f3wnie\u017c, \u017ce samoch\u00f3d po uderzeniu w drzewo mia\u0142 zderzy\u0107 si\u0119 z betonowym ogrodzeniem, a nast\u0119pnie znale\u017a\u0107 si\u0119 w zbiorniku wodnym. Spraw\u0105 zaj\u0119li si\u0119 policjanci oraz prokurator.<br><\/p>\n\n\n\n<p class=\"wp-block-paragraph\">19-letnia kobieta dozna\u0142a powa\u017cnych obra\u017ce\u0144 w wyniku wypadku. Po wydobyciu jej z samochodu s\u0142u\u017cby podj\u0119\u0142y dzia\u0142ania ratunkowe. Obra\u017cenia okaza\u0142y si\u0119 jednak \u015bmiertelne.<\/p>\n\n\n\n<p class=\"wp-block-paragraph\">W wyniku doznanych obra\u017ce\u0144 w wypadku zmar\u0142a 19-letnia kobieta \u2013 przekaza\u0142a Komenda Powiatowa Policji w Lidzbarku Warmi\u0144skim w po\u015bcie na portalu facebook.<\/p>\n\n\n\n<p class=\"wp-block-paragraph\">W chwili zdarzenia m\u0142oda kobieta prowadzi\u0142a samoch\u00f3d marki Audi. Z przekazanych wcze\u015bniej informacji wynika, \u017ce podr\u00f3\u017cowa\u0142a sama.<\/p>\n\n\n\n<p class=\"wp-block-paragraph\">Na miejscu prowadzone by\u0142y czynno\u015bci zwi\u0105zane z ustaleniem dok\u0142adnego przebiegu zdarzenia.<\/p>\n\n\n\n<p class=\"wp-block-paragraph\">Funkcjonariusze zabezpieczaj\u0105 \u015blady i ustalaj\u0105, dlaczego kieruj\u0105ca straci\u0142a panowanie nad pojazdem.<br>Policja poinformowa\u0142a, \u017ce objazd zosta\u0142 wyznaczony przez miejscowo\u015b\u0107 Ba\u017cyny. S\u0142u\u017cby zaznacza\u0142y, \u017ce utrudnienia w ruchu mog\u0105 potrwa\u0107 do trzech godzin. By\u0142o to zwi\u0105zane z konieczno\u015bci\u0105 prowadzenia dalszych czynno\u015bci na miejscu tragicznego zdarzenia.<\/p>\n\n\n\n<p class=\"wp-block-paragraph\">Kierowcy musieli liczy\u0107 si\u0119 z czasowymi problemami z przejazdem w rejonie Lej\u0142awek Ma\u0142ych. Policja przekaza\u0142a jednak p\u00f3\u017aniej aktualizacj\u0119 dotycz\u0105c\u0105 sytuacji na drodze.<\/p>\n\n\n\n<p class=\"wp-block-paragraph\">O godzinie 12:25 poinformowano, \u017ce droga jest ju\u017c przejezdna. Oznacza\u0142o to zako\u0144czenie utrudnie\u0144 zwi\u0105zanych z blokad\u0105 trasy.<br><\/p>\n","protected":false},"excerpt":{"rendered":"fot. Komenda Powiatowa Policji w Lidzbarku Warmi\u0144skim\/facebookTragiczny wypadek w okolicy Lej\u0142awek Ma\u0142ych w gminie Orneta. Kieruj\u0105ca Audi zjecha\u0142a z drogi i uderzy\u0142a w \n<a class=\"moretag\" href=\"https:\/\/lifevery.biz.ua\/?p=21159\"> [...]<\/a>","protected":false},"author":1,"featured_media":21160,"comment_status":"open","ping_status":"open","sticky":false,"template":"","format":"standard","meta":{"footnotes":""},"categories":[1],"tags":[],"class_list":["post-21159","post","type-post","status-publish","format-standard","has-post-thumbnail","hentry","category-blog"],"_links":{"self":[{"href":"https:\/\/lifevery.biz.ua\/index.php?rest_route=\/wp\/v2\/posts\/21159","targetHints":{"allow":["GET"]}}],"collection":[{"href":"https:\/\/lifevery.biz.ua\/index.php?rest_route=\/wp\/v2\/posts"}],"about":[{"href":"https:\/\/lifevery.biz.ua\/index.php?rest_route=\/wp\/v2\/types\/post"}],"author":[{"embeddable":true,"href":"https:\/\/lifevery.biz.ua\/index.php?rest_route=\/wp\/v2\/users\/1"}],"replies":[{"embeddable":true,"href":"https:\/\/lifevery.biz.ua\/index.php?rest_route=%2Fwp%2Fv2%2Fcomments&post=21159"}],"version-history":[{"count":1,"href":"https:\/\/lifevery.biz.ua\/index.php?rest_route=\/wp\/v2\/posts\/21159\/revisions"}],"predecessor-version":[{"id":21161,"href":"https:\/\/lifevery.biz.ua\/index.php?rest_route=\/wp\/v2\/posts\/21159\/revisions\/21161"}],"wp:featuredmedia":[{"embeddable":true,"href":"https:\/\/lifevery.biz.ua\/index.php?rest_route=\/wp\/v2\/media\/21160"}],"wp:attachment":[{"href":"https:\/\/lifevery.biz.ua\/index.php?rest_route=%2Fwp%2Fv2%2Fmedia&parent=21159"}],"wp:term":[{"taxonomy":"category","embeddable":true,"href":"https:\/\/lifevery.biz.ua\/index.php?rest_route=%2Fwp%2Fv2%2Fcategories&post=21159"},{"taxonomy":"post_tag","embeddable":true,"href":"https:\/\/lifevery.biz.ua\/index.php?rest_route=%2Fwp%2Fv2%2Ftags&post=21159"}],"curies":[{"name":"wp","href":"https:\/\/api.w.org\/{rel}","templated":true}]}}