{"id":21145,"date":"2026-08-25T08:11:55","date_gmt":"2026-08-25T08:11:55","guid":{"rendered":"https:\/\/lifevery.biz.ua\/?p=21145"},"modified":"2026-08-25T08:11:55","modified_gmt":"2026-08-25T08:11:55","slug":"tusk-o-zatrzymaniu-podejrzanego-ws-nord-stream-ostra-reakcja-rosyjskiego-senatora-na-slowa-premiera","status":"publish","type":"post","link":"https:\/\/lifevery.biz.ua\/?p=21145","title":{"rendered":"Tusk o zatrzymaniu podejrzanego ws. Nord Stream. Ostra reakcja rosyjskiego senatora na s\u0142owa premiera"},"content":{"rendered":"\n<p class=\"wp-block-paragraph\">Donald Tusk, fot. ANDRZEJ IWANCZUK\/REPORTER<br>Rosyjski senator W\u0142adimir D\u017cabarow ostro zaatakowa\u0142 Donalda Tuska. Powodem by\u0142y s\u0142owa premiera Polski o wysadzeniu gazoci\u0105gu Nord Stream. Tusk skrytykowa\u0142 Niemcy za zatrzymanie Wo\u0142odymyra \u017burawlowa. Do wypowiedzi polskiego premiera odni\u00f3s\u0142 si\u0119 r\u00f3wnie\u017c Kreml.<\/p>\n\n\n\n<p class=\"wp-block-paragraph\">Sprawa dotyczy podejrzanego o udzia\u0142 w wysadzeniu gazoci\u0105gu Nord Stream Wo\u0142odymyra \u017burawlowa. Donald Tusk zabra\u0142 g\u0142os w zwi\u0105zku z jego zatrzymaniem przez Niemcy. Premier przedstawi\u0142 przy tym swoje stanowisko wobec os\u00f3b podejmuj\u0105cych dzia\u0142ania po rosyjskiej napa\u015bci na ich kraj. Jego wypowied\u017a wywo\u0142a\u0142a ostr\u0105 reakcj\u0119 przedstawicieli Rosji.<\/p>\n\n\n\n<p class=\"wp-block-paragraph\">Donald Tusk o Nord Stream. Skrytykowa\u0142 dzia\u0142ania Niemiec<br>Donald Tusk odni\u00f3s\u0142 si\u0119 do zatrzymania Wo\u0142odymyra \u017burawlowa, podejrzanego o wysadzenie gazoci\u0105gu Nord Stream. Polski premier jasno skrytykowa\u0142 dzia\u0142ania strony niemieckiej w tej sprawie.<\/p>\n\n\n\n<p class=\"wp-block-paragraph\">\u2013 Niemcy nie powinni \u015bciga\u0107 tych, kt\u00f3rzy w sytuacji, kiedy ich kraj zosta\u0142 napadni\u0119ty, podejmuj\u0105 takie czy inne dzia\u0142ania \u2013 powiedzia\u0142 Donald Tusk.<\/p>\n\n\n\n<p class=\"wp-block-paragraph\">Szef polskiego rz\u0105du podkre\u015bli\u0142 jednocze\u015bnie, \u017ce nie zamierza zmienia\u0107 swojego stanowiska. Wskaza\u0142 te\u017c, kto jego zdaniem powinien ponosi\u0107 odpowiedzialno\u015b\u0107 polityczn\u0105 za powstanie Nord Stream.<\/p>\n\n\n\n<p class=\"wp-block-paragraph\">\u2013 Ja tu zdania nie zmieni\u0119 i uwa\u017cam, \u017ce wstydzi\u0107 powinni si\u0119 ci, kt\u00f3rzy wybudowali ten gazoci\u0105g, a nie ci, kt\u00f3rzy go unieruchomili \u2013 doda\u0142 premier.<\/p>\n\n\n\n<p class=\"wp-block-paragraph\">Te s\u0142owa sta\u0142y si\u0119 bezpo\u015brednim powodem reakcji ze strony Rosji. Szczeg\u00f3lnie ostro odpowiedzia\u0142 na nie rosyjski senator W\u0142adimir D\u017cabarow, kt\u00f3ry nie ograniczy\u0142 si\u0119 do krytyki stanowiska polskiego premiera.<br>Czytaj wi\u0119cej: <a href=\"https:\/\/goniec.pl\/tusk-o-zatrzymaniu-podejrzanego-ws-nord-stream-ostra-reakcja-rosyjskiego-senatora-na-slowa-premiera-wk-wwi-210826\">https:\/\/goniec.pl\/tusk-o-zatrzymaniu-podejrzanego-ws-nord-stream-ostra-reakcja-rosyjskiego-senatora-na-slowa-premiera-wk-wwi-210826<\/a><\/p>\n","protected":false},"excerpt":{"rendered":"Donald Tusk, fot. ANDRZEJ IWANCZUK\/REPORTERRosyjski senator W\u0142adimir D\u017cabarow ostro zaatakowa\u0142 Donalda Tuska. Powodem by\u0142y s\u0142owa premiera Polski o wysadzeniu gazoci\u0105gu Nord Stream. Tusk \n<a class=\"moretag\" href=\"https:\/\/lifevery.biz.ua\/?p=21145\"> [...]<\/a>","protected":false},"author":1,"featured_media":0,"comment_status":"open","ping_status":"open","sticky":false,"template":"","format":"standard","meta":{"footnotes":""},"categories":[1],"tags":[],"class_list":["post-21145","post","type-post","status-publish","format-standard","hentry","category-blog"],"_links":{"self":[{"href":"https:\/\/lifevery.biz.ua\/index.php?rest_route=\/wp\/v2\/posts\/21145","targetHints":{"allow":["GET"]}}],"collection":[{"href":"https:\/\/lifevery.biz.ua\/index.php?rest_route=\/wp\/v2\/posts"}],"about":[{"href":"https:\/\/lifevery.biz.ua\/index.php?rest_route=\/wp\/v2\/types\/post"}],"author":[{"embeddable":true,"href":"https:\/\/lifevery.biz.ua\/index.php?rest_route=\/wp\/v2\/users\/1"}],"replies":[{"embeddable":true,"href":"https:\/\/lifevery.biz.ua\/index.php?rest_route=%2Fwp%2Fv2%2Fcomments&post=21145"}],"version-history":[{"count":1,"href":"https:\/\/lifevery.biz.ua\/index.php?rest_route=\/wp\/v2\/posts\/21145\/revisions"}],"predecessor-version":[{"id":21146,"href":"https:\/\/lifevery.biz.ua\/index.php?rest_route=\/wp\/v2\/posts\/21145\/revisions\/21146"}],"wp:attachment":[{"href":"https:\/\/lifevery.biz.ua\/index.php?rest_route=%2Fwp%2Fv2%2Fmedia&parent=21145"}],"wp:term":[{"taxonomy":"category","embeddable":true,"href":"https:\/\/lifevery.biz.ua\/index.php?rest_route=%2Fwp%2Fv2%2Fcategories&post=21145"},{"taxonomy":"post_tag","embeddable":true,"href":"https:\/\/lifevery.biz.ua\/index.php?rest_route=%2Fwp%2Fv2%2Ftags&post=21145"}],"curies":[{"name":"wp","href":"https:\/\/api.w.org\/{rel}","templated":true}]}}