{"id":2107,"date":"2026-02-04T18:42:09","date_gmt":"2026-02-04T18:42:09","guid":{"rendered":"https:\/\/lifevery.biz.ua\/?p=2107"},"modified":"2026-02-04T18:42:09","modified_gmt":"2026-02-04T18:42:09","slug":"2-latka-postrzelona-sa-nowe-ustalenia-policji-i-oficjalny-komunikat-pzl","status":"publish","type":"post","link":"https:\/\/lifevery.biz.ua\/?p=2107","title":{"rendered":"2-latka postrzelona. S\u0105 nowe ustalenia policji i oficjalny komunikat PZ\u0141"},"content":{"rendered":"\n<p>Na Warmii i Mazurach dosz\u0142o do niebezpiecznego zdarzenia z u\u017cyciem broni palnej, w wyniku kt\u00f3rego ucierpia\u0142o dwuletnie dziecko. S\u0142u\u017cby mundurowe oraz przedstawiciele Polskiego Zwi\u0105zku \u0141owieckiego natychmiast podj\u0119li dzia\u0142ania maj\u0105ce na celu wyja\u015bnienie wszystkich okoliczno\u015bci tego wypadku. Obecnie trwaj\u0105 czynno\u015bci procesowe pod nadzorem prokuratury.<\/p>\n\n\n\n<p>Przebieg zdarzenia w gminie Pasym<br>Ustalenia \u015bledczych na miejscu wypadku<br>Reakcja i o\u015bwiadczenie Polskiego Zwi\u0105zku \u0141owieckiego<br>Stan zdrowia poszkodowanej dziewczynki<br>Przebieg zdarzenia w gminie Pasym<br>Do wypadku dosz\u0142o w niedzielny wiecz\u00f3r, 25 stycznia 2026 roku, w jednym z budynk\u00f3w mieszkalnych na terenie miejscowo\u015bci Tylkowo. Wewn\u0105trz lokalu pad\u0142 niekontrolowany strza\u0142 z broni my\u015bliwskiej, kt\u00f3ry rani\u0142 dwuletni\u0105 dziewczynk\u0119 przebywaj\u0105c\u0105 w tym czasie pod opiek\u0105 doros\u0142ych. Na miejsce natychmiast wezwano s\u0142u\u017cby ratunkowe oraz policj\u0119, aby udzieli\u0107 pomocy poszkodowanej i zabezpieczy\u0107 \u015blady zdarzenia.&nbsp;<\/p>\n\n\n\n<p>Sytuacja wywo\u0142a\u0142a ogromne poruszenie w\u015br\u00f3d lokalnej spo\u0142eczno\u015bci, zw\u0142aszcza \u017ce incydent mia\u0142 miejsce w bezpiecznej przestrzeni domowej, a nie na terenie le\u015bnym podczas polowania czy rutynowych \u0107wicze\u0144 strzeleckich na profesjonalnej strzelnicy.<br><\/p>\n\n\n\n<p>Ustalenia \u015bledczych na miejscu wypadku<br>Z oficjalnych komunikat\u00f3w Komendy Powiatowej Policji w Szczytnie wynika, \u017ce w\u0142a\u015bcicielem broni jest 51-letni m\u0119\u017cczyzna, b\u0119d\u0105cy dziadkiem rannej dziewczynki. Funkcjonariusze potwierdzili, \u017ce jest on do\u015bwiadczonym my\u015bliwym i posiada wszelkie niezb\u0119dne zezwolenia na posiadanie dw\u00f3ch jednostek broni palnej. W momencie oddania przypadkowego strza\u0142u w mieszkaniu znajdowa\u0142a si\u0119 r\u00f3wnie\u017c matka dziecka.&nbsp;<\/p>\n\n\n\n<p>Przeprowadzone przez policjant\u00f3w badanie alkomatem wykaza\u0142o, \u017ce oboje opiekunowie byli ca\u0142kowicie trze\u017awi. Obecnie \u015bledczy szczeg\u00f3\u0142owo badaj\u0105 przyczyny tego nieszcz\u0119\u015bliwego wypadku oraz sprawdzaj\u0105, czy bro\u0144 by\u0142a przechowywana i zabezpieczona zgodnie z rygorystycznymi, obowi\u0105zuj\u0105cymi w Polsce przepisami dotycz\u0105cymi bezpiecze\u0144stwa posiadaczy broni.<br><\/p>\n\n\n\n<p>Reakcja i o\u015bwiadczenie Polskiego Zwi\u0105zku \u0141owieckiego<br>G\u0142os w sprawie zabra\u0142 r\u00f3wnie\u017c Polski Zwi\u0105zek \u0141owiecki, kt\u00f3ry w oficjalnym o\u015bwiadczeniu wyrazi\u0142 g\u0142\u0119bokie ubolewanie z powodu zaistnia\u0142ej sytuacji. Organizacja potwierdzi\u0142a, \u017ce incydent dotyczy jednego z ich cz\u0142onk\u00f3w i zapowiedzia\u0142a wyci\u0105gni\u0119cie surowych konsekwencji dyscyplinarnych wobec m\u0119\u017cczyzny.&nbsp;<\/p>\n\n\n\n<p>Sprawa zosta\u0142a ju\u017c skierowana do okr\u0119gowego rzecznika dyscyplinarnego, kt\u00f3ry po zako\u0144czeniu wszystkich niezb\u0119dnych ustale\u0144 podejmie dalsze kroki prawne. Przedstawiciele zwi\u0105zku podkre\u015blaj\u0105, \u017ce dla ich spo\u0142eczno\u015bci zasady bezpiecze\u0144stwa oraz odpowiedzialnego obchodzenia si\u0119 z broni\u0105 paln\u0105 s\u0105 kwestiami nadrz\u0119dnymi i nie ma miejsca na \u017cadne ust\u0119pstwa w tej materii, deklaruj\u0105c przy tym pe\u0142n\u0105 wsp\u00f3\u0142prac\u0119 ze s\u0142u\u017cbami.<\/p>\n\n\n\n<p>Jako organizacja zrzeszaj\u0105ca osoby wykonuj\u0105ce legalne polowania&nbsp;i uprawnione&nbsp;do posiadania broni, podkre\u015blamy, \u017ce bezpiecze\u0144stwo, odpowiedzialno\u015b\u0107 i przestrzeganie przepis\u00f3w s\u0105&nbsp;dla nas&nbsp;zasadami nadrz\u0119dnymi [\u2026] Polski Zwi\u0105zek \u0141owiecki z\u0142o\u017cy zawiadomienie do w\u0142a\u015bciwego okr\u0119gowego rzecznika dyscyplinarnego w celu wyja\u015bnienia tego nieszcz\u0119\u015bliwego zdarzenia. Nast\u0119pnie&nbsp;rzecznik&nbsp;po dokonaniu ustale\u0144 podejmie stosowne dzia\u0142ania dyscyplinarne. &#8211; Przekaza\u0142 PZ\u0141.<\/p>\n\n\n\n<p>Stan zdrowia poszkodowanej dziewczynki<br>Najwa\u017cniejsze informacje dotycz\u0105 jednak stanu zdrowia ma\u0142ej pacjentki, kt\u00f3ra bezpo\u015brednio po zdarzeniu zosta\u0142a przetransportowana do szpitala z ran\u0105 postrza\u0142ow\u0105 stopy. Jak informuj\u0105 \u017ar\u00f3d\u0142a policyjne oraz przedstawiciele medyczni, stan dziewczynki jest obecnie okre\u015blany jako stabilny i, co najwa\u017cniejsze, jej \u017cyciu nie zagra\u017ca bezpo\u015brednie niebezpiecze\u0144stwo. Dziecko pozostaje pod sta\u0142\u0105 opiek\u0105 lekarzy specjalist\u00f3w, kt\u00f3rzy monitoruj\u0105 proces gojenia si\u0119 rany i og\u00f3ln\u0105 kondycj\u0119 pacjentki.&nbsp;<\/p>\n\n\n\n<p>Cho\u0107 fizyczne skutki wypadku s\u0105 pod kontrol\u0105, ca\u0142e zdarzenie stanowi traumatyczne do\u015bwiadczenie dla rodziny. Policja kontynuuje przes\u0142uchania \u015bwiadk\u00f3w, aby dok\u0142adnie odtworzy\u0107 sekwencj\u0119 wydarze\u0144, kt\u00f3ra doprowadzi\u0142a do tak gro\u017anego wystrza\u0142u w zamkni\u0119tym pomieszczeniu.<br><\/p>\n","protected":false},"excerpt":{"rendered":"Na Warmii i Mazurach dosz\u0142o do niebezpiecznego zdarzenia z u\u017cyciem broni palnej, w wyniku kt\u00f3rego ucierpia\u0142o dwuletnie dziecko. S\u0142u\u017cby mundurowe oraz przedstawiciele Polskiego \n<a class=\"moretag\" href=\"https:\/\/lifevery.biz.ua\/?p=2107\"> [...]<\/a>","protected":false},"author":1,"featured_media":2108,"comment_status":"open","ping_status":"open","sticky":false,"template":"","format":"standard","meta":{"footnotes":""},"categories":[1],"tags":[],"class_list":["post-2107","post","type-post","status-publish","format-standard","has-post-thumbnail","hentry","category-blog"],"_links":{"self":[{"href":"https:\/\/lifevery.biz.ua\/index.php?rest_route=\/wp\/v2\/posts\/2107","targetHints":{"allow":["GET"]}}],"collection":[{"href":"https:\/\/lifevery.biz.ua\/index.php?rest_route=\/wp\/v2\/posts"}],"about":[{"href":"https:\/\/lifevery.biz.ua\/index.php?rest_route=\/wp\/v2\/types\/post"}],"author":[{"embeddable":true,"href":"https:\/\/lifevery.biz.ua\/index.php?rest_route=\/wp\/v2\/users\/1"}],"replies":[{"embeddable":true,"href":"https:\/\/lifevery.biz.ua\/index.php?rest_route=%2Fwp%2Fv2%2Fcomments&post=2107"}],"version-history":[{"count":1,"href":"https:\/\/lifevery.biz.ua\/index.php?rest_route=\/wp\/v2\/posts\/2107\/revisions"}],"predecessor-version":[{"id":2109,"href":"https:\/\/lifevery.biz.ua\/index.php?rest_route=\/wp\/v2\/posts\/2107\/revisions\/2109"}],"wp:featuredmedia":[{"embeddable":true,"href":"https:\/\/lifevery.biz.ua\/index.php?rest_route=\/wp\/v2\/media\/2108"}],"wp:attachment":[{"href":"https:\/\/lifevery.biz.ua\/index.php?rest_route=%2Fwp%2Fv2%2Fmedia&parent=2107"}],"wp:term":[{"taxonomy":"category","embeddable":true,"href":"https:\/\/lifevery.biz.ua\/index.php?rest_route=%2Fwp%2Fv2%2Fcategories&post=2107"},{"taxonomy":"post_tag","embeddable":true,"href":"https:\/\/lifevery.biz.ua\/index.php?rest_route=%2Fwp%2Fv2%2Ftags&post=2107"}],"curies":[{"name":"wp","href":"https:\/\/api.w.org\/{rel}","templated":true}]}}