{"id":2065,"date":"2026-02-04T11:13:45","date_gmt":"2026-02-04T11:13:45","guid":{"rendered":"https:\/\/lifevery.biz.ua\/?p=2065"},"modified":"2026-02-04T11:13:45","modified_gmt":"2026-02-04T11:13:45","slug":"z-samego-rana-policja-wydala-komunikat-ws-ataku-nozownika-w-ustce-ujawniono-informacje-o-sprawcy","status":"publish","type":"post","link":"https:\/\/lifevery.biz.ua\/?p=2065","title":{"rendered":"Z samego rana policja wyda\u0142a komunikat ws. ataku no\u017cownika w Ustce. Ujawniono informacje o sprawcy"},"content":{"rendered":"\n<p>S\u0142u\u017cby mundurowe opublikowa\u0142y oficjalne o\u015bwiadczenie dotycz\u0105ce wstrz\u0105saj\u0105cych wydarze\u0144, do kt\u00f3rych dosz\u0142o w poniedzia\u0142kowy wiecz\u00f3r w jednym z mieszka\u0144 w Ustce. Poni\u017csze informacje zosta\u0142y przygotowane na podstawie porannego komunikatu pomorskiej policji oraz relacji \u015bwiadk\u00f3w zdarzenia.<\/p>\n\n\n\n<p>Krwawy fina\u0142 domowej awantury<br>Napastnik to funkcjonariusz s\u0142u\u017cb pa\u0144stwowych<br>Tragiczny bilans i stan os\u00f3b poszkodowanych<br>Intensywne \u015bledztwo pod nadzorem prokuratora<br>Krwawy fina\u0142 domowej awantury<br>Dramat rozpocz\u0105\u0142 si\u0119 w poniedzia\u0142kowy wiecz\u00f3r w jednym z blok\u00f3w przy ulicy Ba\u0142tyckiej. Jak czytamy w oficjalnym komunikacie s\u0142u\u017cb, oko\u0142o godziny 21:30 policjanci otrzymali zg\u0142oszenie o awanturze w jednym z mieszka\u0144 w Ustce, co wymusi\u0142o natychmiastow\u0105 interwencj\u0119.&nbsp;<\/p>\n\n\n\n<p>Po si\u0142owym wej\u015bciu do lokalu funkcjonariusze zastali makabryczny widok i musieli dzia\u0142a\u0107 b\u0142yskawicznie, aby zapobiec dalszemu rozlewowi krwi. Na miejscu obezw\u0142adniono 44-letniego m\u0119\u017cczyzn\u0119, kt\u00f3ry w przyp\u0142ywie agresji zaatakowa\u0142 swoich najbli\u017cszych przy u\u017cyciu no\u017ca. Ca\u0142a okolica zosta\u0142a odci\u0119ta kordonem policji, a na miejscu przez wiele godzin pracowa\u0142y liczne s\u0142u\u017cby ratunkowe.<br><\/p>\n\n\n\n<p>Napastnik to funkcjonariusz s\u0142u\u017cb pa\u0144stwowych<br>Najbardziej wstrz\u0105saj\u0105cym faktem ujawnionym przez \u015bledczych jest status zawodowy zatrzymanego m\u0119\u017cczyzny. Policja oficjalnie potwierdzi\u0142a w porannym raporcie, \u017ce sprawca tragedii jest funkcjonariuszem SOP, kt\u00f3ry przebywa\u0142 w Ustce na urlopie wypoczynkowym wraz z ca\u0142\u0105 rodzin\u0105. Po obezw\u0142adnieniu napastnik r\u00f3wnie\u017c wymaga\u0142 pomocy medycznej ze wzgl\u0119du na rany, kt\u00f3re zada\u0142 samemu sobie w trakcie zdarzenia.&nbsp;<\/p>\n\n\n\n<p>W komunikacie zaznaczono, \u017ce m\u0119\u017cczyzna zosta\u0142 zatrzymany i w asy\u015bcie policjant\u00f3w r\u00f3wnie\u017c zosta\u0142 zabrany do szpitala. Formacja, w kt\u00f3rej s\u0142u\u017cy\u0142 44-latek, zapowiedzia\u0142a ju\u017c podj\u0119cie radykalnych krok\u00f3w dyscyplinarnych i pe\u0142n\u0105 wsp\u00f3\u0142prac\u0119 z organami \u015bcigania.<br><\/p>\n\n\n\n<p>Intensywne \u015bledztwo pod nadzorem prokuratora<br>Obecnie wszystkie si\u0142y policji i prokuratury s\u0105 skoncentrowane na dok\u0142adnym odtworzeniu przebiegu oraz motyw\u00f3w tego krwawego zdarzenia. W najnowszym o\u015bwiadczeniu podkre\u015blono, \u017ce w tej chwili trwaj\u0105 czynno\u015bci procesowe pod nadzorem prokuratora, maj\u0105ce na celu zabezpieczenie wszelkich mo\u017cliwych dowod\u00f3w winy 44-latka. \u015aledczy pracuj\u0105 nad sformu\u0142owaniem zarzut\u00f3w zab\u00f3jstwa oraz wielokrotnego usi\u0142owania zab\u00f3jstwa, co w polskim prawie jest zagro\u017cone kar\u0105 do\u017cywotniego pozbawienia wolno\u015bci.&nbsp;<\/p>\n\n\n\n<p>Sprawa ta wywo\u0142a\u0142a ogromne poruszenie na szczeblach rz\u0105dowych, a Ministerstwo Spraw Wewn\u0119trznych i Administracji oczekuje na szczeg\u00f3\u0142owy raport dotycz\u0105cy kondycji psychicznej funkcjonariusza SOP. Kolejne oficjalne komunikaty maj\u0105 by\u0107 publikowane sukcesywnie wraz z post\u0119pami w przes\u0142uchaniach.<br><\/p>\n","protected":false},"excerpt":{"rendered":"S\u0142u\u017cby mundurowe opublikowa\u0142y oficjalne o\u015bwiadczenie dotycz\u0105ce wstrz\u0105saj\u0105cych wydarze\u0144, do kt\u00f3rych dosz\u0142o w poniedzia\u0142kowy wiecz\u00f3r w jednym z mieszka\u0144 w Ustce. Poni\u017csze informacje zosta\u0142y \n<a class=\"moretag\" href=\"https:\/\/lifevery.biz.ua\/?p=2065\"> [...]<\/a>","protected":false},"author":1,"featured_media":2066,"comment_status":"open","ping_status":"open","sticky":false,"template":"","format":"standard","meta":{"footnotes":""},"categories":[1],"tags":[],"class_list":["post-2065","post","type-post","status-publish","format-standard","has-post-thumbnail","hentry","category-blog"],"_links":{"self":[{"href":"https:\/\/lifevery.biz.ua\/index.php?rest_route=\/wp\/v2\/posts\/2065","targetHints":{"allow":["GET"]}}],"collection":[{"href":"https:\/\/lifevery.biz.ua\/index.php?rest_route=\/wp\/v2\/posts"}],"about":[{"href":"https:\/\/lifevery.biz.ua\/index.php?rest_route=\/wp\/v2\/types\/post"}],"author":[{"embeddable":true,"href":"https:\/\/lifevery.biz.ua\/index.php?rest_route=\/wp\/v2\/users\/1"}],"replies":[{"embeddable":true,"href":"https:\/\/lifevery.biz.ua\/index.php?rest_route=%2Fwp%2Fv2%2Fcomments&post=2065"}],"version-history":[{"count":1,"href":"https:\/\/lifevery.biz.ua\/index.php?rest_route=\/wp\/v2\/posts\/2065\/revisions"}],"predecessor-version":[{"id":2067,"href":"https:\/\/lifevery.biz.ua\/index.php?rest_route=\/wp\/v2\/posts\/2065\/revisions\/2067"}],"wp:featuredmedia":[{"embeddable":true,"href":"https:\/\/lifevery.biz.ua\/index.php?rest_route=\/wp\/v2\/media\/2066"}],"wp:attachment":[{"href":"https:\/\/lifevery.biz.ua\/index.php?rest_route=%2Fwp%2Fv2%2Fmedia&parent=2065"}],"wp:term":[{"taxonomy":"category","embeddable":true,"href":"https:\/\/lifevery.biz.ua\/index.php?rest_route=%2Fwp%2Fv2%2Fcategories&post=2065"},{"taxonomy":"post_tag","embeddable":true,"href":"https:\/\/lifevery.biz.ua\/index.php?rest_route=%2Fwp%2Fv2%2Ftags&post=2065"}],"curies":[{"name":"wp","href":"https:\/\/api.w.org\/{rel}","templated":true}]}}