{"id":2059,"date":"2026-02-04T04:13:13","date_gmt":"2026-02-04T04:13:13","guid":{"rendered":"https:\/\/lifevery.biz.ua\/?p=2059"},"modified":"2026-02-04T04:13:13","modified_gmt":"2026-02-04T04:13:13","slug":"tragedia-w-ustce-stanowcze-dzialania-sop-i-mswia-po-smierci-4-latki","status":"publish","type":"post","link":"https:\/\/lifevery.biz.ua\/?p=2059","title":{"rendered":"Tragedia w Ustce: Stanowcze dzia\u0142ania SOP i MSWiA po \u015bmierci 4-latki"},"content":{"rendered":"\n<p>S\u0142upska prokuratura oraz Ministerstwo Spraw Wewn\u0119trznych i Administracji prowadz\u0105 intensywne dzia\u0142ania w zwi\u0105zku z tragicznym incydentem w nadmorskim kurorcie. Wed\u0142ug oficjalnych informacji przekazanych przez agencj\u0119 PAP oraz \u015bledczych, kluczowe decyzje procesowe dotycz\u0105ce sprawcy maj\u0105 zapa\u015b\u0107 w ci\u0105gu najbli\u017cszych godzin, a sprawa jest traktowana priorytetowo przez najwy\u017csze organy pa\u0144stwowe.<\/p>\n\n\n\n<p>Brutalny atak no\u017cownika w nadmorskim kurorcie<br>Do\u015bwiadczony funkcjonariusz pod lup\u0105 Biura Nadzoru Wewn\u0119trznego<br>Harmonogram dzia\u0142a\u0144 prokuratury i termin postawienia zarzut\u00f3w<br>Oficjalny komunikat SOP i MSWiA oraz pomoc dla rodziny<br>Brutalny atak no\u017cownika w nadmorskim kurorcie<br>W poniedzia\u0142ek p\u00f3\u017anym wieczorem w jednym z mieszka\u0144 w Ustce dosz\u0142o do wstrz\u0105saj\u0105cej zbrodni, kt\u00f3ra poch\u0142on\u0119\u0142a \u017cycie najm\u0142odszego cz\u0142onka rodziny. Czterdziestoczteroletni m\u0119\u017cczyzna, u\u017cywaj\u0105c no\u017ca, zaatakowa\u0142 pi\u0119cioro swoich bliskich oraz zada\u0142 rany samemu sobie, co doprowadzi\u0142o do natychmiastowej interwencji s\u0142u\u017cb ratunkowych i policji.&nbsp;<\/p>\n\n\n\n<p>Mimo desperackiej akcji ratunkowej, \u017cycia 4-letniej dziewczynki nie uda\u0142o si\u0119 uratowa\u0107. Pozostali ranni \u2013 \u017cona sprawcy, kt\u00f3ra jest w stanie ci\u0119\u017ckim, oraz jej rodzice \u2013 zostali przetransportowani do szpitali w S\u0142upsku i S\u0142awnie. Na miejscu zdarzenia \u015bledczy zabezpieczyli materia\u0142 dowodowy, staraj\u0105c si\u0119 zrekonstruowa\u0107 przebieg tych dramatycznych minut, kt\u00f3re doprowadzi\u0142y do rozpadu rodziny i \u015bmierci dziecka.<br><\/p>\n\n\n\n<p>Do\u015bwiadczony funkcjonariusz pod lup\u0105 Biura Nadzoru Wewn\u0119trznego<br>Napastnikiem okaza\u0142 si\u0119 do\u015bwiadczony funkcjonariusz S\u0142u\u017cby Ochrony Pa\u0144stwa z 23-letnim sta\u017cem, kt\u00f3ry na co dzie\u0144 pe\u0142ni\u0142 s\u0142u\u017cb\u0119 w Warszawie, nie bior\u0105c jednak bezpo\u015bredniego udzia\u0142u w ochronie najwa\u017cniejszych os\u00f3b w pa\u0144stwie. Jak poinformowa\u0142 wicerzecznik MSWiA Tomasz Ku\u0142akowski, m\u0119\u017cczyzna na pocz\u0105tku pa\u017adziernika przeszed\u0142 rutynowe badania okresowe i psychologiczne, kt\u00f3re dopu\u015bci\u0142y go do dalszej pracy. Sytuacja ta wywo\u0142a\u0142a natychmiastow\u0105 reakcj\u0119 resortu:&nbsp;<\/p>\n\n\n\n<p>\u201eNa polecenie kierownictwa MSWiA Biuro Nadzoru Wewn\u0119trznego wszcz\u0119\u0142o czynno\u015bci sprawdzaj\u0105ce przebieg s\u0142u\u017cby tego funkcjonariusza, w tym tak\u017ce badania okresowe, kt\u00f3re przechodzi\u0142\u201d \u2013 przekaza\u0142 Ku\u0142akowski.&nbsp;<\/p>\n\n\n\n<p>R\u00f3wnolegle policja bada w\u0105tki osobiste, pr\u00f3buj\u0105c ustali\u0107, co mog\u0142o sk\u0142oni\u0107 wzorowego dot\u0105d funkcjonariusza do tak brutalnego aktu przemocy podczas urlopu.<br><\/p>\n\n\n\n<p>Harmonogram dzia\u0142a\u0144 prokuratury i termin postawienia zarzut\u00f3w<br>Prokuratura Okr\u0119gowa w S\u0142upsku zapowiedzia\u0142a, \u017ce kluczowe czynno\u015bci procesowe z udzia\u0142em podejrzanego odb\u0119d\u0105 si\u0119 w najbli\u017cszym czasie, po zebraniu niezb\u0119dnej dokumentacji medycznej. Wicerzecznik MSWiA doprecyzowa\u0142 harmonogram dzia\u0142a\u0144 prawnych, og\u0142aszaj\u0105c:&nbsp;<\/p>\n\n\n\n<p>\u201eJutro maj\u0105 mu zosta\u0107 postawione zarzuty\u201d.&nbsp;<\/p>\n\n\n\n<p>Termin ten jest \u015bci\u015ble powi\u0105zany z wynikami sekcji zw\u0142ok czterolatki, zaplanowanej na wtorek, oraz opini\u0105 lekarzy dotycz\u0105c\u0105 stanu zdrowia samego sprawcy, kt\u00f3ry przebywa w szpitalu pod \u015bcis\u0142ym nadzorem policji. Prokurator Patryk Wegner podkre\u015bli\u0142, \u017ce tre\u015b\u0107 oskar\u017cenia zostanie sformu\u0142owana w oparciu o pe\u0142ny materia\u0142 dowodowy, w tym wyniki bada\u0144 toksykologicznych, co pozwoli na z\u0142o\u017cenie wniosku o tymczasowe aresztowanie m\u0119\u017cczyzny.<\/p>\n\n\n\n<p>Oficjalny komunikat SOP i MSWiA oraz pomoc dla rodziny<br>Kierownictwo resortu spraw wewn\u0119trznych oraz dow\u00f3dztwo SOP wyda\u0142y o\u015bwiadczenia, w kt\u00f3rych wyrazi\u0142y g\u0142\u0119boki wstrz\u0105s i zadeklarowa\u0142y pe\u0142n\u0105 pomoc dla poszkodowanych. Tomasz Ku\u0142akowski przekaza\u0142 w imieniu ministerstwa:&nbsp;<\/p>\n\n\n\n<p>\u201eJeste\u015bmy wstrz\u0105\u015bni\u0119ci tym, co si\u0119 wydarzy\u0142o, sk\u0142adamy wyrazy g\u0142\u0119bokiego ubolewania i kondolencje rodzinie zmar\u0142ej dziewczynki\u201d.&nbsp;<\/p>\n\n\n\n<p>Funkcjonariusz zosta\u0142 ju\u017c zawieszony, a procedura jego dyscyplinarnego usuni\u0119cia ze s\u0142u\u017cby jest w toku. Jednocze\u015bnie S\u0142u\u017cba Ochrony Pa\u0144stwa poinformowa\u0142a, \u017ce pozostaje w sta\u0142ym kontakcie ze szpitalem w S\u0142upsku, a na miejsce tragedii udaje si\u0119 zesp\u00f3\u0142 psycholog\u00f3w, maj\u0105cy otoczy\u0107 opiek\u0105 rannych cz\u0142onk\u00f3w rodziny i pom\u00f3c im w przej\u015bciu przez ten traumatyczny czas.<br><\/p>\n","protected":false},"excerpt":{"rendered":"S\u0142upska prokuratura oraz Ministerstwo Spraw Wewn\u0119trznych i Administracji prowadz\u0105 intensywne dzia\u0142ania w zwi\u0105zku z tragicznym incydentem w nadmorskim kurorcie. Wed\u0142ug oficjalnych informacji przekazanych \n<a class=\"moretag\" href=\"https:\/\/lifevery.biz.ua\/?p=2059\"> [...]<\/a>","protected":false},"author":1,"featured_media":2060,"comment_status":"open","ping_status":"open","sticky":false,"template":"","format":"standard","meta":{"footnotes":""},"categories":[1],"tags":[],"class_list":["post-2059","post","type-post","status-publish","format-standard","has-post-thumbnail","hentry","category-blog"],"_links":{"self":[{"href":"https:\/\/lifevery.biz.ua\/index.php?rest_route=\/wp\/v2\/posts\/2059","targetHints":{"allow":["GET"]}}],"collection":[{"href":"https:\/\/lifevery.biz.ua\/index.php?rest_route=\/wp\/v2\/posts"}],"about":[{"href":"https:\/\/lifevery.biz.ua\/index.php?rest_route=\/wp\/v2\/types\/post"}],"author":[{"embeddable":true,"href":"https:\/\/lifevery.biz.ua\/index.php?rest_route=\/wp\/v2\/users\/1"}],"replies":[{"embeddable":true,"href":"https:\/\/lifevery.biz.ua\/index.php?rest_route=%2Fwp%2Fv2%2Fcomments&post=2059"}],"version-history":[{"count":1,"href":"https:\/\/lifevery.biz.ua\/index.php?rest_route=\/wp\/v2\/posts\/2059\/revisions"}],"predecessor-version":[{"id":2061,"href":"https:\/\/lifevery.biz.ua\/index.php?rest_route=\/wp\/v2\/posts\/2059\/revisions\/2061"}],"wp:featuredmedia":[{"embeddable":true,"href":"https:\/\/lifevery.biz.ua\/index.php?rest_route=\/wp\/v2\/media\/2060"}],"wp:attachment":[{"href":"https:\/\/lifevery.biz.ua\/index.php?rest_route=%2Fwp%2Fv2%2Fmedia&parent=2059"}],"wp:term":[{"taxonomy":"category","embeddable":true,"href":"https:\/\/lifevery.biz.ua\/index.php?rest_route=%2Fwp%2Fv2%2Fcategories&post=2059"},{"taxonomy":"post_tag","embeddable":true,"href":"https:\/\/lifevery.biz.ua\/index.php?rest_route=%2Fwp%2Fv2%2Ftags&post=2059"}],"curies":[{"name":"wp","href":"https:\/\/api.w.org\/{rel}","templated":true}]}}