{"id":20372,"date":"2026-08-16T04:10:02","date_gmt":"2026-08-16T04:10:02","guid":{"rendered":"https:\/\/lifevery.biz.ua\/?p=20372"},"modified":"2026-08-16T04:10:02","modified_gmt":"2026-08-16T04:10:02","slug":"zinedine-zidane-koniec-jego-syna-enzo-szokujace-oswiadczenie","status":"publish","type":"post","link":"https:\/\/lifevery.biz.ua\/?p=20372","title":{"rendered":"Zinedine Zidane: Koniec jego syna Enzo, szokuj\u0105ce o\u015bwiadczenie"},"content":{"rendered":"\n<p class=\"wp-block-paragraph\"><\/p>\n\n\n\n<p class=\"wp-block-paragraph\">Kurtyna opad\u0142a dla Enzo Zidane\u2019a, najstarszego syna legendarnego pi\u0142karza Zinedine\u2019a Zidane\u2019a, kt\u00f3ry og\u0142osi\u0142 zako\u0144czenie kariery pi\u0142karskiej w wieku zaledwie 29 lat.<\/p>\n\n\n\n<p class=\"wp-block-paragraph\">By\u0142a to starannie przemy\u015blana decyzja, podyktowana ci\u0119\u017carem imponuj\u0105cego dziedzictwa rodzinnego, karier\u0105 pe\u0142n\u0105 wzlot\u00f3w i upadk\u00f3w oraz g\u0142\u0119bokim pragnieniem znalezienia spokojniejszego \u017cycia, skupionego na tym, co naprawd\u0119 wa\u017cne: rodzinie i projektach osobistych.<\/p>\n\n\n\n<p class=\"wp-block-paragraph\">M\u0142ody pi\u0142karz ko\u0144czy karier\u0119 (12 stycznia)<a href=\"https:\/\/clck.mgid.com\/ghits\/27642255\/i\/62559325\/0\/pp\/1\/1?h=suWUfnOJne_E6gqZnKF6WvW9vg4wWXHJETrSE_EqAO8rG-AyNKNC_mm76VpbbJsU2BIsCoEg9scOvuzFWlpNAvU1vHs_qd0DAEruzTQCc2NVVrXSaWvB0Dfq878keSnI4KsyGz6O2OslP0owWQXYjQ**&amp;rid=6c783fa9-98c0-11f1-a7be-d404e677c390&amp;tt=Direct&amp;att=3&amp;crid=27642255&amp;pubsrcid=eyeo&amp;cpm=1&amp;abd=1&amp;iv=17&amp;ct=1&amp;gdprApplies=0&amp;st=240&amp;mp4=1&amp;h2=D_NQLOCk-PI2mMV05howDJ0Xl-eCOkr8-_GejOpnIZAgNjusZyjGo1rMnMT1hEiOAIkfzBqFaAMixsYyoMvIIw**&amp;ab_test_scenario=1627&amp;k=1917161fc*f!faAGGgpbfaAGGi8_fZWNjNWIwOWFmNjUxZmE2NDgxZTc4MTA5NDRkZTgwZDU%3DfMTU3*DI0Mw%3D%3Df!fNUBE7%24f%3BfdW5kZWZpbmVkf!fdW5kZWZpbmVkf%2C*f%2C*ffQf%3AfaHR0cHM6Ly9kYWlseXRpbWVzLmJpei51Y%248%2FcD01MjIwNA%3D%3Dfff%3BfMTU3*Dg0M3wyNDF8ODM5fMQ%3D%3Df%3Df!fcfMTI1*DIyM3wxMjh8MjM4fVWfMAff!fTW96aWxsY%2481LjAgKFdpbmRvd3MgTlQgMTAuMDsgV2luNjQ7IHg2NCkgQXBwbGVXZWJLaXQvNTM3LjM2IChL%24FRNTCwgbGlrZ%24BHZWNrbykgQ2hyb21lLzE1M%244wLjAuMCBTYWZhcmkvNTM3LjM2fUERGVmlld2Vy*ENocm9tZVBERlZpZXdlcnxDaHJvbWl1bVBERlZpZXdlcnxNaWNyb3NvZnRFZGdlUERGVmlld2Vy*FdlYktpdGJ1aWx0LWluUERGf!fV2luMzI%3DfMjQwfMXwxMDA%3DfMTM2Nnw3MjA%3DfdW5rbm93bnw0Z3wwf!f!fQfSBqZ1%3DfCf*(N7X.j%3D&amp;wrst=1786808773&amp;muid=p87cxEHf_ata\" target=\"_blank\" rel=\"noreferrer noopener\"><\/a><\/p>\n\n\n\n<p class=\"wp-block-paragraph\">Enzo Zidane w wieku 29 lat podj\u0105\u0142 decyzj\u0119 o ostatecznym zako\u0144czeniu kariery pi\u0142karskiej.<\/p>\n\n\n\n<p class=\"wp-block-paragraph\">Og\u0142oszenie to zaskoczy\u0142o wielu fan\u00f3w i obserwator\u00f3w, gdy\u017c nazwisko artysty zdawa\u0142o si\u0119 wskazywa\u0107 na d\u0142ug\u0105 i pe\u0142n\u0105 sukces\u00f3w karier\u0119.<\/p>\n\n\n\n<figure class=\"wp-block-image\"><img decoding=\"async\" src=\"https:\/\/aktualnosci.pl.ua\/wp-content\/uploads\/2026\/08\/Screenshot_2026_08_15-3-752x440-2.png\" alt=\"\" class=\"wp-image-20109\"\/><\/figure>\n\n\n\n<p class=\"wp-block-paragraph\">Enzo, kt\u00f3ry trenowa\u0142 w presti\u017cowej akademii Realu Madryt, miejscu przesi\u0105kni\u0119tym histori\u0105 rodziny Zidane\u2019\u00f3w, rozegra\u0142 tylko jeden oficjalny mecz w pierwszym zespole, co symbolizuje trudno\u015bci, z jakimi musia\u0142 si\u0119 zmierzy\u0107, pr\u00f3buj\u0105c znale\u017a\u0107 swoje miejsce w \u015bwiecie, w kt\u00f3rym ka\u017cdy krok por\u00f3wnywano do kroku jego ojca, jednego z najwspanialszych pi\u0142karzy wszech czas\u00f3w.<\/p>\n\n\n\n<figure class=\"wp-block-image\"><img decoding=\"async\" src=\"https:\/\/celebfrance.org\/wp-content\/uploads\/2025\/12\/un-jeune-footballeur-prend-sa-retraite-640x410-1.webp\" alt=\"\" class=\"wp-image-25603\"\/><figcaption class=\"wp-element-caption\">\u00a9 Pinterest<\/figcaption><\/figure>\n\n\n\n<p class=\"wp-block-paragraph\"><strong>Emerytura z powodu braku rado\u015bci i wysokich oczekiwa\u0144 (12 lutego)<\/strong><\/p>\n\n\n\n<p class=\"wp-block-paragraph\">Wed\u0142ug hiszpa\u0144skiej gazety&nbsp;&nbsp;&nbsp;<em>AS<\/em>&nbsp;&nbsp;&nbsp;, decyzja ta nie by\u0142a impulsywna. Enzo Zidane od miesi\u0119cy rozmy\u015bla\u0142 o swojej przysz\u0142o\u015bci, stopniowo trac\u0105c rado\u015b\u0107 z gry na boisku. Gra przesta\u0142a by\u0107 \u017ar\u00f3d\u0142em rado\u015bci, a sta\u0142a si\u0119 ci\u0119\u017carem, zbiorem obowi\u0105zk\u00f3w, kt\u00f3re nie odpowiada\u0142y jego aspiracjom.<\/p>\n\n\n\n<p class=\"wp-block-paragraph\">Pomimo obiecuj\u0105cego pocz\u0105tku, Enzo nigdy nie znalaz\u0142 klubu, w kt\u00f3rym m\u00f3g\u0142by si\u0119 naprawd\u0119 rozwin\u0105\u0107. Gra\u0142 w Alaves, Lausanne, Rayo Majadahonda, Aves, Rodez i Fuenlabrada, ale nigdy nie sta\u0142 si\u0119 kluczowym zawodnikiem. Cz\u0119sto nierealistyczne oczekiwania zwi\u0105zane z nazw\u0105 klubu ostatecznie odbi\u0142y si\u0119 na jego morale.<\/p>\n\n\n\n<figure class=\"wp-block-image\"><img decoding=\"async\" src=\"https:\/\/celebfrance.org\/wp-content\/uploads\/2025\/12\/retraite-due-au-manque-de-joie-et-aux-attentes-elevees-616x410-1.webp\" alt=\"\" class=\"wp-image-25604\"\/><figcaption class=\"wp-element-caption\">\u00a9 Pinterest<\/figcaption><\/figure>\n\n\n\n<p class=\"wp-block-paragraph\"><strong>Problemy to\u017csamo\u015bci poprzez por\u00f3wnania (12 marca)<\/strong><\/p>\n\n\n\n<p class=\"wp-block-paragraph\">Dorastanie w cieniu legendy futbolu nie jest \u0142atwe. Enzo zawsze przyznawa\u0142, \u017ce odnalezienie w\u0142asnej sportowej to\u017csamo\u015bci to nieustanna walka. \u201eLudzie ci\u0119 por\u00f3wnuj\u0105, krytykuj\u0105, oczekuj\u0105 od ciebie wi\u0119cej, my\u015bl\u0105, \u017ce istniejesz tylko dlatego, \u017ce jeste\u015b czyim\u015b synem\u2026\u201d \u2013 przyzna\u0142 w kilku wywiadach.<\/p>\n\n\n\n<p class=\"wp-block-paragraph\">Ta presja, cz\u0119sto subtelna, ale nieustanna, kszta\u0142towa\u0142a jego \u015bcie\u017ck\u0119 w takim samym stopniu, jak go powstrzymywa\u0142a. Nieustannie zmuszany do spe\u0142niania oczekiwa\u0144, kt\u00f3re nie by\u0142y jego w\u0142asnymi, Enzo stopniowo traci\u0142 swoje powo\u0142anie.<\/p>\n\n\n\n<figure class=\"wp-block-image\"><img decoding=\"async\" src=\"https:\/\/celebfrance.org\/wp-content\/uploads\/2025\/12\/lutte-avec-lidentite-a-cause-des-comparaisons-615x410-1.webp\" alt=\"\" class=\"wp-image-25605\"\/><figcaption class=\"wp-element-caption\">\u00a9 Pinterest<\/figcaption><\/figure>\n\n\n\n<p class=\"wp-block-paragraph\"><strong>Wyb\u00f3r emerytury rodzinnej (12 kwietnia)<\/strong><\/p>\n\n\n\n<p class=\"wp-block-paragraph\">Po wyga\u015bni\u0119ciu kontraktu z Fuenlabrad\u0105 w 2023 roku, Enzo otrzyma\u0142 kilka ofert kontynuowania kariery. Jednak \u017cadna z nich nie przekona\u0142a go do ko\u0144ca. Wola\u0142 nie pod\u0105\u017ca\u0107 \u015bcie\u017ck\u0105, kt\u00f3ra nie dawa\u0142a mu ju\u017c r\u00f3wnowagi. Ten wyb\u00f3r, kt\u00f3ry mo\u017ce wydawa\u0107 si\u0119 radykalny w wieku zaledwie 29 lat, spotka\u0142 si\u0119 ze zrozumieniem i poparciem ca\u0142ej rodziny. Rodzina Zidane, znana ze swojej bliskiej wi\u0119zi i dyskrecji, wspiera\u0142a Enzo w tej trudnej, ale kluczowej decyzji.<\/p>\n\n\n\n<figure class=\"wp-block-image\"><img decoding=\"async\" src=\"https:\/\/celebfrance.org\/wp-content\/uploads\/2025\/12\/choix-de-retraite-soutenu-par-la-famille-1024x682-1.jpg\" alt=\"\" class=\"wp-image-25606\"\/><figcaption class=\"wp-element-caption\">\u00a9 Pinterest<\/figcaption><\/figure>\n\n\n\n<p class=\"wp-block-paragraph\"><strong>Skup si\u0119 na \u017cyciu rodzinnym po meczu pi\u0142karskim (12 maja)<\/strong><\/p>\n\n\n\n<p class=\"wp-block-paragraph\">Dzi\u015b Enzo Zidane chce ca\u0142kowicie po\u015bwi\u0119ci\u0107 si\u0119 temu, co dla niego najwa\u017cniejsze: rodzinie. Wraz z Karen Gon\u00e7alves jest dumnym ojcem trzech c\u00f3rek: Sii, urodzonej w 2022 roku, oraz bli\u017aniaczek Julii i Kaia, kt\u00f3re do\u0142\u0105czy\u0142y do \u200b\u200brodziny w 2024 roku. Ten nowy rozdzia\u0142 to punkt zwrotny w jego \u017cyciu, pe\u0142en stabilizacji, odpowiedzialno\u015bci, ale tak\u017ce spokoju z dala od blasku fleszy i nieustannej presji rywalizacji.<\/p>\n\n\n\n<figure class=\"wp-block-image\"><img decoding=\"async\" src=\"https:\/\/celebfrance.org\/wp-content\/uploads\/2025\/12\/focus-sur-la-vie-familiale-apres-le-football-1024x575-1.jpg\" alt=\"\" class=\"wp-image-25607\"\/><figcaption class=\"wp-element-caption\">\u00a9 Pinterest<\/figcaption><\/figure>\n\n\n\n<p class=\"wp-block-paragraph\"><strong>Inwestycje Braci i Monitoring Kariery (12 czerwca)<\/strong><\/p>\n\n\n\n<p class=\"wp-block-paragraph\">Poza pi\u0142k\u0105 no\u017cn\u0105 Enzo od kilku lat interesuje si\u0119 r\u00f3\u017cnymi projektami biznesowymi. Teraz chce rozszerzy\u0107 te inwestycje i rozwija\u0107 nowe projekty poza \u015bwiatem sportu. Jednocze\u015bnie z dum\u0105 b\u0119dzie nadal \u015bledzi\u0142 kariery swoich braci: Luki, bramkarza Granady; Theo, pi\u0142karza C\u00f3rdoby; i Eliasa, najm\u0142odszego, kt\u00f3ry gra w m\u0142odzie\u017cowych dru\u017cynach Realu Betis i ju\u017c teraz wzbudza spore poruszenie. Dlatego pi\u0142ka no\u017cna zawsze b\u0119dzie cz\u0119\u015bci\u0105 jego \u017cycia, cho\u0107 w innej formie.<\/p>\n\n\n\n<figure class=\"wp-block-image\"><img decoding=\"async\" src=\"https:\/\/celebfrance.org\/wp-content\/uploads\/2025\/12\/investissements-et-suivi-des-carrieres-des-freres-1024x815-1.jpg\" alt=\"\" class=\"wp-image-25608\"\/><figcaption class=\"wp-element-caption\">\u00a9 Pinterest<\/figcaption><\/figure>\n\n\n\n<p class=\"wp-block-paragraph\"><strong>Szybki sukces zawodowy i walka o ugruntowanie w\u0142asnej pozycji (12 lipca)<\/strong><\/p>\n\n\n\n<p class=\"wp-block-paragraph\">Cho\u0107 jego marzenie o roli gwiazdy Realu Madryt nigdy si\u0119 nie spe\u0142ni\u0142o, kariera Enzo mia\u0142a kilka prze\u0142omowych moment\u00f3w. Warto wspomnie\u0107 o jego golu w Copa del Rey 30 listopada 2016 roku na oczach milion\u00f3w kibic\u00f3w. To by\u0142 niezapomniany, wzruszaj\u0105cy moment, kt\u00f3ry pozostanie jednym z najcenniejszych wspomnie\u0144 w jego karierze. Jednak po tym wspania\u0142ym momencie nigdy nie sta\u0142 si\u0119 niekwestionowanym podstawowym zawodnikiem. To brutalna rzeczywisto\u015b\u0107, ale cz\u0119sta w najwy\u017cszej klasie rozgrywkowej.<\/p>\n\n\n\n<figure class=\"wp-block-image\"><img decoding=\"async\" src=\"https:\/\/celebfrance.org\/wp-content\/uploads\/2025\/12\/succes-professionnel-ephemere-et-lutte-pour-setablir-1024x635-1.jpg\" alt=\"\" class=\"wp-image-25609\"\/><figcaption class=\"wp-element-caption\">\u00a9 Pinterest<\/figcaption><\/figure>\n\n\n\n<p class=\"wp-block-paragraph\"><strong>Trudno\u015bci w znalezieniu swojego miejsca w Europie (12 sierpnia)<\/strong><\/p>\n\n\n\n<p class=\"wp-block-paragraph\">Kariera Enzo Zidane\u2019a obejmowa\u0142a kilka kraj\u00f3w: Hiszpani\u0119, Szwajcari\u0119, Portugali\u0119, Francj\u0119\u2026 ale nigdzie nie znalaz\u0142 prawdziwej stabilizacji. Jego nazwisko czasami by\u0142o atutem, ale cz\u0119sto przeszkod\u0105. Pomi\u0119dzy niewystarczaj\u0105cymi oczekiwaniami a niesprawiedliw\u0105 krytyk\u0105, stara\u0142 si\u0119 zbudowa\u0107 stabiln\u0105 karier\u0119. Jego \u015bcie\u017cka kariery odzwierciedla z\u0142o\u017cono\u015b\u0107 bycia \u201esynem\u201d w sporcie, w kt\u00f3rym ka\u017cdy szczeg\u00f3\u0142 jest starannie analizowany.<\/p>\n\n\n\n<figure class=\"wp-block-image\"><img decoding=\"async\" src=\"https:\/\/celebfrance.org\/wp-content\/uploads\/2025\/12\/difficulte-a-trouver-sa-place-en-europe-1024x682-1.jpg\" alt=\"\" class=\"wp-image-25610\"\/><figcaption class=\"wp-element-caption\">\u00a9 Pinterest<\/figcaption><\/figure>\n\n\n\n<p class=\"wp-block-paragraph\"><strong>Napisz w\u0142asn\u0105 histori\u0119 z dala od cienia ojca (12 wrze\u015bnia)<\/strong><\/p>\n\n\n\n<p class=\"wp-block-paragraph\">Og\u0142aszaj\u0105c przej\u015bcie na emerytur\u0119, Enzo Zidane robi co\u015b wi\u0119cej ni\u017c tylko odchodzi z boiska. Potwierdza wa\u017cny wyb\u00f3r: napisa\u0107 w\u0142asn\u0105 histori\u0119, z dala od ci\u0105g\u0142ych por\u00f3wna\u0144 i ci\u0119\u017caru ogromnego dziedzictwa. Ta decyzja symbolizuje pragnienie wolno\u015bci, potrzeb\u0119 przemy\u015blenia swojego \u017cycia na fundamencie, kt\u00f3ry jest w ca\u0142o\u015bci jego w\u0142asny. Dla niego to nowy pocz\u0105tek, droga do odkrycia to\u017csamo\u015bci, kt\u00f3ra nie b\u0119dzie nierozerwalnie zwi\u0105zana z to\u017csamo\u015bci\u0105 jego ojca.<\/p>\n\n\n\n<figure class=\"wp-block-image\"><img decoding=\"async\" src=\"https:\/\/celebfrance.org\/wp-content\/uploads\/2025\/12\/ecrire-sa-propre-histoire-loin-de-lombre-du-pere-1024x576-1.jpg\" alt=\"\" class=\"wp-image-25611\"\/><figcaption class=\"wp-element-caption\">\u00a9 Pinterest<\/figcaption><\/figure>\n\n\n\n<p class=\"wp-block-paragraph\"><strong>Rodzina Zidane kontynuuje karier\u0119 pi\u0142karsk\u0105 (10\/12)<\/strong><\/p>\n\n\n\n<p class=\"wp-block-paragraph\">Nawet je\u015bli Enzo przejdzie na emerytur\u0119, nazwisko Zidane\u2019a pozostanie g\u0142\u0119boko zakorzenione w \u015bwiatowej pi\u0142ce no\u017cnej dzi\u0119ki jego braciom i oczywi\u015bcie ojcu, kt\u00f3ry pozostaje absolutn\u0105 ikon\u0105. Ka\u017cdy z syn\u00f3w Zidane\u2019a d\u0105\u017cy do wytyczenia w\u0142asnej drogi, z innym profilem i talentem. Enzo jednak patrzy w przysz\u0142o\u015b\u0107 poza boiskiem, pe\u0142n\u0105 mo\u017cliwo\u015bci i stabilno\u015bci.<\/p>\n\n\n\n<figure class=\"wp-block-image\"><img decoding=\"async\" src=\"https:\/\/celebfrance.org\/wp-content\/uploads\/2025\/12\/la-famille-zidane-continue-dans-le-football-1024x538-1.jpg\" alt=\"\" class=\"wp-image-25612\"\/><figcaption class=\"wp-element-caption\">\u00a9 Pinterest<\/figcaption><\/figure>\n\n\n\n<p class=\"wp-block-paragraph\"><strong>Wcze\u015bniejsza emerytura, aby skupi\u0107 si\u0119 na priorytetach (11\/12)<\/strong><\/p>\n\n\n\n<p class=\"wp-block-paragraph\">W wieku 29 lat ta emerytura mo\u017ce wydawa\u0107 si\u0119 przedwczesna, ale dla Enzo to odwa\u017cna i przemy\u015blana decyzja. Powr\u00f3t do prostszego \u017cycia, z dala od intensywnego i niekiedy brutalnego tempa zawodowej pi\u0142ki no\u017cnej, pozwoli mu skupi\u0107 si\u0119 na tym, co naprawd\u0119 przynosi mu szcz\u0119\u015bcie: rodzinie, spokoju ducha i osobistych celach. To wyb\u00f3r godny szacunku.<\/p>\n\n\n\n<figure class=\"wp-block-image\"><img decoding=\"async\" src=\"https:\/\/celebfrance.org\/wp-content\/uploads\/2025\/12\/retraite-jeune-pour-se-recentrer-sur-ses-priorites-1024x512-1.jpg\" alt=\"\" class=\"wp-image-25613\"\/><figcaption class=\"wp-element-caption\">\u00a9 Pinterest<\/figcaption><\/figure>\n\n\n\n<p class=\"wp-block-paragraph\"><strong>Nowa przygoda po przej\u015bciu na emerytur\u0119 (12\/12)<\/strong><\/p>\n\n\n\n<p class=\"wp-block-paragraph\">Emerytura Enzo Zidane\u2019a nie oznacza ko\u0144ca, a raczej nowy pocz\u0105tek. Uwolniony od ogranicze\u0144 zwi\u0105zanych z uprawianiem sportu, mo\u017ce teraz odkrywa\u0107 nowe horyzonty, rozwija\u0107 swoje projekty i w pe\u0142ni cieszy\u0107 si\u0119 towarzystwem rodziny. Tymczasem, dzi\u0119ki Luce, Theo i Eliasowi, rodzina Zidane\u2019\u00f3w b\u0119dzie nadal pisa\u0107 w\u0142asn\u0105 histori\u0119 pi\u0142ki no\u017cnej. Rozdzia\u0142 si\u0119 zamyka, ale rodzinna saga jest daleka od zako\u0144czenia.<\/p>\n","protected":false},"excerpt":{"rendered":"Kurtyna opad\u0142a dla Enzo Zidane\u2019a, najstarszego syna legendarnego pi\u0142karza Zinedine\u2019a Zidane\u2019a, kt\u00f3ry og\u0142osi\u0142 zako\u0144czenie kariery pi\u0142karskiej w wieku zaledwie 29 lat. By\u0142a to \n<a class=\"moretag\" href=\"https:\/\/lifevery.biz.ua\/?p=20372\"> [...]<\/a>","protected":false},"author":1,"featured_media":0,"comment_status":"open","ping_status":"open","sticky":false,"template":"","format":"standard","meta":{"footnotes":""},"categories":[1],"tags":[],"class_list":["post-20372","post","type-post","status-publish","format-standard","hentry","category-blog"],"_links":{"self":[{"href":"https:\/\/lifevery.biz.ua\/index.php?rest_route=\/wp\/v2\/posts\/20372","targetHints":{"allow":["GET"]}}],"collection":[{"href":"https:\/\/lifevery.biz.ua\/index.php?rest_route=\/wp\/v2\/posts"}],"about":[{"href":"https:\/\/lifevery.biz.ua\/index.php?rest_route=\/wp\/v2\/types\/post"}],"author":[{"embeddable":true,"href":"https:\/\/lifevery.biz.ua\/index.php?rest_route=\/wp\/v2\/users\/1"}],"replies":[{"embeddable":true,"href":"https:\/\/lifevery.biz.ua\/index.php?rest_route=%2Fwp%2Fv2%2Fcomments&post=20372"}],"version-history":[{"count":1,"href":"https:\/\/lifevery.biz.ua\/index.php?rest_route=\/wp\/v2\/posts\/20372\/revisions"}],"predecessor-version":[{"id":20373,"href":"https:\/\/lifevery.biz.ua\/index.php?rest_route=\/wp\/v2\/posts\/20372\/revisions\/20373"}],"wp:attachment":[{"href":"https:\/\/lifevery.biz.ua\/index.php?rest_route=%2Fwp%2Fv2%2Fmedia&parent=20372"}],"wp:term":[{"taxonomy":"category","embeddable":true,"href":"https:\/\/lifevery.biz.ua\/index.php?rest_route=%2Fwp%2Fv2%2Fcategories&post=20372"},{"taxonomy":"post_tag","embeddable":true,"href":"https:\/\/lifevery.biz.ua\/index.php?rest_route=%2Fwp%2Fv2%2Ftags&post=20372"}],"curies":[{"name":"wp","href":"https:\/\/api.w.org\/{rel}","templated":true}]}}