{"id":20259,"date":"2026-08-14T19:26:14","date_gmt":"2026-08-14T19:26:14","guid":{"rendered":"https:\/\/lifevery.biz.ua\/?p=20259"},"modified":"2026-08-14T19:26:14","modified_gmt":"2026-08-14T19:26:14","slug":"wypadek-z-udzialem-karetki-cztery-osoby-zostaly-ranne-4","status":"publish","type":"post","link":"https:\/\/lifevery.biz.ua\/?p=20259","title":{"rendered":"Wypadek z udzia\u0142em karetki. Cztery osoby zosta\u0142y ranne"},"content":{"rendered":"\n<p class=\"wp-block-paragraph\">Gro\u017any wypadek na Lubelszczy\u017anie.<\/p>\n\n\n\n<p class=\"wp-block-paragraph\">Dosz\u0142o tam do zderzenia samochodu osobowego z karetk\u0105 pogotowia.<\/p>\n\n\n\n<p class=\"wp-block-paragraph\">W wyniku zdarzenia ranne zosta\u0142y cztery osoby. Droga mi\u0119dzy Szczebrzeszynem a Zamo\u015bciem jest zablokowana.<\/p>\n\n\n\n<p class=\"wp-block-paragraph\">Wypadek na DK74 w Bodaczowie, zderzenie karetki z samochodem osobowym<\/p>\n\n\n\n<p class=\"wp-block-paragraph\">Do wypadku dosz\u0142o w niedziel\u0119 ok. godz. 14.40&nbsp;<strong>na drodze krajowej nr 74 w Bodaczowie<\/strong>&nbsp;(woj. lubelskie). \u2013&nbsp;<strong>Samoch\u00f3d osobowy zderzy\u0142 si\u0119 z karetk\u0105 pogotowia<\/strong>, kt\u00f3ra przewozi\u0142a pacjenta \u2013 poinformowa\u0142a podkom. Katarzyna Szewczuk z Komendy Miejskiej Policji w Zamo\u015bciu.&nbsp;<\/p>\n\n\n\n<h2 class=\"wp-block-heading\">Wypadek z udzia\u0142em karetki. Cztery osoby zosta\u0142y ranne<\/h2>\n\n\n\n<p class=\"wp-block-paragraph\">Ze wst\u0119pnych ustale\u0144 policjant\u00f3w wynika, \u017ce do zdarzenia dosz\u0142o&nbsp;<strong>w trakcie wykonywania manewru skr\u0119tu w lewo<\/strong>&nbsp;przez kieruj\u0105cego osob\u00f3wk\u0105. \u2013 W tym czasie pojazd ten by\u0142 wyprzedzany przez&nbsp;<strong>karetk\u0119 pogotowia jad\u0105ca na sygnale<\/strong>&nbsp;\u2013 wyja\u015bni\u0142a podkom. Katarzyna Szewczuk.<\/p>\n\n\n\n<p class=\"wp-block-paragraph\">W wyniku wypadku&nbsp;<strong>ranne zosta\u0142y cztery osoby.<\/strong>&nbsp;Poszkodowani zostali przetransportowani do szpitala. Na miejscu l\u0105dowa\u0142&nbsp;<strong>helikopter Lotniczego Pogotowia Ratunkowego.<\/strong><\/p>\n\n\n\n<p class=\"wp-block-paragraph\">https:\/\/platform.twitter.com\/embed\/Tweet.html?dnt=false&#038;embedId=twitter-widget-0&#038;features=eyJ0ZndfdGltZWxpbmVfbGlzdCI6eyJidWNrZXQiOltdLCJ2ZXJzaW9uIjpudWxsfSwidGZ3X2ZvbGxvd2VyX2NvdW50X3N1bnNldCI6eyJidWNrZXQiOnRydWUsInZlcnNpb24iOm51bGx9LCJ0ZndfdHdlZXRfZWRpdF9iYWNrZW5kIjp7ImJ1Y2tldCI6Im9uIiwidmVyc2lvbiI6bnVsbH0sInRmd19yZWZzcmNfc2Vzc2lvbiI6eyJidWNrZXQiOiJvbiIsInZlcnNpb24iOm51bGx9LCJ0ZndfZm9zbnJfc29mdF9pbnRlcnZlbnRpb25zX2VuYWJsZWQiOnsiYnVja2V0Ijoib24iLCJ2ZXJzaW9uIjpudWxsfSwidGZ3X21peGVkX21lZGlhXzE1ODk3Ijp7ImJ1Y2tldCI6InRyZWF0bWVudCIsInZlcnNpb24iOm51bGx9LCJ0ZndfZXhwZXJpbWVudHNfY29va2llX2V4cGlyYXRpb24iOnsiYnVja2V0IjoxMjA5NjAwLCJ2ZXJzaW9uIjpudWxsfSwidGZ3X3Nob3dfYmlyZHdhdGNoX3Bpdm90c19lbmFibGVkIjp7ImJ1Y2tldCI6Im9uIiwidmVyc2lvbiI6bnVsbH0sInRmd19kdXBsaWNhdGVfc2NyaWJlc190b19zZXR0aW5ncyI6eyJidWNrZXQiOiJvbiIsInZlcnNpb24iOm51bGx9LCJ0ZndfdXNlX3Byb2ZpbGVfaW1hZ2Vfc2hhcGVfZW5hYmxlZCI6eyJidWNrZXQiOiJvbiIsInZlcnNpb24iOm51bGx9LCJ0ZndfdmlkZW9faGxzX2R5bmFtaWNfbWFuaWZlc3RzXzE1MDgyIjp7ImJ1Y2tldCI6InRydWVfYml0cmF0ZSIsInZlcnNpb24iOm51bGx9LCJ0ZndfbGVnYWN5X3RpbWVsaW5lX3N1bnNldCI6eyJidWNrZXQiOnRydWUsInZlcnNpb24iOm51bGx9LCJ0ZndfdHdlZXRfZWRpdF9mcm9udGVuZCI6eyJidWNrZXQiOiJvbiIsInZlcnNpb24iOm51bGx9fQ%3D%3D&#038;frame=false&#038;hideCard=false&#038;hideThread=false&#038;id=2063629196245492000&#038;lang=en&#038;maxWidth=560px&#038;origin=https%3A%2F%2Fstory24.biz.ua%2F%3Fp%3D23865&#038;sessionId=04171d5e9971a77f2a76dde0169dba86355efc7d&#038;theme=light&#038;widgetsVersion=6a3ad42b224df%3A1778106238597&#038;width=550px<\/p>\n\n\n\n<p class=\"wp-block-paragraph\">&nbsp;54949 98495156&nbsp;4,948<\/p>\n","protected":false},"excerpt":{"rendered":"Gro\u017any wypadek na Lubelszczy\u017anie. Dosz\u0142o tam do zderzenia samochodu osobowego z karetk\u0105 pogotowia. W wyniku zdarzenia ranne zosta\u0142y cztery osoby. Droga mi\u0119dzy Szczebrzeszynem \n<a class=\"moretag\" href=\"https:\/\/lifevery.biz.ua\/?p=20259\"> [...]<\/a>","protected":false},"author":1,"featured_media":20260,"comment_status":"open","ping_status":"open","sticky":false,"template":"","format":"standard","meta":{"footnotes":""},"categories":[1],"tags":[],"class_list":["post-20259","post","type-post","status-publish","format-standard","has-post-thumbnail","hentry","category-blog"],"_links":{"self":[{"href":"https:\/\/lifevery.biz.ua\/index.php?rest_route=\/wp\/v2\/posts\/20259","targetHints":{"allow":["GET"]}}],"collection":[{"href":"https:\/\/lifevery.biz.ua\/index.php?rest_route=\/wp\/v2\/posts"}],"about":[{"href":"https:\/\/lifevery.biz.ua\/index.php?rest_route=\/wp\/v2\/types\/post"}],"author":[{"embeddable":true,"href":"https:\/\/lifevery.biz.ua\/index.php?rest_route=\/wp\/v2\/users\/1"}],"replies":[{"embeddable":true,"href":"https:\/\/lifevery.biz.ua\/index.php?rest_route=%2Fwp%2Fv2%2Fcomments&post=20259"}],"version-history":[{"count":1,"href":"https:\/\/lifevery.biz.ua\/index.php?rest_route=\/wp\/v2\/posts\/20259\/revisions"}],"predecessor-version":[{"id":20261,"href":"https:\/\/lifevery.biz.ua\/index.php?rest_route=\/wp\/v2\/posts\/20259\/revisions\/20261"}],"wp:featuredmedia":[{"embeddable":true,"href":"https:\/\/lifevery.biz.ua\/index.php?rest_route=\/wp\/v2\/media\/20260"}],"wp:attachment":[{"href":"https:\/\/lifevery.biz.ua\/index.php?rest_route=%2Fwp%2Fv2%2Fmedia&parent=20259"}],"wp:term":[{"taxonomy":"category","embeddable":true,"href":"https:\/\/lifevery.biz.ua\/index.php?rest_route=%2Fwp%2Fv2%2Fcategories&post=20259"},{"taxonomy":"post_tag","embeddable":true,"href":"https:\/\/lifevery.biz.ua\/index.php?rest_route=%2Fwp%2Fv2%2Ftags&post=20259"}],"curies":[{"name":"wp","href":"https:\/\/api.w.org\/{rel}","templated":true}]}}