{"id":2015,"date":"2026-02-03T19:32:21","date_gmt":"2026-02-03T19:32:21","guid":{"rendered":"https:\/\/lifevery.biz.ua\/?p=2015"},"modified":"2026-02-03T19:32:21","modified_gmt":"2026-02-03T19:32:21","slug":"odszedl-wybitny-polski-sportowiec-medalista-ms-i-czterokrotny-olimpijczyk","status":"publish","type":"post","link":"https:\/\/lifevery.biz.ua\/?p=2015","title":{"rendered":"Odszed\u0142 wybitny polski sportowiec: medalista M\u015a i czterokrotny olimpijczyk"},"content":{"rendered":"\n<p>Polski \u015bwiat sportu pogr\u0105\u017cy\u0142 si\u0119 w \u017ca\u0142obie. W poniedzia\u0142ek wieczorem, 2 lutego, w Bielsku-Bia\u0142ej zmar\u0142 Marian Kasprzyk, jeden z najwybitniejszych polskich pi\u0119\u015bciarzy. Mia\u0142 86 lat. Informacj\u0119 o \u015bmierci legendarnego sportowca potwierdzi\u0142 Tadeusz Pilarz, prezes Beskidzkiej Rady Olimpijskiej i wieloletni przyjaciel Kasprzyka.<\/p>\n\n\n\n<p>Marian Kasprzyk odszed\u0142 nagle w swoim domu. Jak relacjonowa\u0142 Pilarz, sportowiec od pewnego czasu odczuwa\u0142 pogorszenie stanu zdrowia. \u2013 Czu\u0142 si\u0119 coraz s\u0142abiej. W poniedzia\u0142ek p\u00f3\u017anym wieczorem zas\u0142ab\u0142 w domu. Bliscy natychmiast wezwali pomoc, przybyli ratownicy, jednak niestety nie by\u0142o ju\u017c szans \u2013 wspomina\u0142 ze smutkiem prezes Beskidzkiej Rady Olimpijskiej.<\/p>\n\n\n<div class=\"wp-block-image\">\n<figure class=\"aligncenter\"><img decoding=\"async\" src=\"https:\/\/cdn.prod.website-files.com\/638212fd83c0cd4a6751fd71\/6980d13f0797333902f9dfd1_Zrzut%20ekranu%202026-02-02%20172548.png\" alt=\"Nie \u017cyje J\u00f3zef G\u0105sienica Sobczak - Polski Zwi\u0105zek Biathlonu\"\/><\/figure>\n<\/div>\n\n\n<p>Kasprzyk urodzi\u0142 si\u0119 22 wrze\u015bnia 1939 roku w Ko\u0142omani ko\u0142o Kielc. Jego droga do sportowej s\u0142awy zacz\u0119\u0142a si\u0119 w lokalnych klubach, takich jak Sparta Zi\u0119bice i Nysa K\u0142odzko, a nast\u0119pnie BBTS Bielsko-Bia\u0142a, G\u00f3rnik Weso\u0142a i G\u00f3rnik Psz\u00f3w. To jednak wyst\u0119py w barwach narodowych sprawi\u0142y, \u017ce sta\u0142 si\u0119 postaci\u0105 nie\u015bmierteln\u0105 w historii polskiego boksu.<\/p>\n\n\n\n<p>Marian Kasprzyk by\u0142 trzykrotnym olimpijczykiem. Jego najwi\u0119kszym osi\u0105gni\u0119ciem by\u0142o zdobycie z\u0142otego medalu na igrzyskach w Tokio w 1964 roku w kategorii p\u00f3\u0142\u015bredniej. Cztery lata wcze\u015bniej, podczas igrzysk w Rzymie, wywalczy\u0142 br\u0105z w wadze lekkop\u00f3\u0142\u015bredniej. Reprezentowa\u0142 Polsk\u0119 r\u00f3wnie\u017c na igrzyskach olimpijskich w Meksyku. Poza sukcesami olimpijskimi Kasprzyk zdoby\u0142 br\u0105zowy medal mistrzostw Europy w Belgradzie w 1961 roku. Jego dorobek sportowy i umiej\u0119tno\u015bci uczyni\u0142y go jednym z najwybitniejszych pi\u0119\u015bciarzy w historii polskiego sportu, a jego nazwisko jest znane i szanowane zar\u00f3wno w kraju, jak i za granic\u0105.<\/p>\n\n\n\n<p>Kariera Kasprzyka to nie tylko medale i trofea. By\u0142 sportowcem niezwykle wszechstronnym, o wyj\u0105tkowej dyscyplinie i determinacji, kt\u00f3re pozwoli\u0142y mu osi\u0105gn\u0105\u0107 sukcesy w najtrudniejszych momentach kariery. Jego styl walki, precyzja i si\u0142a uderze\u0144 wyr\u00f3\u017cnia\u0142y go na tle innych zawodnik\u00f3w, a jego osi\u0105gni\u0119cia by\u0142y \u017ar\u00f3d\u0142em dumy dla polskiego boksu.<\/p>\n\n\n<div class=\"wp-block-image\">\n<figure class=\"aligncenter\"><img decoding=\"async\" src=\"https:\/\/s2.tvp.pl\/images2\/b\/8\/a\/uid_b8aaedc69a5f4c35ad6322dc610b4cdf_width_1200_play_0_pos_0_gs_0_height_678_nie-zyje-jozef-gasienica-sobczak-fot-tvp-sport.jpg\" alt=\"Nie \u017cyje J\u00f3zef G\u0105sienica Sobczak. By\u0142 czterokrotnym olimpijczykiem i  pionierem polskiego biathlonu | TVP SPORT\"\/><\/figure>\n<\/div>\n\n\n<p>Po zako\u0144czeniu kariery zawodniczej Kasprzyk nie odszed\u0142 od \u015bwiata boksu. Odda\u0142 si\u0119 pracy trenerskiej, przekazuj\u0105c swoje do\u015bwiadczenie i wiedz\u0119 kolejnym pokoleniom pi\u0119\u015bciarzy. Wielu m\u0142odych sportowc\u00f3w zawdzi\u0119cza\u0142o mu rozw\u00f3j kariery, a jego rady i nauki pozostaj\u0105 cennym \u017ar\u00f3d\u0142em inspiracji dla polskiego boksu tak\u017ce dzisiaj.<\/p>\n\n\n\n<p>Za wybitne zas\u0142ugi dla sportu polskiego Marian Kasprzyk zosta\u0142 uhonorowany najwy\u017cszymi odznaczeniami pa\u0144stwowymi. Otrzyma\u0142 Krzy\u017c Kawalerski oraz Komandorski Order Odrodzenia Polski, a jego wk\u0142ad w rozw\u00f3j sportu, promocj\u0119 Polski i wychowanie kolejnych pokole\u0144 zawodnik\u00f3w zosta\u0142 doceniony na wielu poziomach.<\/p>\n\n\n\n<iframe loading=\"lazy\" src=\"https:\/\/www.facebook.com\/plugins\/post.php?href=https%3A%2F%2Fwww.facebook.com%2FGminaKoscielisko%2Fposts%2Fpfbid02FiK96hXJSzNuvAVFAVY48X7BCQmqwkLW9RGL1fCNTFp1UMSUrFQD2LUNfdyTRGEdl&#038;show_text=true&#038;width=500\" width=\"500\" height=\"720\" style=\"border:none;overflow:hidden\" scrolling=\"no\" frameborder=\"0\" allowfullscreen=\"true\" allow=\"autoplay; clipboard-write; encrypted-media; picture-in-picture; web-share\"><\/iframe>\n\n\n\n<p>Marian Kasprzyk to posta\u0107, kt\u00f3rej dorobek i wk\u0142ad w polski sport pozostan\u0105 na zawsze w pami\u0119ci kibic\u00f3w i m\u0142odych adept\u00f3w boksu. Jego osi\u0105gni\u0119cia olimpijskie, mi\u0119dzynarodowe sukcesy oraz dzia\u0142alno\u015b\u0107 trenerska uczyni\u0142y z niego symbol polskiego pi\u0119\u015bciarstwa. Jego \u017cycie i pasja do sportu s\u0105 przyk\u0142adem determinacji, odwagi i oddania, kt\u00f3re inspiruj\u0105 kolejne pokolenia sportowc\u00f3w w ca\u0142ym kraju.<\/p>\n\n\n\n<p>Odej\u015bcie Mariana Kasprzyka to wielka strata dla polskiego sportu. Jego nazwisko na zawsze pozostanie synonimem sukcesu, talentu i nieustannej pracy nad sob\u0105. Dla kibic\u00f3w, zawodnik\u00f3w i ca\u0142ego \u015brodowiska bokserskiego Kasprzyk pozostanie legend\u0105, kt\u00f3rej osi\u0105gni\u0119cia i duch sportowej rywalizacji nigdy nie zostan\u0105 zapomniane.<\/p>\n","protected":false},"excerpt":{"rendered":"Polski \u015bwiat sportu pogr\u0105\u017cy\u0142 si\u0119 w \u017ca\u0142obie. W poniedzia\u0142ek wieczorem, 2 lutego, w Bielsku-Bia\u0142ej zmar\u0142 Marian Kasprzyk, jeden z najwybitniejszych polskich pi\u0119\u015bciarzy. Mia\u0142 \n<a class=\"moretag\" href=\"https:\/\/lifevery.biz.ua\/?p=2015\"> [...]<\/a>","protected":false},"author":1,"featured_media":2016,"comment_status":"open","ping_status":"open","sticky":false,"template":"","format":"standard","meta":{"footnotes":""},"categories":[1],"tags":[],"class_list":["post-2015","post","type-post","status-publish","format-standard","has-post-thumbnail","hentry","category-blog"],"_links":{"self":[{"href":"https:\/\/lifevery.biz.ua\/index.php?rest_route=\/wp\/v2\/posts\/2015","targetHints":{"allow":["GET"]}}],"collection":[{"href":"https:\/\/lifevery.biz.ua\/index.php?rest_route=\/wp\/v2\/posts"}],"about":[{"href":"https:\/\/lifevery.biz.ua\/index.php?rest_route=\/wp\/v2\/types\/post"}],"author":[{"embeddable":true,"href":"https:\/\/lifevery.biz.ua\/index.php?rest_route=\/wp\/v2\/users\/1"}],"replies":[{"embeddable":true,"href":"https:\/\/lifevery.biz.ua\/index.php?rest_route=%2Fwp%2Fv2%2Fcomments&post=2015"}],"version-history":[{"count":1,"href":"https:\/\/lifevery.biz.ua\/index.php?rest_route=\/wp\/v2\/posts\/2015\/revisions"}],"predecessor-version":[{"id":2017,"href":"https:\/\/lifevery.biz.ua\/index.php?rest_route=\/wp\/v2\/posts\/2015\/revisions\/2017"}],"wp:featuredmedia":[{"embeddable":true,"href":"https:\/\/lifevery.biz.ua\/index.php?rest_route=\/wp\/v2\/media\/2016"}],"wp:attachment":[{"href":"https:\/\/lifevery.biz.ua\/index.php?rest_route=%2Fwp%2Fv2%2Fmedia&parent=2015"}],"wp:term":[{"taxonomy":"category","embeddable":true,"href":"https:\/\/lifevery.biz.ua\/index.php?rest_route=%2Fwp%2Fv2%2Fcategories&post=2015"},{"taxonomy":"post_tag","embeddable":true,"href":"https:\/\/lifevery.biz.ua\/index.php?rest_route=%2Fwp%2Fv2%2Ftags&post=2015"}],"curies":[{"name":"wp","href":"https:\/\/api.w.org\/{rel}","templated":true}]}}