{"id":20078,"date":"2026-08-12T20:15:47","date_gmt":"2026-08-12T20:15:47","guid":{"rendered":"https:\/\/lifevery.biz.ua\/?p=20078"},"modified":"2026-08-12T20:15:47","modified_gmt":"2026-08-12T20:15:47","slug":"jechali-po-zwloki-i-sami-zgineli-juz-wiadomo-kto-byl-winny-tragedii-pod-toruniem-zginely-trzy-osoby-2","status":"publish","type":"post","link":"https:\/\/lifevery.biz.ua\/?p=20078","title":{"rendered":"Jechali po zw\u0142oki i sami zgin\u0119li. Ju\u017c wiadomo, kto by\u0142 winny tragedii pod Toruniem! Zgin\u0119\u0142y trzy osoby"},"content":{"rendered":"\n<p class=\"wp-block-paragraph\">Pracownicy zak\u0142adu pogrzebowego z Makowa Mazowieckiego jechali odebra\u0107 zw\u0142oki z promu. 20 kwietnia br. pod Toruniem zderzyli si\u0119 czo\u0142owo z drugim busem.<\/p>\n\n\n\n<p class=\"wp-block-paragraph\">Zgin\u0119li oni, zgin\u0105\u0142 kierowca z naprzeciwka. Prokuratura zako\u0144czy\u0142a w\u0142a\u015bnie \u015bledztwo i ustali\u0142a winnego dramatu.<\/p>\n\n\n\n<p class=\"wp-block-paragraph\"><strong>Zobacz wideo: Dramatyczne dane dotycz\u0105ce zgon\u00f3w w Polsce<\/strong><\/p>\n\n\n\n<p class=\"wp-block-paragraph\">Dalsza cz\u0119\u015b\u0107 materia\u0142u pod wideo<\/p>\n\n\n\n<p class=\"wp-block-paragraph\">To kierowca mercedesa vito-busa zak\u0142adu pogrzebowego \u201cDrejka\u201d z Makowa Mazowieckiego spowodowa\u0142 wypadek, w kt\u00f3rym zgin\u0119\u0142y trzy osoby \u2013 ustali\u0142a prokuratura. \u2013 \u015aledztwo ostatecznie zako\u0144czyli\u015bmy umorzeniem,<strong>&nbsp;bo zgin\u0105\u0142 sam sprawca&nbsp;<\/strong>\u2013 m\u00f3wi prokurator rejonowa Izabela Oliver.<\/p>\n\n\n\n<h2 class=\"wp-block-heading\">Egzamin \u00d3smoklasisty. Odpowiesz na pytania z lektury Ma\u0142y Ksi\u0105\u017ce? [quiz]<\/h2>\n\n\n\n<p class=\"wp-block-paragraph\"><strong>1\/11<\/strong><\/p>\n\n\n\n<h3 class=\"wp-block-heading\">Kim z zawodu by\u0142 narrator?<\/h3>\n\n\n\n<p class=\"wp-block-paragraph\">marynarzempilotem<\/p>\n\n\n\n<h2 class=\"wp-block-heading\">Jak dosz\u0142o do wypadku i dlaczego zawini\u0142 kierowca zak\u0142adu pogrzebowego?<\/h2>\n\n\n\n<p class=\"wp-block-paragraph\">Tragedia rozegra\u0142a 20 kwietnia 2022 roku, oko\u0142o godziny 4.00 nad ranem, na drodze S10 pod Toruniem. Gdzie dok\u0142adnie? Na \u00f3smym kilometrze drogi ekspresowej S10 pomi\u0119dzy w\u0119z\u0142ami Toru\u0144 P\u00f3\u0142noc i Toru\u0144 Zach\u00f3d, trzy kilometry przed wjazdem na autostrad\u0119 A1. Torunianie powiedz\u0105 po prostu, \u017ce do wypadku dosz\u0142o na Podg\u00f3rzu.<\/p>\n\n\n\n<p class=\"wp-block-paragraph\">T\u0105 tras\u0105 z Makowa Mazowieckiego jechali dwaj pracownicy zak\u0142adu pogrzebowego z Makowa Mazowieckiego. Kierowali si\u0119 na p\u00f3\u0142noc kraju \u2013 jechali odebra\u0107 zw\u0142oki z przeprawy promowej.&nbsp;<strong>Za kierownic\u0105 firmowego mercedesa vito siedzia\u0142 52-letni pan Piotr, a jego pasa\u017cerem by\u0142 58-letni pan Leonard.<\/strong>&nbsp;W drodze byli od dw\u00f3ch godzin. Nagle\u2026<\/p>\n\n\n\n<p class=\"wp-block-paragraph\">\u2013<strong>Kierowca mercedesa vito nie zachowa\u0142 nale\u017cytej ostro\u017cno\u015bci podczas manewru wymijania<\/strong>&nbsp;innego samochodu i niew\u0142a\u015bciwie korygowa\u0142 tor jazdy przy rozwijanej przez siebie pr\u0119dko\u015bci. To spowodowa\u0142o, \u017ce zjecha\u0142 na lewy pas drogi i zderzy\u0142 si\u0119 czo\u0142owo z nadje\u017cd\u017caj\u0105cym pojazdem marki Peugeot Boxer. W wyniku wypadku, jak wiadomo, zgin\u0119li kierowcy obu samochod\u00f3w oraz pasa\u017cer mercedesa \u2013 m\u00f3wi prokurator Izabela Oliver, kieruj\u0105ca Prokuratur\u0105 Rejonow\u0105 Toru\u0144 Wsch\u00f3d.<\/p>\n\n\n\n<p class=\"wp-block-paragraph\">To ta prokuratura przez p\u00f3\u0142 roku prowadzi\u0142a \u015bledztwo w sprawie dramatu. Przebieg i przyczyn\u0119 wypadku ustali\u0142a przede wszystkim w oparciu o opini\u0119, przygotowan\u0105 przez bieg\u0142ego z zakresu bezpiecze\u0144stwa ruchu drogowego i rekonstrukcji wypadk\u00f3w. Ten jako winnego jasno wskaza\u0142 zmar\u0142ego tragicznie kierowc\u0119 z Makowa Mazowieckiego.<\/p>\n\n\n\n<p class=\"wp-block-paragraph\">-Od obu kierowc\u00f3w pobrane by\u0142y pr\u00f3bki krwi do bada\u0144. Obaj nie mieli w nich \u015blad\u00f3w ani alkoholu, ani \u017cadnych innych niedozwolonych substancji.&nbsp;<strong>Obaj zatem byli trze\u017awi&nbsp;<\/strong>\u2013 przekazuje prokurator.<\/p>\n\n\n\n<p class=\"wp-block-paragraph\">Biegli wzi\u0119li pod lup\u0119 tak\u017ce stan techniczny samochod\u00f3w. Owszem, przy okazji ka\u017cdego pojazdu odkryli jakie\u015b nieprawid\u0142owo\u015bci, usterki. \u2013<strong>&nbsp;By\u0142y to jednak drobne usterki.<\/strong>&nbsp;Co najwa\u017cniejsze w sprawie, w opinii bieg\u0142ego, nie mia\u0142y one \u017cadnego wp\u0142ywu na przebieg tragicznego zdarzenia \u2013 podkre\u015bla prokurator IzabelaOliver.<\/p>\n\n\n\n<p class=\"wp-block-paragraph\">Dok\u0142adnie 24 pa\u017adziernika prokuratura zako\u0144czy\u0142a ca\u0142e \u015bledztwo decyzj\u0105 u jego umorzeniu, wskutek \u015bmierci sprawcy.<\/p>\n\n\n\n<h2 class=\"wp-block-heading\">\u017ba\u0142oba i ogromny wstrz\u0105s na Mazowszu. \u201cTego poranka nie zapomn\u0119 nigdy\u201d<\/h2>\n\n\n\n<p class=\"wp-block-paragraph\">Po wypadku Mak\u00f3w Mazowiecki pogr\u0105\u017cy\u0142 si\u0119 w \u017calobie. 52-letni kierowca i 58-letni pasa\u017cer byli cenionymi pracownikami zak\u0142adu pogrzebowego \u201cDrejka\u201d. Ka\u017cdy z nich osieroci\u0142 dwoje dzieci i zostawi\u0142 pogr\u0105\u017cone w rozpaczy \u017cony. Miasteczko nie jest du\u017ce \u2013 liczy sobie niewiele ponad 10 tysi\u0119cy mieszka\u0144c\u00f3w. Wszyscy tutaj byli poruszeni s\u0105 tragedi\u0105.<\/p>\n\n\n\n<p class=\"wp-block-paragraph\">\u2013 Za m\u0142odzi byli, \u017ceby umiera\u0107.<strong>&nbsp;Straszna rozpacz w ich rodzinach, prosz\u0119 pani<\/strong>. Nie da si\u0119 opowiedzie\u0107 \u2013 s\u0142yszeli\u015bmy od pracownik\u00f3w bran\u017cy pogrzebowej w miasteczku (a dzia\u0142a w nim kilka zak\u0142ad\u00f3w). \u201cDrejka\u201d przez lata pracowa\u0142 na swoj\u0105 mark\u0119. To nie tylko zak\u0142ad i dom pogrzebowy, ale i us\u0142ugi z zakresy zagranicznego transportu zw\u0142ok.<\/p>\n\n\n\n<p class=\"wp-block-paragraph\">\u2013<strong>&nbsp;Tego poranka nigdy nie zapomn\u0119. Odebra\u0142em telefon z policji.&nbsp;<\/strong>Informowa\u0142a, \u017ce moi pracownicy byli uczestnikami wypadku. \u201cJak to?\u201d \u2013 spyta\u0142em. \u201cPrzecie\u017c nic mi nie m\u00f3wili. Zaraz do nich zadzwoni\u0119\u201d \u2013 powiedzia\u0142em. Po chwili us\u0142ysza\u0142em, \u017ce zgin\u0119li na miejscu. I cho\u0107 w naszej bran\u017cy ze \u015bmierci\u0105 obcujemy na co dzie\u0144, tej tragedii nigdy nie przebolejemy. To byli dobrzy, zaufani ludzie. Dwie godziny wcze\u015bniej zaledwie wyruszyli z Makowa \u2013 m\u00f3wi\u0142 nam Maciej Drejka, w\u0142a\u015bciciel zak\u0142adu pogrzebowego \u201cDrejka\u201d.<\/p>\n\n\n\n<p class=\"wp-block-paragraph\">Przedsi\u0119biorca podkre\u015bla\u0142, \u017ce firmowy samoch\u00f3d mercedes vito by\u0142 prawie nowy, zaledwie trzyletni. \u2013 By\u0142 sprawny, sprawdzali\u015bmy go przed wyjazdem. Wiemy, \u017ce poduszki powietrzne si\u0119 po zderzeniu otworzy\u0142y \u2013 m\u00f3wi\u0142 Maciej Drejka, przedsi\u0119biorca pogrzebowy. \u2013&nbsp;<strong>Kierowca nie by\u0142 zm\u0119czony, bo by\u0142 zaledwie 2 godziny w trasie.<\/strong>&nbsp;Tak trudno poj\u0105\u0107 t\u0119 tragedi\u0119\u2026 Prosz\u0119 mi wierzy\u0107, \u017ce bolejemy nad ni\u0105 podobnie jak rodziny zmar\u0142ych.<\/p>\n\n\n\n<p class=\"wp-block-paragraph\">Zmarli pan Piotr i pan Leonard pochowani zostali na makowskim cmentarzu parafialnym. Pogrzeby odby\u0142y si\u0119 w sobot\u0119, 24 kwietnia, a poprzedzi\u0142y je modlitwy r\u00f3\u017ca\u0144cowe od pi\u0105tku. Jak relacjonowali nam makowianie, by\u0142y to jednocze\u015bnie godne i niewyobra\u017calnie smutne ceremonie pogrzebowe.<\/p>\n\n\n\n<p class=\"wp-block-paragraph\">\u2013 To jest nie tylko dramat dla tych rodzin, ale i dla nas wszystkich.&nbsp;<strong>Trudno opowiada\u0107, co si\u0119 dzia\u0142o na pogrzebie. \u017bal, \u017cal ogromny<\/strong>&nbsp;\u2013 m\u00f3wi\u0142 nam pan Adam, sam zwi\u0105zany z bran\u017c\u0105 pogrzebow\u0105 w Makowie Mazowieckim.<\/p>\n","protected":false},"excerpt":{"rendered":"Pracownicy zak\u0142adu pogrzebowego z Makowa Mazowieckiego jechali odebra\u0107 zw\u0142oki z promu. 20 kwietnia br. pod Toruniem zderzyli si\u0119 czo\u0142owo z drugim busem. Zgin\u0119li \n<a class=\"moretag\" href=\"https:\/\/lifevery.biz.ua\/?p=20078\"> [...]<\/a>","protected":false},"author":1,"featured_media":20079,"comment_status":"open","ping_status":"open","sticky":false,"template":"","format":"standard","meta":{"footnotes":""},"categories":[1],"tags":[],"class_list":["post-20078","post","type-post","status-publish","format-standard","has-post-thumbnail","hentry","category-blog"],"_links":{"self":[{"href":"https:\/\/lifevery.biz.ua\/index.php?rest_route=\/wp\/v2\/posts\/20078","targetHints":{"allow":["GET"]}}],"collection":[{"href":"https:\/\/lifevery.biz.ua\/index.php?rest_route=\/wp\/v2\/posts"}],"about":[{"href":"https:\/\/lifevery.biz.ua\/index.php?rest_route=\/wp\/v2\/types\/post"}],"author":[{"embeddable":true,"href":"https:\/\/lifevery.biz.ua\/index.php?rest_route=\/wp\/v2\/users\/1"}],"replies":[{"embeddable":true,"href":"https:\/\/lifevery.biz.ua\/index.php?rest_route=%2Fwp%2Fv2%2Fcomments&post=20078"}],"version-history":[{"count":1,"href":"https:\/\/lifevery.biz.ua\/index.php?rest_route=\/wp\/v2\/posts\/20078\/revisions"}],"predecessor-version":[{"id":20080,"href":"https:\/\/lifevery.biz.ua\/index.php?rest_route=\/wp\/v2\/posts\/20078\/revisions\/20080"}],"wp:featuredmedia":[{"embeddable":true,"href":"https:\/\/lifevery.biz.ua\/index.php?rest_route=\/wp\/v2\/media\/20079"}],"wp:attachment":[{"href":"https:\/\/lifevery.biz.ua\/index.php?rest_route=%2Fwp%2Fv2%2Fmedia&parent=20078"}],"wp:term":[{"taxonomy":"category","embeddable":true,"href":"https:\/\/lifevery.biz.ua\/index.php?rest_route=%2Fwp%2Fv2%2Fcategories&post=20078"},{"taxonomy":"post_tag","embeddable":true,"href":"https:\/\/lifevery.biz.ua\/index.php?rest_route=%2Fwp%2Fv2%2Ftags&post=20078"}],"curies":[{"name":"wp","href":"https:\/\/api.w.org\/{rel}","templated":true}]}}