{"id":20026,"date":"2026-08-12T06:21:01","date_gmt":"2026-08-12T06:21:01","guid":{"rendered":"https:\/\/lifevery.biz.ua\/?p=20026"},"modified":"2026-08-12T06:21:01","modified_gmt":"2026-08-12T06:21:01","slug":"popisywal-sie-jazda-na-dachu-bmw-pasazer-dostal-mandat-kierowca-stracil-prawko-wideo","status":"publish","type":"post","link":"https:\/\/lifevery.biz.ua\/?p=20026","title":{"rendered":"Popisywa\u0142 si\u0119 jazd\u0105 na dachu BMW. Pasa\u017cer dosta\u0142 mandat, kierowca straci\u0142 prawko [WIDEO]"},"content":{"rendered":"\n<p class=\"wp-block-paragraph\">Do zdarzenia dosz\u0142o w niedzielne popo\u0142udnie na ul. Lwowskiej w Ja\u015ble. Policjanci ruchu drogowego zauwa\u017cyli m\u0142odego m\u0119\u017cczyzn\u0119 siedz\u0105cego na dachu jad\u0105cego BMW. Funkcjonariusze natychmiast zatrzymali samoch\u00f3d do kontroli.<\/p>\n\n\n\n<p class=\"wp-block-paragraph\">Okaza\u0142o si\u0119, \u017ce zar\u00f3wno kierowca, jak i pasa\u017cer s\u0105 mieszka\u0144cami wojew\u00f3dztwa \u015bwi\u0119tokrzyskiego. Badanie alkomatem wykaza\u0142o, \u017ce kieruj\u0105cy by\u0142 trze\u017awy. Pasa\u017cer znajdowa\u0142 si\u0119 natomiast pod wp\u0142ywem alkoholu.<\/p>\n\n\n\n<p class=\"wp-block-paragraph\">M\u0119\u017cczy\u017ani nie potrafili racjonalnie wyja\u015bni\u0107 swojego zachowania. Policjanci uznali, \u017ce kierowca swoim zachowaniem spowodowa\u0142 zagro\u017cenie w ruchu drogowym. Za ten czyn odpowie przed s\u0105dem, a funkcjonariusze zatrzymali mu prawo jazdy. Pasa\u017cer, kt\u00f3ry zdecydowa\u0142 si\u0119 na niebezpieczn\u0105 podr\u00f3\u017c na dachu samochodu, zosta\u0142 ukarany mandatem.<\/p>\n\n\n\n<p class=\"wp-block-paragraph\">https:\/\/www.kryminalki.pl\/player\/embed\/474fb709d0db4d6dc0198f9ac0af1f6355fbf57c?article%5Bid%5D=34485&amp;article%5Btitle%5D=Popisywa%C5%82+si%C4%99+jazd%C4%85+na+dachu+BMW.+Pasa%C5%BCer+dosta%C5%82+mandat%2C+kierowca+straci%C5%82+prawko+%5BWIDEO%5D&amp;article%5Bvideo_adverts%5D=1&amp;article%5Bshow_image%5D=1&amp;article%5Bimage%5D=popisywal-sie-jazda-na-dachu-bmw-pasazer-dostal-mandat-kierowca-stracil-prawko-wideo-1786512825.jpg&amp;article%5Bmain_image_metadata%5D%5Bpl%5D%5Bimage_content%5D=KPP+w+Ja%C5%9Ble&amp;article%5Bmain_image_metadata%5D%5Bdimensions%5D%5Bwidth%5D=1200&amp;article%5Bmain_image_metadata%5D%5Bdimensions%5D%5Bheight%5D=800&amp;routeName=article.single&amp;categoriesIds%5B0%5D=23&amp;categoriesIds%5B1%5D=41&amp;categoriesIds%5B2%5D=50&amp;tagsTitles%5B0%5D=jas%C5%82o&amp;tagsTitles%5B1%5D=bmw&amp;ts=1786515486568<strong>Wi\u0119cej o autorze \/ autorach:<\/strong><\/p>\n","protected":false},"excerpt":{"rendered":"Do zdarzenia dosz\u0142o w niedzielne popo\u0142udnie na ul. Lwowskiej w Ja\u015ble. Policjanci ruchu drogowego zauwa\u017cyli m\u0142odego m\u0119\u017cczyzn\u0119 siedz\u0105cego na dachu jad\u0105cego BMW. Funkcjonariusze \n<a class=\"moretag\" href=\"https:\/\/lifevery.biz.ua\/?p=20026\"> [...]<\/a>","protected":false},"author":1,"featured_media":20027,"comment_status":"open","ping_status":"open","sticky":false,"template":"","format":"standard","meta":{"footnotes":""},"categories":[1],"tags":[],"class_list":["post-20026","post","type-post","status-publish","format-standard","has-post-thumbnail","hentry","category-blog"],"_links":{"self":[{"href":"https:\/\/lifevery.biz.ua\/index.php?rest_route=\/wp\/v2\/posts\/20026","targetHints":{"allow":["GET"]}}],"collection":[{"href":"https:\/\/lifevery.biz.ua\/index.php?rest_route=\/wp\/v2\/posts"}],"about":[{"href":"https:\/\/lifevery.biz.ua\/index.php?rest_route=\/wp\/v2\/types\/post"}],"author":[{"embeddable":true,"href":"https:\/\/lifevery.biz.ua\/index.php?rest_route=\/wp\/v2\/users\/1"}],"replies":[{"embeddable":true,"href":"https:\/\/lifevery.biz.ua\/index.php?rest_route=%2Fwp%2Fv2%2Fcomments&post=20026"}],"version-history":[{"count":1,"href":"https:\/\/lifevery.biz.ua\/index.php?rest_route=\/wp\/v2\/posts\/20026\/revisions"}],"predecessor-version":[{"id":20028,"href":"https:\/\/lifevery.biz.ua\/index.php?rest_route=\/wp\/v2\/posts\/20026\/revisions\/20028"}],"wp:featuredmedia":[{"embeddable":true,"href":"https:\/\/lifevery.biz.ua\/index.php?rest_route=\/wp\/v2\/media\/20027"}],"wp:attachment":[{"href":"https:\/\/lifevery.biz.ua\/index.php?rest_route=%2Fwp%2Fv2%2Fmedia&parent=20026"}],"wp:term":[{"taxonomy":"category","embeddable":true,"href":"https:\/\/lifevery.biz.ua\/index.php?rest_route=%2Fwp%2Fv2%2Fcategories&post=20026"},{"taxonomy":"post_tag","embeddable":true,"href":"https:\/\/lifevery.biz.ua\/index.php?rest_route=%2Fwp%2Fv2%2Ftags&post=20026"}],"curies":[{"name":"wp","href":"https:\/\/api.w.org\/{rel}","templated":true}]}}