{"id":2002,"date":"2026-02-03T19:19:55","date_gmt":"2026-02-03T19:19:55","guid":{"rendered":"https:\/\/lifevery.biz.ua\/?p=2002"},"modified":"2026-02-03T19:19:55","modified_gmt":"2026-02-03T19:19:55","slug":"kolejny-dramat-na-torach-auto-wjechalo-pod-pociag-dwie-osoby-ranne","status":"publish","type":"post","link":"https:\/\/lifevery.biz.ua\/?p=2002","title":{"rendered":"Kolejny dramat na torach. Auto wjecha\u0142o pod poci\u0105g, dwie osoby ranne"},"content":{"rendered":"\n<p>W niedzielny wiecz\u00f3r 25 stycznia 2026 roku w Czerwonaku pod Poznaniem dosz\u0142o do zderzenia samochodu osobowego z poci\u0105giem na niestrze\u017conym przeje\u017adzie kolejowym. S\u0142u\u017cby interweniowa\u0142y na miejscu, a ruch na trasie zosta\u0142 wstrzymany.<\/p>\n\n\n\n<p>Dwie osoby podr\u00f3\u017cuj\u0105ce samochodem zosta\u0142y ranne i przewiezione do szpitala<br>Ruch kolejowy na odcinku mi\u0119dzy Czerwonakiem a Bolechowem zosta\u0142 wstrzymany, wprowadzono komunikacj\u0119 zast\u0119pcz\u0105<br>\u017baden z oko\u0142o 130 pasa\u017cer\u00f3w poci\u0105gu nie odni\u00f3s\u0142 obra\u017ce\u0144<br>Szczeg\u00f3\u0142y zdarzenia<br>Do wypadku dosz\u0142o na niestrze\u017conym przeje\u017adzie kolejowym przy ul. Gdy\u0144skiej w Czerwonaku, na trasie Pozna\u0144 G\u0142\u00f3wny \u2013 W\u0105growiec. Poci\u0105g relacji Pozna\u0144 \u2013 W\u0105growiec uderzy\u0142 w samoch\u00f3d osobowy, co potwierdzi\u0142y Koleje Wielkopolskie.<\/p>\n\n\n\n<p>Zdarzenie mia\u0142o miejsce w niedzielny wiecz\u00f3r, oko\u0142o godziny 20:00, w warunkach marzn\u0105cych opad\u00f3w, co mog\u0142o wp\u0142yn\u0105\u0107 na widoczno\u015b\u0107 i przyczepno\u015b\u0107. Na miejsce przyby\u0142o pi\u0119\u0107 zast\u0119p\u00f3w stra\u017cy po\u017carnej, kt\u00f3re zabezpieczy\u0142y teren.<\/p>\n\n\n\n<p>Policja i s\u0142u\u017cby kolejowe prowadz\u0105 czynno\u015bci wyja\u015bniaj\u0105ce. Na razie nie podano informacji o ewentualnych przyczynach, takich jak awaria sygnalizacji czy b\u0142\u0105d kierowcy.<br><\/p>\n\n\n\n<p>Stan poszkodowanych<br>Dwie osoby z samochodu osobowego odnios\u0142y obra\u017cenia i zosta\u0142y natychmiast przewiezione do szpitala. Ich stan nie jest okre\u015blony jako ci\u0119\u017cki, ale wymagaj\u0105 opieki medycznej.<\/p>\n\n\n\n<p>W poci\u0105gu podr\u00f3\u017cowa\u0142o oko\u0142o 130 pasa\u017cer\u00f3w, z kt\u00f3rych nikt nie ucierpia\u0142 fizycznie. Przewo\u017anik zapewni\u0142, \u017ce wszyscy zostali bezpiecznie ewakuowani lub kontynuowali podr\u00f3\u017c zast\u0119pczym transportem.<\/p>\n\n\n\n<p>S\u0142u\u017cby medyczne potwierdzi\u0142y, \u017ce interwencja by\u0142a szybka, co zapobieg\u0142o powa\u017cniejszym konsekwencjom. Brak doniesie\u0144 o dodatkowych ofiarach.<br><\/p>\n\n\n\n<p>Skutki dla transportu<br>Ruch kolejowy na odcinku mi\u0119dzy Czerwonakiem a Bolechowem zosta\u0142 ca\u0142kowicie wstrzymany po zdarzeniu. Koleje Wielkopolskie uruchomi\u0142y komunikacj\u0119 zast\u0119pcz\u0105 w formie autobus\u00f3w, by minimalizowa\u0107 op\u00f3\u017anienia.<\/p>\n\n\n\n<p>Pasa\u017cerowie mog\u0105 spodziewa\u0107 si\u0119 utrudnie\u0144 na ca\u0142ej trasie Pozna\u0144 \u2013 W\u0105growiec, w tym op\u00f3\u017anie\u0144 spowodowanych nie tylko wypadkiem, ale te\u017c trudnymi warunkami pogodowymi, takimi jak marzn\u0105ce opady.<\/p>\n\n\n\n<p>mo\u017cliwe op\u00f3\u017anienia w po\u0142\u0105czeniach: do 60 minut lub wi\u0119cej,<br>komunikacja zast\u0119pcza: mi\u0119dzy Czerwonakiem a Bolechowem,<br>zalecenia: sprawdzanie aktualnych rozk\u0142ad\u00f3w na stronie przewo\u017anika.<br>Ruch drogowy w okolicy przejazdu nie zosta\u0142 znacz\u0105co zak\u0142\u00f3cony, ale kierowcy proszeni s\u0105 o ostro\u017cno\u015b\u0107 w rejonie ul. Gdy\u0144skiej.<\/p>\n\n\n\n<p>Dzia\u0142ania s\u0142u\u017cb i dalsze kroki<br>Stra\u017c po\u017carna zabezpieczy\u0142a miejsce wypadku, usuwaj\u0105c zagro\u017cenia i wspomagaj\u0105c ewakuacj\u0119. Na miejsce skierowano pi\u0119\u0107 zast\u0119p\u00f3w, co zapewni\u0142o szybk\u0105 reakcj\u0119.<\/p>\n\n\n\n<p>Policja prowadzi dochodzenie w sprawie okoliczno\u015bci zdarzenia. B\u0119d\u0105 analizowane nagrania z kamer, zeznania \u015bwiadk\u00f3w oraz dane z czarnych skrzynek poci\u0105gu.<\/p>\n\n\n\n<p>Koleje Wielkopolskie wyda\u0142y komunikat ostrzegaj\u0105cy przed dodatkowymi utrudnieniami pogodowymi. Pasa\u017cerowie proszeni s\u0105 o monitorowanie informacji na bie\u017c\u0105co.<\/p>\n\n\n\n<p>\u0179r\u00f3d\u0142o: Goniec.pl<br><\/p>\n","protected":false},"excerpt":{"rendered":"W niedzielny wiecz\u00f3r 25 stycznia 2026 roku w Czerwonaku pod Poznaniem dosz\u0142o do zderzenia samochodu osobowego z poci\u0105giem na niestrze\u017conym przeje\u017adzie kolejowym. S\u0142u\u017cby \n<a class=\"moretag\" href=\"https:\/\/lifevery.biz.ua\/?p=2002\"> [...]<\/a>","protected":false},"author":1,"featured_media":2003,"comment_status":"open","ping_status":"open","sticky":false,"template":"","format":"standard","meta":{"footnotes":""},"categories":[1],"tags":[],"class_list":["post-2002","post","type-post","status-publish","format-standard","has-post-thumbnail","hentry","category-blog"],"_links":{"self":[{"href":"https:\/\/lifevery.biz.ua\/index.php?rest_route=\/wp\/v2\/posts\/2002","targetHints":{"allow":["GET"]}}],"collection":[{"href":"https:\/\/lifevery.biz.ua\/index.php?rest_route=\/wp\/v2\/posts"}],"about":[{"href":"https:\/\/lifevery.biz.ua\/index.php?rest_route=\/wp\/v2\/types\/post"}],"author":[{"embeddable":true,"href":"https:\/\/lifevery.biz.ua\/index.php?rest_route=\/wp\/v2\/users\/1"}],"replies":[{"embeddable":true,"href":"https:\/\/lifevery.biz.ua\/index.php?rest_route=%2Fwp%2Fv2%2Fcomments&post=2002"}],"version-history":[{"count":1,"href":"https:\/\/lifevery.biz.ua\/index.php?rest_route=\/wp\/v2\/posts\/2002\/revisions"}],"predecessor-version":[{"id":2004,"href":"https:\/\/lifevery.biz.ua\/index.php?rest_route=\/wp\/v2\/posts\/2002\/revisions\/2004"}],"wp:featuredmedia":[{"embeddable":true,"href":"https:\/\/lifevery.biz.ua\/index.php?rest_route=\/wp\/v2\/media\/2003"}],"wp:attachment":[{"href":"https:\/\/lifevery.biz.ua\/index.php?rest_route=%2Fwp%2Fv2%2Fmedia&parent=2002"}],"wp:term":[{"taxonomy":"category","embeddable":true,"href":"https:\/\/lifevery.biz.ua\/index.php?rest_route=%2Fwp%2Fv2%2Fcategories&post=2002"},{"taxonomy":"post_tag","embeddable":true,"href":"https:\/\/lifevery.biz.ua\/index.php?rest_route=%2Fwp%2Fv2%2Ftags&post=2002"}],"curies":[{"name":"wp","href":"https:\/\/api.w.org\/{rel}","templated":true}]}}