{"id":19990,"date":"2026-08-11T20:01:26","date_gmt":"2026-08-11T20:01:26","guid":{"rendered":"https:\/\/lifevery.biz.ua\/?p=19990"},"modified":"2026-08-11T20:01:26","modified_gmt":"2026-08-11T20:01:26","slug":"21-latek-kierujacy-bmw-zderzyl-sie-czolowo-z-innym-autem-dwie-osoby-zostaly-ranne","status":"publish","type":"post","link":"https:\/\/lifevery.biz.ua\/?p=19990","title":{"rendered":"21-latek kieruj\u0105cy BMW zderzy\u0142 si\u0119 czo\u0142owo z innym autem. Dwie osoby zosta\u0142y ranne"},"content":{"rendered":"\n<p class=\"wp-block-paragraph\">Do zdarzenia dosz\u0142o w Korytkowie Du\u017cym. Policjanci otrzymali zg\u0142oszenie o wypadku na drodze wojew\u00f3dzkiej nr 835 oko\u0142o godziny 16:40. Ze wst\u0119pnych ustale\u0144 funkcjonariuszy wynika, \u017ce 21-letni mieszkaniec Bi\u0142goraja kieruj\u0105cy BMW jecha\u0142 w kierunku Frampola. Na \u0142uku drogi, z nieustalonych obecnie przyczyn, zjecha\u0142 na przeciwny pas ruchu, gdzie dosz\u0142o do czo\u0142owego zderzenia z Suzuki.<\/p>\n\n\n\n<p class=\"wp-block-paragraph\">Drugim pojazdem kierowa\u0142a 69-letnia mieszkanka gminy Bi\u0142goraj. Po zderzeniu oba samochody zatrzyma\u0142y si\u0119 w przydro\u017cnych rowach. Kieruj\u0105cy podr\u00f3\u017cowali sami. 21-latek zosta\u0142 zakleszczony w rozbitym BMW. Stra\u017cacy przy u\u017cyciu specjalistycznego sprz\u0119tu wydobyli go z pojazdu. Oboje kieruj\u0105cy zostali przetransportowani do szpitali. 69-latka nie dozna\u0142a powa\u017cnych obra\u017ce\u0144.<\/p>\n\n\n\n<p class=\"wp-block-paragraph\">Policjanci ustalili, \u017ce kobieta by\u0142a trze\u017awa. Od 21-letniego kierowcy pobrano krew do bada\u0144, kt\u00f3re maj\u0105 okre\u015bli\u0107 jego stan trze\u017awo\u015bci. Na czas prowadzonych czynno\u015bci droga w miejscu wypadku by\u0142a zablokowana. Policjanci kierowali kierowc\u00f3w na wyznaczone objazdy. Funkcjonariusze ustalaj\u0105 dok\u0142adne przyczyny i okoliczno\u015bci zdarzenia. Apeluj\u0105 r\u00f3wnie\u017c o ostro\u017cno\u015b\u0107 i dostosowanie pr\u0119dko\u015bci do warunk\u00f3w na drodze.<\/p>\n\n\n\n<p class=\"wp-block-paragraph\">Wi\u0119cej o autorze \/ autorach:<\/p>\n","protected":false},"excerpt":{"rendered":"Do zdarzenia dosz\u0142o w Korytkowie Du\u017cym. Policjanci otrzymali zg\u0142oszenie o wypadku na drodze wojew\u00f3dzkiej nr 835 oko\u0142o godziny 16:40. Ze wst\u0119pnych ustale\u0144 funkcjonariuszy \n<a class=\"moretag\" href=\"https:\/\/lifevery.biz.ua\/?p=19990\"> [...]<\/a>","protected":false},"author":1,"featured_media":19991,"comment_status":"open","ping_status":"open","sticky":false,"template":"","format":"standard","meta":{"footnotes":""},"categories":[1],"tags":[],"class_list":["post-19990","post","type-post","status-publish","format-standard","has-post-thumbnail","hentry","category-blog"],"_links":{"self":[{"href":"https:\/\/lifevery.biz.ua\/index.php?rest_route=\/wp\/v2\/posts\/19990","targetHints":{"allow":["GET"]}}],"collection":[{"href":"https:\/\/lifevery.biz.ua\/index.php?rest_route=\/wp\/v2\/posts"}],"about":[{"href":"https:\/\/lifevery.biz.ua\/index.php?rest_route=\/wp\/v2\/types\/post"}],"author":[{"embeddable":true,"href":"https:\/\/lifevery.biz.ua\/index.php?rest_route=\/wp\/v2\/users\/1"}],"replies":[{"embeddable":true,"href":"https:\/\/lifevery.biz.ua\/index.php?rest_route=%2Fwp%2Fv2%2Fcomments&post=19990"}],"version-history":[{"count":1,"href":"https:\/\/lifevery.biz.ua\/index.php?rest_route=\/wp\/v2\/posts\/19990\/revisions"}],"predecessor-version":[{"id":19992,"href":"https:\/\/lifevery.biz.ua\/index.php?rest_route=\/wp\/v2\/posts\/19990\/revisions\/19992"}],"wp:featuredmedia":[{"embeddable":true,"href":"https:\/\/lifevery.biz.ua\/index.php?rest_route=\/wp\/v2\/media\/19991"}],"wp:attachment":[{"href":"https:\/\/lifevery.biz.ua\/index.php?rest_route=%2Fwp%2Fv2%2Fmedia&parent=19990"}],"wp:term":[{"taxonomy":"category","embeddable":true,"href":"https:\/\/lifevery.biz.ua\/index.php?rest_route=%2Fwp%2Fv2%2Fcategories&post=19990"},{"taxonomy":"post_tag","embeddable":true,"href":"https:\/\/lifevery.biz.ua\/index.php?rest_route=%2Fwp%2Fv2%2Ftags&post=19990"}],"curies":[{"name":"wp","href":"https:\/\/api.w.org\/{rel}","templated":true}]}}