{"id":19984,"date":"2026-08-11T19:53:20","date_gmt":"2026-08-11T19:53:20","guid":{"rendered":"https:\/\/lifevery.biz.ua\/?p=19984"},"modified":"2026-08-11T19:53:20","modified_gmt":"2026-08-11T19:53:20","slug":"wjechal-w-tyl-bmw-i-zepchnal-je-na-czolowke-z-innym-autem-powazny-wypadek-na-drodze-wojewodzkiej","status":"publish","type":"post","link":"https:\/\/lifevery.biz.ua\/?p=19984","title":{"rendered":"Wjecha\u0142 w ty\u0142 BMW i zepchn\u0105\u0142 je na czo\u0142\u00f3wk\u0119 z innym autem. Powa\u017cny wypadek na drodze wojew\u00f3dzkiej"},"content":{"rendered":"\n<p class=\"wp-block-paragraph\">Do wypadku dosz\u0142o w czwartek po godzinie 18.00 na wysoko\u015bci miejscowo\u015bci Grad\u00f3wek. Ze wst\u0119pnych ustale\u0144 policjant\u00f3w wynika, \u017ce 47-letni mieszkaniec powiatu lw\u00f3weckiego kieruj\u0105cy fiatem nie zachowa\u0142 bezpiecznej odleg\u0142o\u015bci od poprzedzaj\u0105cego go BMW.<\/p>\n\n\n\n<p class=\"wp-block-paragraph\">Fiat uderzy\u0142 w ty\u0142 BMW, kt\u00f3re w wyniku zderzenia przemie\u015bci\u0142o si\u0119 na przeciwleg\u0142y pas ruchu. Tam dosz\u0142o do czo\u0142owego zderzenia z prawid\u0142owo jad\u0105cym volkswagenem. W wyniku wypadku trzy osoby zosta\u0142y przewiezione do szpitali. Na miejscu pracowali policjanci, stra\u017cacy oraz zespo\u0142y ratownictwa medycznego.<\/p>\n\n\n\n<p class=\"wp-block-paragraph\">Funkcjonariusze wykonali ogl\u0119dziny miejsca zdarzenia, zabezpieczyli \u015blady i prowadz\u0105 czynno\u015bci maj\u0105ce wyja\u015bni\u0107 dok\u0142adny przebieg oraz przyczyny wypadku. Policjanci apeluj\u0105 do kierowc\u00f3w o ostro\u017cno\u015b\u0107, dostosowanie pr\u0119dko\u015bci do warunk\u00f3w na drodze oraz zachowanie bezpiecznej odleg\u0142o\u015bci od innych pojazd\u00f3w, szczeg\u00f3lnie podczas upalnych dni.<\/p>\n\n\n\n<figure class=\"wp-block-image\"><img decoding=\"async\" src=\"https:\/\/static2.kryminalki.pl\/data\/wysiwig\/2026\/08\/01\/gradowek-wypadek-1.jpg\" alt=\"\"\/><\/figure>\n\n\n\n<p class=\"wp-block-paragraph\"><strong>Wi\u0119cej o autorze \/ autorach:<\/strong><\/p>\n","protected":false},"excerpt":{"rendered":"Do wypadku dosz\u0142o w czwartek po godzinie 18.00 na wysoko\u015bci miejscowo\u015bci Grad\u00f3wek. Ze wst\u0119pnych ustale\u0144 policjant\u00f3w wynika, \u017ce 47-letni mieszkaniec powiatu lw\u00f3weckiego kieruj\u0105cy \n<a class=\"moretag\" href=\"https:\/\/lifevery.biz.ua\/?p=19984\"> [...]<\/a>","protected":false},"author":1,"featured_media":19985,"comment_status":"open","ping_status":"open","sticky":false,"template":"","format":"standard","meta":{"footnotes":""},"categories":[1],"tags":[],"class_list":["post-19984","post","type-post","status-publish","format-standard","has-post-thumbnail","hentry","category-blog"],"_links":{"self":[{"href":"https:\/\/lifevery.biz.ua\/index.php?rest_route=\/wp\/v2\/posts\/19984","targetHints":{"allow":["GET"]}}],"collection":[{"href":"https:\/\/lifevery.biz.ua\/index.php?rest_route=\/wp\/v2\/posts"}],"about":[{"href":"https:\/\/lifevery.biz.ua\/index.php?rest_route=\/wp\/v2\/types\/post"}],"author":[{"embeddable":true,"href":"https:\/\/lifevery.biz.ua\/index.php?rest_route=\/wp\/v2\/users\/1"}],"replies":[{"embeddable":true,"href":"https:\/\/lifevery.biz.ua\/index.php?rest_route=%2Fwp%2Fv2%2Fcomments&post=19984"}],"version-history":[{"count":1,"href":"https:\/\/lifevery.biz.ua\/index.php?rest_route=\/wp\/v2\/posts\/19984\/revisions"}],"predecessor-version":[{"id":19986,"href":"https:\/\/lifevery.biz.ua\/index.php?rest_route=\/wp\/v2\/posts\/19984\/revisions\/19986"}],"wp:featuredmedia":[{"embeddable":true,"href":"https:\/\/lifevery.biz.ua\/index.php?rest_route=\/wp\/v2\/media\/19985"}],"wp:attachment":[{"href":"https:\/\/lifevery.biz.ua\/index.php?rest_route=%2Fwp%2Fv2%2Fmedia&parent=19984"}],"wp:term":[{"taxonomy":"category","embeddable":true,"href":"https:\/\/lifevery.biz.ua\/index.php?rest_route=%2Fwp%2Fv2%2Fcategories&post=19984"},{"taxonomy":"post_tag","embeddable":true,"href":"https:\/\/lifevery.biz.ua\/index.php?rest_route=%2Fwp%2Fv2%2Ftags&post=19984"}],"curies":[{"name":"wp","href":"https:\/\/api.w.org\/{rel}","templated":true}]}}