{"id":19966,"date":"2026-08-11T19:26:33","date_gmt":"2026-08-11T19:26:33","guid":{"rendered":"https:\/\/lifevery.biz.ua\/?p=19966"},"modified":"2026-08-11T19:26:33","modified_gmt":"2026-08-11T19:26:33","slug":"jechali-we-dwoch-na-jednej-hulajnodze-elektrycznej-i-zderzyli-sie-z-autem-kierowal-14-latek","status":"publish","type":"post","link":"https:\/\/lifevery.biz.ua\/?p=19966","title":{"rendered":"Jechali we dw\u00f3ch na jednej hulajnodze elektrycznej i zderzyli si\u0119 z autem. Kierowa\u0142 14-latek"},"content":{"rendered":"\n<p class=\"wp-block-paragraph\">Do zdarzenia dosz\u0142o w poniedzia\u0142ek w dzielnicy Bielszowice. Jak ustalili policjanci, hulajnog\u0105 kierowa\u0142 14-latek, kt\u00f3ry porusza\u0142 si\u0119 chodnikiem i przewozi\u0142 swojego 15-letniego koleg\u0119.<\/p>\n\n\n\n<p class=\"wp-block-paragraph\">Podczas nieprawid\u0142owo wykonanego manewru omijania nastolatek doprowadzi\u0142 do zderzenia z samochodem osobowym. Policja podkre\u015bla, \u017ce tylko dzi\u0119ki temu, i\u017c pojazd nie znajdowa\u0142 si\u0119 w ruchu, zdarzenie nie zako\u0144czy\u0142o si\u0119 powa\u017cniejszymi konsekwencjami.<\/p>\n\n\n\n<p class=\"wp-block-paragraph\">Przepisy zabraniaj\u0105 przewo\u017cenia drugiej osoby na hulajnodze elektrycznej. Osoby w wieku od 13 do 18 lat musz\u0105 ponadto posiada\u0107 kart\u0119 rowerow\u0105 albo odpowiednie prawo jazdy. Od 3 czerwca 2026 roku osoby, kt\u00f3re nie uko\u0144czy\u0142y 16 lat, maj\u0105 r\u00f3wnie\u017c obowi\u0105zek jazdy w kasku ochronnym.<\/p>\n\n\n\n<p class=\"wp-block-paragraph\">Po zako\u0144czeniu policyjnych czynno\u015bci dokumentacja zostanie przekazana do Wydzia\u0142u Rodzinnego i Nieletnich S\u0105du Rejonowego w Rudzie \u015al\u0105skiej.<\/p>\n\n\n\n<figure class=\"wp-block-image\"><img decoding=\"async\" src=\"https:\/\/static2.kryminalki.pl\/data\/wysiwig\/2026\/08\/05\/36-950243.jpg\" alt=\"\"\/><\/figure>\n\n\n\n<p class=\"wp-block-paragraph\"><strong>Wi\u0119cej o autorze \/ autorach:<\/strong><\/p>\n","protected":false},"excerpt":{"rendered":"Do zdarzenia dosz\u0142o w poniedzia\u0142ek w dzielnicy Bielszowice. Jak ustalili policjanci, hulajnog\u0105 kierowa\u0142 14-latek, kt\u00f3ry porusza\u0142 si\u0119 chodnikiem i przewozi\u0142 swojego 15-letniego koleg\u0119. \n<a class=\"moretag\" href=\"https:\/\/lifevery.biz.ua\/?p=19966\"> [...]<\/a>","protected":false},"author":1,"featured_media":19967,"comment_status":"open","ping_status":"open","sticky":false,"template":"","format":"standard","meta":{"footnotes":""},"categories":[1],"tags":[],"class_list":["post-19966","post","type-post","status-publish","format-standard","has-post-thumbnail","hentry","category-blog"],"_links":{"self":[{"href":"https:\/\/lifevery.biz.ua\/index.php?rest_route=\/wp\/v2\/posts\/19966","targetHints":{"allow":["GET"]}}],"collection":[{"href":"https:\/\/lifevery.biz.ua\/index.php?rest_route=\/wp\/v2\/posts"}],"about":[{"href":"https:\/\/lifevery.biz.ua\/index.php?rest_route=\/wp\/v2\/types\/post"}],"author":[{"embeddable":true,"href":"https:\/\/lifevery.biz.ua\/index.php?rest_route=\/wp\/v2\/users\/1"}],"replies":[{"embeddable":true,"href":"https:\/\/lifevery.biz.ua\/index.php?rest_route=%2Fwp%2Fv2%2Fcomments&post=19966"}],"version-history":[{"count":1,"href":"https:\/\/lifevery.biz.ua\/index.php?rest_route=\/wp\/v2\/posts\/19966\/revisions"}],"predecessor-version":[{"id":19968,"href":"https:\/\/lifevery.biz.ua\/index.php?rest_route=\/wp\/v2\/posts\/19966\/revisions\/19968"}],"wp:featuredmedia":[{"embeddable":true,"href":"https:\/\/lifevery.biz.ua\/index.php?rest_route=\/wp\/v2\/media\/19967"}],"wp:attachment":[{"href":"https:\/\/lifevery.biz.ua\/index.php?rest_route=%2Fwp%2Fv2%2Fmedia&parent=19966"}],"wp:term":[{"taxonomy":"category","embeddable":true,"href":"https:\/\/lifevery.biz.ua\/index.php?rest_route=%2Fwp%2Fv2%2Fcategories&post=19966"},{"taxonomy":"post_tag","embeddable":true,"href":"https:\/\/lifevery.biz.ua\/index.php?rest_route=%2Fwp%2Fv2%2Ftags&post=19966"}],"curies":[{"name":"wp","href":"https:\/\/api.w.org\/{rel}","templated":true}]}}