{"id":19948,"date":"2026-08-11T18:29:41","date_gmt":"2026-08-11T18:29:41","guid":{"rendered":"https:\/\/lifevery.biz.ua\/?p=19948"},"modified":"2026-08-11T18:29:41","modified_gmt":"2026-08-11T18:29:41","slug":"mial-zakaz-prowadzenia-a-mimo-to-wsiadl-na-motocykl-po-kolizji-wyrzucil-tablice-rejestracyjna","status":"publish","type":"post","link":"https:\/\/lifevery.biz.ua\/?p=19948","title":{"rendered":"Mia\u0142 zakaz prowadzenia, a mimo to wsiad\u0142 na motocykl. Po kolizji wyrzuci\u0142 tablic\u0119 rejestracyjn\u0105"},"content":{"rendered":"\n<p class=\"wp-block-paragraph\">Do zdarzenia dosz\u0142o w czwartek na zje\u017adzie z drogi S12. 26-letni mieszkaniec gminy Niemce jecha\u0142 motocyklem z nadmiern\u0105 pr\u0119dko\u015bci\u0105. W pewnym momencie straci\u0142 panowanie nad jedno\u015bladem i zderzy\u0142 si\u0119 z samochodem marki Volvo. Po kolizji motocyklista podni\u00f3s\u0142 motocykl i przeprowadzi\u0142 go na pobocze. Nast\u0119pnie odczepi\u0142 tablic\u0119 rejestracyjn\u0105 i zrzuci\u0142 j\u0105 z wiaduktu na traw\u0119. Policjanci odnale\u017ali tablic\u0119 i sprawdzili jej numer. Okaza\u0142o si\u0119, \u017ce by\u0142a przypisana do innego pojazdu.<\/p>\n\n\n\n<p class=\"wp-block-paragraph\">Kontrola w policyjnych systemach wykaza\u0142a kolejne nieprawid\u0142owo\u015bci. Motocykl nie mia\u0142 aktualnych bada\u0144 technicznych ani obowi\u0105zkowego ubezpieczenia OC. 26-latek posiada\u0142 natomiast aktualny, trzyletni zakaz prowadzenia pojazd\u00f3w. M\u0119\u017cczyzna by\u0142 trze\u017awy, jednak w wyniku zdarzenia dozna\u0142 obra\u017ce\u0144 i trafi\u0142 do szpitala. Motocykl zosta\u0142 zabezpieczony na parkingu strze\u017conym.<\/p>\n\n\n\n<p class=\"wp-block-paragraph\">26-latek wkr\u00f3tce odpowie przed s\u0105dem. Za pope\u0142nione przest\u0119pstwa grozi mu do 5 lat pozbawienia wolno\u015bci. Odpowie r\u00f3wnie\u017c za spowodowanie kolizji oraz nieprawid\u0142owo\u015bci zwi\u0105zane ze stanem technicznym pojazdu.<\/p>\n","protected":false},"excerpt":{"rendered":"Do zdarzenia dosz\u0142o w czwartek na zje\u017adzie z drogi S12. 26-letni mieszkaniec gminy Niemce jecha\u0142 motocyklem z nadmiern\u0105 pr\u0119dko\u015bci\u0105. W pewnym momencie straci\u0142 \n<a class=\"moretag\" href=\"https:\/\/lifevery.biz.ua\/?p=19948\"> [...]<\/a>","protected":false},"author":1,"featured_media":19949,"comment_status":"open","ping_status":"open","sticky":false,"template":"","format":"standard","meta":{"footnotes":""},"categories":[1],"tags":[],"class_list":["post-19948","post","type-post","status-publish","format-standard","has-post-thumbnail","hentry","category-blog"],"_links":{"self":[{"href":"https:\/\/lifevery.biz.ua\/index.php?rest_route=\/wp\/v2\/posts\/19948","targetHints":{"allow":["GET"]}}],"collection":[{"href":"https:\/\/lifevery.biz.ua\/index.php?rest_route=\/wp\/v2\/posts"}],"about":[{"href":"https:\/\/lifevery.biz.ua\/index.php?rest_route=\/wp\/v2\/types\/post"}],"author":[{"embeddable":true,"href":"https:\/\/lifevery.biz.ua\/index.php?rest_route=\/wp\/v2\/users\/1"}],"replies":[{"embeddable":true,"href":"https:\/\/lifevery.biz.ua\/index.php?rest_route=%2Fwp%2Fv2%2Fcomments&post=19948"}],"version-history":[{"count":1,"href":"https:\/\/lifevery.biz.ua\/index.php?rest_route=\/wp\/v2\/posts\/19948\/revisions"}],"predecessor-version":[{"id":19950,"href":"https:\/\/lifevery.biz.ua\/index.php?rest_route=\/wp\/v2\/posts\/19948\/revisions\/19950"}],"wp:featuredmedia":[{"embeddable":true,"href":"https:\/\/lifevery.biz.ua\/index.php?rest_route=\/wp\/v2\/media\/19949"}],"wp:attachment":[{"href":"https:\/\/lifevery.biz.ua\/index.php?rest_route=%2Fwp%2Fv2%2Fmedia&parent=19948"}],"wp:term":[{"taxonomy":"category","embeddable":true,"href":"https:\/\/lifevery.biz.ua\/index.php?rest_route=%2Fwp%2Fv2%2Fcategories&post=19948"},{"taxonomy":"post_tag","embeddable":true,"href":"https:\/\/lifevery.biz.ua\/index.php?rest_route=%2Fwp%2Fv2%2Ftags&post=19948"}],"curies":[{"name":"wp","href":"https:\/\/api.w.org\/{rel}","templated":true}]}}