{"id":19945,"date":"2026-08-11T18:25:33","date_gmt":"2026-08-11T18:25:33","guid":{"rendered":"https:\/\/lifevery.biz.ua\/?p=19945"},"modified":"2026-08-11T18:25:33","modified_gmt":"2026-08-11T18:25:33","slug":"bmw-zderzylo-sie-z-mercedesem-i-dachowalo-57-letni-kierowca-zginal-na-miejscu","status":"publish","type":"post","link":"https:\/\/lifevery.biz.ua\/?p=19945","title":{"rendered":"BMW zderzy\u0142o si\u0119 z Mercedesem i dachowa\u0142o. 57-letni kierowca zgin\u0105\u0142 na miejscu"},"content":{"rendered":"\n<p class=\"wp-block-paragraph\">Do wypadku dosz\u0142o wczoraj po godzinie 17 w miejscowo\u015bci Krzywice-Kolonia w gminie Che\u0142m. Policjanci wst\u0119pnie ustalili, \u017ce kieruj\u0105cy BMW wykonywa\u0142 manewr wyprzedzania jad\u0105cego przed nim Mercedesa. W tym samym czasie kierowca Mercedesa rozpocz\u0105\u0142 skr\u0119t w lewo w drog\u0119 poln\u0105. Dosz\u0142o do zderzenia obu samochod\u00f3w. BMW zjecha\u0142o z drogi i dachowa\u0142o.<\/p>\n\n\n\n<p class=\"wp-block-paragraph\">57-letni kierowca BMW dozna\u0142 powa\u017cnych obra\u017ce\u0144 i zmar\u0142 na miejscu. Kieruj\u0105cy Mercedesem 40-latek nie odni\u00f3s\u0142 obra\u017ce\u0144. Badanie alkomatem wykaza\u0142o, \u017ce by\u0142 trze\u017awy. Od m\u0119\u017cczyzny pobrano r\u00f3wnie\u017c krew do dalszych bada\u0144. Na miejscu pracowali policjanci pod nadzorem prokuratora. Oba pojazdy oraz cia\u0142o zmar\u0142ego zosta\u0142y zabezpieczone do dalszych czynno\u015bci procesowych.<\/p>\n\n\n\n<p class=\"wp-block-paragraph\">W czasie dzia\u0142a\u0144 s\u0142u\u017cb droga by\u0142a ca\u0142kowicie zablokowana. Policjanci kierowali kierowc\u00f3w na drogi alternatywne. Dok\u0142adne okoliczno\u015bci i przyczyny wypadku s\u0105 wyja\u015bniane.<\/p>\n\n\n\n<figure class=\"wp-block-image\"><img decoding=\"async\" src=\"https:\/\/static2.kryminalki.pl\/data\/wysiwig\/2026\/08\/10\/krzywice-kolonia-wypadek-smiertelny-bmw-mercedes.jpg\" alt=\"\"\/><\/figure>\n\n\n\n<p class=\"wp-block-paragraph\"><strong>Wi\u0119cej o autorze \/ autorach:<\/strong><\/p>\n","protected":false},"excerpt":{"rendered":"Do wypadku dosz\u0142o wczoraj po godzinie 17 w miejscowo\u015bci Krzywice-Kolonia w gminie Che\u0142m. Policjanci wst\u0119pnie ustalili, \u017ce kieruj\u0105cy BMW wykonywa\u0142 manewr wyprzedzania jad\u0105cego \n<a class=\"moretag\" href=\"https:\/\/lifevery.biz.ua\/?p=19945\"> [...]<\/a>","protected":false},"author":1,"featured_media":19946,"comment_status":"open","ping_status":"open","sticky":false,"template":"","format":"standard","meta":{"footnotes":""},"categories":[1],"tags":[],"class_list":["post-19945","post","type-post","status-publish","format-standard","has-post-thumbnail","hentry","category-blog"],"_links":{"self":[{"href":"https:\/\/lifevery.biz.ua\/index.php?rest_route=\/wp\/v2\/posts\/19945","targetHints":{"allow":["GET"]}}],"collection":[{"href":"https:\/\/lifevery.biz.ua\/index.php?rest_route=\/wp\/v2\/posts"}],"about":[{"href":"https:\/\/lifevery.biz.ua\/index.php?rest_route=\/wp\/v2\/types\/post"}],"author":[{"embeddable":true,"href":"https:\/\/lifevery.biz.ua\/index.php?rest_route=\/wp\/v2\/users\/1"}],"replies":[{"embeddable":true,"href":"https:\/\/lifevery.biz.ua\/index.php?rest_route=%2Fwp%2Fv2%2Fcomments&post=19945"}],"version-history":[{"count":1,"href":"https:\/\/lifevery.biz.ua\/index.php?rest_route=\/wp\/v2\/posts\/19945\/revisions"}],"predecessor-version":[{"id":19947,"href":"https:\/\/lifevery.biz.ua\/index.php?rest_route=\/wp\/v2\/posts\/19945\/revisions\/19947"}],"wp:featuredmedia":[{"embeddable":true,"href":"https:\/\/lifevery.biz.ua\/index.php?rest_route=\/wp\/v2\/media\/19946"}],"wp:attachment":[{"href":"https:\/\/lifevery.biz.ua\/index.php?rest_route=%2Fwp%2Fv2%2Fmedia&parent=19945"}],"wp:term":[{"taxonomy":"category","embeddable":true,"href":"https:\/\/lifevery.biz.ua\/index.php?rest_route=%2Fwp%2Fv2%2Fcategories&post=19945"},{"taxonomy":"post_tag","embeddable":true,"href":"https:\/\/lifevery.biz.ua\/index.php?rest_route=%2Fwp%2Fv2%2Ftags&post=19945"}],"curies":[{"name":"wp","href":"https:\/\/api.w.org\/{rel}","templated":true}]}}