{"id":1993,"date":"2026-02-03T19:09:21","date_gmt":"2026-02-03T19:09:21","guid":{"rendered":"https:\/\/lifevery.biz.ua\/?p=1993"},"modified":"2026-02-03T19:09:21","modified_gmt":"2026-02-03T19:09:21","slug":"zwiastun-diabel-ubiera-sie-u-prady-2-juz-dostepny-zobacz-jak-zmienily-sie-bohaterki-po-20-latach","status":"publish","type":"post","link":"https:\/\/lifevery.biz.ua\/?p=1993","title":{"rendered":"Zwiastun \u201eDiabe\u0142 ubiera si\u0119 u Prady 2\u201d ju\u017c dost\u0119pny. Zobacz, jak zmieni\u0142y si\u0119 bohaterki po 20 latach"},"content":{"rendered":"\n<h2 class=\"wp-block-heading\">Druga cz\u0119\u015b\u0107 \u201e<a href=\"https:\/\/www.rmf.fm\/magazyn\/tag,Diabe%C5%82%20ubiera%20si%C4%99%20u%20Prady.html\">Diabe\u0142 ubiera si\u0119 u Prady<\/a>\u201d. Zobacz zwiastun<\/h2>\n\n\n\n<p><strong>\u201eDiabe\u0142 ubiera si\u0119 u Prady\u201d wraca na ekrany!<\/strong>&nbsp;Wytw\u00f3rnia 20th Century Studios opublikowa\u0142a pe\u0142ny&nbsp;<strong>zwiastun drugiej cz\u0119\u015bci kultowego filmu z 2006 roku<\/strong>, ponownie zabieraj\u0105c widz\u00f3w do \u015bwiata magazynu \u201eRunway\u201d. Po latach dochodzi do spotkania g\u0142\u00f3wnych bohaterek, a zmieniona rzeczywisto\u015b\u0107 bran\u017cy medialnej sprawia, \u017ce dawny uk\u0142ad si\u0142 przestaje obowi\u0105zywa\u0107.<\/p>\n\n\n\n<h2 class=\"wp-block-heading\">O czym b\u0119dzie \u201eDiabe\u0142 ubiera si\u0119 u Prady 2\u201d?<\/h2>\n\n\n\n<p>W drugiej cz\u0119\u015bci&nbsp;<a href=\"https:\/\/www.rmf.fm\/magazyn\/tag,Miranda%20Priestly.html\">Miranda Priestly<\/a>, surowa i bezkompromisowa redaktor naczelna magazynu modowego \u201eRunway\u201d, staje w obliczu kryzysu prasy drukowanej i spadkiem znaczenia tradycyjnych medi\u00f3w.&nbsp;<strong>Magazyn walczy o przetrwanie w \u015bwiecie zdominowanym przez media cyfrowe, a Miranda musi szuka\u0107 wsparcia finansowego u swojej dawnej asystentki Emily<\/strong>, kt\u00f3ra dzi\u015b jest wp\u0142ywow\u0105 mened\u017cerk\u0105 w luksusowym koncernie reklamowym. Role si\u0119 odwracaj\u0105 \u2013 teraz to Miranda musi zabiega\u0107 o wzgl\u0119dy swojej dawnej podw\u0142adnej.<\/p>\n\n\n\n<p><strong>Do redakcji \u201eRunway\u201d powraca tak\u017ce Andy Sachs, tym razem w zupe\u0142nie nowej roli<\/strong>. Grana przez Anne Hathaway bohaterka nie jest ju\u017c zagubion\u0105 asystentk\u0105, lecz pewn\u0105 siebie, do\u015bwiadczon\u0105 dziennikark\u0105 i szefow\u0105 dzia\u0142u reporta\u017cu. W zwiastunie widzimy, jak&nbsp;<strong>Miranda nie rozpoznaje Andy<\/strong>, co natychmiast wywo\u0142a\u0142o \u017cywio\u0142owe reakcje w\u015br\u00f3d fan\u00f3w. \u201eFakt, \u017ce Miranda ca\u0142kowicie zapomina o wydarzeniach z pierwszego filmu, bo uzna\u0142a je za niewarte uwagi, to genialne posuni\u0119cie\u201d \u2013 komentuj\u0105 internauci pod zapowiedzi\u0105, kt\u00f3r\u0105 w zaledwie kilka godzin obejrza\u0142y miliony widz\u00f3w.<\/p>\n\n\n\n<p>Nowy zwiastun sugeruje napi\u0119cia, rywalizacj\u0119 i zmian\u0119 uk\u0142adu si\u0142 mi\u0119dzy bohaterkami.<\/p>\n\n\n\n<h2 class=\"wp-block-heading\">Obsada \u201eDiabe\u0142 ubiera si\u0119 u Prady 2\u201d. Miranda Priestly wraca na ekrany<\/h2>\n\n\n\n<p>W \u201eDiabe\u0142 ubiera si\u0119 u Prady 2\u201d powraca ca\u0142a g\u0142\u00f3wna obsada orygina\u0142u.&nbsp;<strong>Na ekranie ponownie zobaczymy: Meryl Streep jako Mirand\u0119 Priestly, Anne Hathaway jako Andy Sachs, Emily Blunt jako Emily Charlton i Stanleya Tucciego jako Nigela<\/strong>.<\/p>\n\n\n\n<p>Do zespo\u0142u do\u0142\u0105czaj\u0105 tak\u017ce nowe nazwiska, m.in. Kenneth Branagh, Lucy Liu, Justin Theroux, B.J. Novak, Pauline Chalamet, Simone Ashley, Helen J. Shen, Conrad Ricamora,&nbsp; Caleb Heron oraz Lady Gaga. W sequelu pojawi\u0105 si\u0119 tak\u017ce Tracie Thoms i Tibor Feldman, znani z pierwszej cz\u0119\u015bci. Nie zobaczymy natomiast Adriena Greniera, kt\u00f3ry wciela\u0142 si\u0119 w Nate\u2019a, ch\u0142opaka Andy.<\/p>\n\n\n\n<blockquote class=\"twitter-tweet\" data-media-max-width=\"560\"><p lang=\"en\" dir=\"ltr\">New poster for \u2018THE DEVIL WEARS PRADA 2\u2019<br><br>In theaters on May 1. <a href=\"https:\/\/t.co\/4DEZTtcvq2\">pic.twitter.com\/4DEZTtcvq2<\/a><\/p>&mdash; DiscussingFilm (@DiscussingFilm) <a href=\"https:\/\/twitter.com\/DiscussingFilm\/status\/2018128448984621415?ref_src=twsrc%5Etfw\">February 2, 2026<\/a><\/blockquote> <script async src=\"https:\/\/platform.twitter.com\/widgets.js\" charset=\"utf-8\"><\/script>\n\n\n\n<p>Kiedy premiera \u201eDiabe\u0142 ubiera si\u0119 u Prady 2\u201d?<br>Pierwsza cz\u0119\u015b\u0107 \u201eDiabe\u0142 ubiera si\u0119 u Prady\u201d z 2006 roku, oparta na powie\u015bci Lauren Weisberger, sta\u0142a si\u0119 \u015bwiatowym fenomenem, zarabiaj\u0105c ponad 326 milion\u00f3w dolar\u00f3w i przynosz\u0105c Meryl Streep Z\u0142oty Glob oraz nominacj\u0119 do Oscara. Film zdoby\u0142 status kultowego dzi\u0119ki b\u0142yskotliwym dialogom, wyrazistym postaciom i modnym stylizacjom.<\/p>\n\n\n\n<p>Tw\u00f3rcy zapowiadaj\u0105, \u017ce kontynuacja zachowa ducha orygina\u0142u, jednocze\u015bnie podejmuj\u0105c aktualne tematy zwi\u0105zane z kondycj\u0105 wsp\u00f3\u0142czesnych medi\u00f3w i zmianami w bran\u017cy mody.<\/p>\n\n\n\n<p>Film \u201eDiabe\u0142 ubiera si\u0119 u Prady 2\u201d trafi do polskich kin 1 maja 2026 roku &#8211; niemal dok\u0142adnie 20 lat po premierze pierwszej cz\u0119\u015bci i kilka dni przed wielkim modowym wydarzeniem MET Gal\u0105. Wszystko wskazuje na to, \u017ce b\u0119dzie to jedna z najg\u0142o\u015bniejszych i najbardziej komentowanych premier przysz\u0142ego roku.<\/p>\n\n\n\n<iframe loading=\"lazy\" width=\"831\" height=\"467\" src=\"https:\/\/www.youtube.com\/embed\/CdoTYdt4GQE\" title=\"Diabe\u0142 ubiera si\u0119 u Prady 2 - zwiastun #2 [napisy]\" frameborder=\"0\" allow=\"accelerometer; autoplay; clipboard-write; encrypted-media; gyroscope; picture-in-picture; web-share\" referrerpolicy=\"strict-origin-when-cross-origin\" allowfullscreen><\/iframe>\n","protected":false},"excerpt":{"rendered":"Druga cz\u0119\u015b\u0107 \u201eDiabe\u0142 ubiera si\u0119 u Prady\u201d. Zobacz zwiastun \u201eDiabe\u0142 ubiera si\u0119 u Prady\u201d wraca na ekrany!&nbsp;Wytw\u00f3rnia 20th Century Studios opublikowa\u0142a pe\u0142ny&nbsp;zwiastun drugiej \n<a class=\"moretag\" href=\"https:\/\/lifevery.biz.ua\/?p=1993\"> [...]<\/a>","protected":false},"author":1,"featured_media":1994,"comment_status":"open","ping_status":"open","sticky":false,"template":"","format":"standard","meta":{"footnotes":""},"categories":[1],"tags":[],"class_list":["post-1993","post","type-post","status-publish","format-standard","has-post-thumbnail","hentry","category-blog"],"_links":{"self":[{"href":"https:\/\/lifevery.biz.ua\/index.php?rest_route=\/wp\/v2\/posts\/1993","targetHints":{"allow":["GET"]}}],"collection":[{"href":"https:\/\/lifevery.biz.ua\/index.php?rest_route=\/wp\/v2\/posts"}],"about":[{"href":"https:\/\/lifevery.biz.ua\/index.php?rest_route=\/wp\/v2\/types\/post"}],"author":[{"embeddable":true,"href":"https:\/\/lifevery.biz.ua\/index.php?rest_route=\/wp\/v2\/users\/1"}],"replies":[{"embeddable":true,"href":"https:\/\/lifevery.biz.ua\/index.php?rest_route=%2Fwp%2Fv2%2Fcomments&post=1993"}],"version-history":[{"count":1,"href":"https:\/\/lifevery.biz.ua\/index.php?rest_route=\/wp\/v2\/posts\/1993\/revisions"}],"predecessor-version":[{"id":1995,"href":"https:\/\/lifevery.biz.ua\/index.php?rest_route=\/wp\/v2\/posts\/1993\/revisions\/1995"}],"wp:featuredmedia":[{"embeddable":true,"href":"https:\/\/lifevery.biz.ua\/index.php?rest_route=\/wp\/v2\/media\/1994"}],"wp:attachment":[{"href":"https:\/\/lifevery.biz.ua\/index.php?rest_route=%2Fwp%2Fv2%2Fmedia&parent=1993"}],"wp:term":[{"taxonomy":"category","embeddable":true,"href":"https:\/\/lifevery.biz.ua\/index.php?rest_route=%2Fwp%2Fv2%2Fcategories&post=1993"},{"taxonomy":"post_tag","embeddable":true,"href":"https:\/\/lifevery.biz.ua\/index.php?rest_route=%2Fwp%2Fv2%2Ftags&post=1993"}],"curies":[{"name":"wp","href":"https:\/\/api.w.org\/{rel}","templated":true}]}}