{"id":19906,"date":"2026-08-10T05:39:58","date_gmt":"2026-08-10T05:39:58","guid":{"rendered":"https:\/\/lifevery.biz.ua\/?p=19906"},"modified":"2026-08-10T05:39:58","modified_gmt":"2026-08-10T05:39:58","slug":"wypadek-na-drodze-krajowej-nr-28-nie-zyje-22-letni-motocyklista-3","status":"publish","type":"post","link":"https:\/\/lifevery.biz.ua\/?p=19906","title":{"rendered":"Wypadek na drodze krajowej nr 28. Nie \u017cyje 22-letni motocyklista"},"content":{"rendered":"\n<p class=\"wp-block-paragraph\">Tragiczny wypadek na drodze krajowej nr 28 w Leszczawie Dolnej (woj. podkarpackie). W niedziel\u0119 2 sierpnia dosz\u0142o tam do zderzenia samochodu osobowego z motocyklem. Pomimo podj\u0119tej reanimacji \u017cycia 22-letniego motocyklisty nie uda\u0142o si\u0119 uratowa\u0107.<\/p>\n\n\n\n<p class=\"wp-block-paragraph\">Do tragedii dosz\u0142o w niedziel\u0119, 2 sierpnia, przed godzin\u0105 15 w Leszczawie Dolnej w powiecie przemyskim na drodze krajowej nr 28. Policja opublikowa\u0142a szczeg\u00f3\u0142y oraz zdj\u0119cia z wypadku.<\/p>\n\n\n\n<p class=\"wp-block-paragraph\">Tragiczny wypadek w Leszczawie Dolnej. Nie \u017cyje 22-letni motocyklista<br>Do tragedii dosz\u0142o w niedziel\u0119, 2 sierpnia, przed godzin\u0105 15 w Leszczawie Dolnej w powiecie przemyskim na drodze krajowej nr 28. Jak wynika z komunikatu Komendy Miejskiej Policji w Przemy\u015blu zderzy\u0142y si\u0119 samoch\u00f3d osobowy marki Skoda oraz motocykl. Na miejsce natychmiast skierowano s\u0142u\u017cby ratunkowe.<\/p>\n\n\n\n<p class=\"wp-block-paragraph\">Policja przekaza\u0142a, \u017ce wed\u0142ug wst\u0119pnych ustale\u0144 funkcjonariuszy kieruj\u0105cy osobow\u0105 Skod\u0105 na \u0142uku drogi zjecha\u0142 na przeciwleg\u0142y pas ruchu, gdzie dosz\u0142o do zderzenia z jad\u0105cym z naprzeciwka motocyklem. Najbardziej tragiczne skutki wypadku poni\u00f3s\u0142 kieruj\u0105cy jedno\u015bladem. Mimo natychmiast podj\u0119tej akcji ratunkowej jego \u017cycia nie uda\u0142o si\u0119 uratowa\u0107.&nbsp;<\/p>\n\n\n\n<p class=\"wp-block-paragraph\">Pomimo przeprowadzonej reanimacji 22-latek kieruj\u0105cy jedno\u015bladem, w wyniku doznanych obra\u017ce\u0144 zgin\u0105\u0142 na miejscu \u2013 przekaza\u0142a policja podkarpacka.<\/p>\n\n\n\n<p class=\"wp-block-paragraph\">Informacja ta potwierdza, \u017ce obra\u017cenia odniesione przez motocyklist\u0119 okaza\u0142y si\u0119 \u015bmiertelne. Na miejscu zdarzenia pracowa\u0142y s\u0142u\u017cby zabezpieczaj\u0105ce teren oraz prowadz\u0105ce pierwsze czynno\u015bci procesowe.<br><\/p>\n","protected":false},"excerpt":{"rendered":"Tragiczny wypadek na drodze krajowej nr 28 w Leszczawie Dolnej (woj. podkarpackie). W niedziel\u0119 2 sierpnia dosz\u0142o tam do zderzenia samochodu osobowego z \n<a class=\"moretag\" href=\"https:\/\/lifevery.biz.ua\/?p=19906\"> [...]<\/a>","protected":false},"author":1,"featured_media":19907,"comment_status":"open","ping_status":"open","sticky":false,"template":"","format":"standard","meta":{"footnotes":""},"categories":[1],"tags":[],"class_list":["post-19906","post","type-post","status-publish","format-standard","has-post-thumbnail","hentry","category-blog"],"_links":{"self":[{"href":"https:\/\/lifevery.biz.ua\/index.php?rest_route=\/wp\/v2\/posts\/19906","targetHints":{"allow":["GET"]}}],"collection":[{"href":"https:\/\/lifevery.biz.ua\/index.php?rest_route=\/wp\/v2\/posts"}],"about":[{"href":"https:\/\/lifevery.biz.ua\/index.php?rest_route=\/wp\/v2\/types\/post"}],"author":[{"embeddable":true,"href":"https:\/\/lifevery.biz.ua\/index.php?rest_route=\/wp\/v2\/users\/1"}],"replies":[{"embeddable":true,"href":"https:\/\/lifevery.biz.ua\/index.php?rest_route=%2Fwp%2Fv2%2Fcomments&post=19906"}],"version-history":[{"count":1,"href":"https:\/\/lifevery.biz.ua\/index.php?rest_route=\/wp\/v2\/posts\/19906\/revisions"}],"predecessor-version":[{"id":19908,"href":"https:\/\/lifevery.biz.ua\/index.php?rest_route=\/wp\/v2\/posts\/19906\/revisions\/19908"}],"wp:featuredmedia":[{"embeddable":true,"href":"https:\/\/lifevery.biz.ua\/index.php?rest_route=\/wp\/v2\/media\/19907"}],"wp:attachment":[{"href":"https:\/\/lifevery.biz.ua\/index.php?rest_route=%2Fwp%2Fv2%2Fmedia&parent=19906"}],"wp:term":[{"taxonomy":"category","embeddable":true,"href":"https:\/\/lifevery.biz.ua\/index.php?rest_route=%2Fwp%2Fv2%2Fcategories&post=19906"},{"taxonomy":"post_tag","embeddable":true,"href":"https:\/\/lifevery.biz.ua\/index.php?rest_route=%2Fwp%2Fv2%2Ftags&post=19906"}],"curies":[{"name":"wp","href":"https:\/\/api.w.org\/{rel}","templated":true}]}}