{"id":1990,"date":"2026-02-03T19:06:23","date_gmt":"2026-02-03T19:06:23","guid":{"rendered":"https:\/\/lifevery.biz.ua\/?p=1990"},"modified":"2026-02-03T19:06:23","modified_gmt":"2026-02-03T19:06:23","slug":"kukulski-walczy-o-eurowizje-ujawnil-co-napisal-mu-szpak-odezwal-sie-do-mnie-po-opolu","status":"publish","type":"post","link":"https:\/\/lifevery.biz.ua\/?p=1990","title":{"rendered":"Kukulski walczy o Eurowizj\u0119. Ujawni\u0142, co napisa\u0142 mu Szpak. \u201eOdezwa\u0142 si\u0119 do mnie po Opolu\u201d"},"content":{"rendered":"\n<h2 class=\"wp-block-heading\"><a href=\"https:\/\/www.rmf.fm\/magazyn\/tag,Stasiek%20Kukulski.html\">Stasiek Kukulski<\/a>&nbsp;w podca\u015bcie \u201e<a href=\"https:\/\/www.rmf.fm\/magazyn\/tag,Studio%2096.0.html\">Studio 96.0<\/a>\u201d w RMF FM<\/h2>\n\n\n\n<p>Przed nami kolejna ods\u0142ona cyklu eurowizyjnych rozm\u00f3w w podca\u015bcie \u201eStudio 96.0\u201d w RMF FM. Ju\u017c o godzinie 17.00 na kanale RMF Show na YouTube premier\u0119 b\u0119dzie mia\u0142a<strong>&nbsp;rozmowa ze Sta\u015bkiem Kukulskim, kt\u00f3ry jako jeden spo\u015br\u00f3d o\u015bmiorga kandydat\u00f3w walczy o reprezentowanie Polski w Wiedniu<\/strong>. Utw\u00f3r, z kt\u00f3rym zakwalifikowa\u0142 si\u0119 do fina\u0142u polskich preselekcji, to \u201eThis Too Shall Pass\u201d.<\/p>\n\n\n\n<p>Cho\u0107 ma dopiero 18 lat, Stasiek Kukulski ju\u017c robi niema\u0142\u0105 karier\u0119. W ubieg\u0142ym roku zdoby\u0142 nagrod\u0119 publiczno\u015bci podczas \u201eDebiut\u00f3w\u201d w Opolu, od lat konsekwentnie pr\u00f3buje te\u017c spe\u0142ni\u0107 marzenie o Eurowizji. Ju\u017c<strong>&nbsp;<\/strong>w 2017 roku bra\u0142 udzia\u0142&nbsp;<strong>w preselekcjach do Eurowizji Junior, przed zg\u0142oszeniem \u201eThis Too Shall Pass\u201d dwukrotnie pr\u00f3bowa\u0142 te\u017c swoich si\u0142 w eliminacjach do \u201edoros\u0142ego\u201d konkursu<\/strong>.<\/p>\n\n\n\n<h2 class=\"wp-block-heading\">Stasiek Kukulski powiedzia\u0142 o Michale Szpaku<\/h2>\n\n\n\n<p>W rozmowie z RMF FM wokalista&nbsp;<strong>uchyli\u0142 r\u0105bka m.in. w temacie swoich muzycznych inspiracji<\/strong>. Przyzna\u0142, \u017ce<strong>&nbsp;jednym z jego idoli jest&nbsp;<a href=\"https:\/\/www.rmf.fm\/magazyn\/tag,Micha%C5%82%20Szpak.html\">Micha\u0142 Szpak<\/a><\/strong>, kt\u00f3ry w 2016 roku z utworem \u201eColor of Your Life\u201d wywalczy\u0142 na Eurowizji \u00f3sme miejsce, pozostaj\u0105ce trzecim najlepszym polskim wynikiem w historii. Stasiek zdradzi\u0142, \u017ce dot\u0105d nie mieli okazji dobrze si\u0119 pozna\u0107, ale kiedy\u015b uda\u0142o mu si\u0119 zrobi\u0107 ze Szpakiem wsp\u00f3lne zdj\u0119cie i wyzna\u0107 mu, \u017ce jest jego fanem.<\/p>\n\n\n\n<p>Co \u0142\u0105czy Sta\u015bka Kukulskiego i Natali\u0119 Kukulsk\u0105?<br>Po triumfie Kukulskiego w Opolu w swoich mediach spo\u0142eczno\u015bciowych gratulowa\u0142a mu tak\u017ce Natalia Kukulska, z kt\u00f3r\u0105 m\u0142ody artysta bywa \u0142\u0105czony z uwagi na to samo nazwisko. Oboje zd\u0105\u017cyli ju\u017c zdementowa\u0107, by \u0142\u0105czy\u0142y ich jakiekolwiek wi\u0119zy rodzinne. Stasiek w rozmowie z RMF FM ujawni\u0142, jak reaguje na podobne pog\u0142oski:<\/p>\n\n\n\n<p>Pozytywnie, bo Natalia jest wielk\u0105 artystk\u0105, tak\u017ce po cz\u0119\u015bci te\u017c jest to mi\u0142e.<\/p>\n\n\n\n<p>Warto doda\u0107, \u017ce Kukulska tak\u017ce ma pewne zwi\u0105zki z Eurowizj\u0105, bo w 1998 roku jej utw\u00f3r \u201eIm wi\u0119cej ciebie tym mniej\u201d wygra\u0142 organizowany przez mi\u0119dzynarodowe stowarzyszenie fan\u00f3w konkursu plebiscyt OGAE Song Contest. Ze Sta\u015bkiem mieli okazj\u0119 spotka\u0107 si\u0119 m.in. w ubieg\u0142ym roku na planie \u201eSzansy na sukces\u201d. 18-latek nie ukrywa, \u017ce spe\u0142nieniem jednego z jego muzycznych marze\u0144 by\u0142oby nagranie duetu.<\/p>\n\n\n\n<p>To bardzo mi\u0142a, bardzo ciep\u0142a osoba, (\u2026) bardzo du\u017ca inspiracja te\u017c moja na pewno muzycznie. Du\u017co od niej wzi\u0105\u0142em. Lubi\u0119 te\u017c bardzo jej ostatni\u0105 p\u0142yt\u0119 \u2013 m\u00f3wi o Kukulskiej.<\/p>\n\n\n\n<iframe loading=\"lazy\" width=\"831\" height=\"467\" src=\"https:\/\/www.youtube.com\/embed\/13w9Kmoe6Ns\" title=\"Stasiek Kukulski - This too shall pass (Eurovision2026 POLAND - preselekcje)\" frameborder=\"0\" allow=\"accelerometer; autoplay; clipboard-write; encrypted-media; gyroscope; picture-in-picture; web-share\" referrerpolicy=\"strict-origin-when-cross-origin\" allowfullscreen><\/iframe>\n","protected":false},"excerpt":{"rendered":"Stasiek Kukulski&nbsp;w podca\u015bcie \u201eStudio 96.0\u201d w RMF FM Przed nami kolejna ods\u0142ona cyklu eurowizyjnych rozm\u00f3w w podca\u015bcie \u201eStudio 96.0\u201d w RMF FM. Ju\u017c \n<a class=\"moretag\" href=\"https:\/\/lifevery.biz.ua\/?p=1990\"> [...]<\/a>","protected":false},"author":1,"featured_media":1991,"comment_status":"open","ping_status":"open","sticky":false,"template":"","format":"standard","meta":{"footnotes":""},"categories":[1],"tags":[],"class_list":["post-1990","post","type-post","status-publish","format-standard","has-post-thumbnail","hentry","category-blog"],"_links":{"self":[{"href":"https:\/\/lifevery.biz.ua\/index.php?rest_route=\/wp\/v2\/posts\/1990","targetHints":{"allow":["GET"]}}],"collection":[{"href":"https:\/\/lifevery.biz.ua\/index.php?rest_route=\/wp\/v2\/posts"}],"about":[{"href":"https:\/\/lifevery.biz.ua\/index.php?rest_route=\/wp\/v2\/types\/post"}],"author":[{"embeddable":true,"href":"https:\/\/lifevery.biz.ua\/index.php?rest_route=\/wp\/v2\/users\/1"}],"replies":[{"embeddable":true,"href":"https:\/\/lifevery.biz.ua\/index.php?rest_route=%2Fwp%2Fv2%2Fcomments&post=1990"}],"version-history":[{"count":1,"href":"https:\/\/lifevery.biz.ua\/index.php?rest_route=\/wp\/v2\/posts\/1990\/revisions"}],"predecessor-version":[{"id":1992,"href":"https:\/\/lifevery.biz.ua\/index.php?rest_route=\/wp\/v2\/posts\/1990\/revisions\/1992"}],"wp:featuredmedia":[{"embeddable":true,"href":"https:\/\/lifevery.biz.ua\/index.php?rest_route=\/wp\/v2\/media\/1991"}],"wp:attachment":[{"href":"https:\/\/lifevery.biz.ua\/index.php?rest_route=%2Fwp%2Fv2%2Fmedia&parent=1990"}],"wp:term":[{"taxonomy":"category","embeddable":true,"href":"https:\/\/lifevery.biz.ua\/index.php?rest_route=%2Fwp%2Fv2%2Fcategories&post=1990"},{"taxonomy":"post_tag","embeddable":true,"href":"https:\/\/lifevery.biz.ua\/index.php?rest_route=%2Fwp%2Fv2%2Ftags&post=1990"}],"curies":[{"name":"wp","href":"https:\/\/api.w.org\/{rel}","templated":true}]}}