{"id":1986,"date":"2026-02-03T19:02:48","date_gmt":"2026-02-03T19:02:48","guid":{"rendered":"https:\/\/lifevery.biz.ua\/?p=1986"},"modified":"2026-02-03T19:02:48","modified_gmt":"2026-02-03T19:02:48","slug":"ta-sprawa-budzi-ogromne-kontrowersje-prokuratura-zabiera-glos","status":"publish","type":"post","link":"https:\/\/lifevery.biz.ua\/?p=1986","title":{"rendered":"Ta sprawa budzi ogromne kontrowersje. Prokuratura zabiera g\u0142os"},"content":{"rendered":"\n<p>Sprawa budz\u0105ca ogromne kontrowersje spo\u0142eczne doczeka\u0142a si\u0119 niespodziewanego zwrotu akcji, o czym poinformowa\u0142y og\u00f3lnopolskie media. Po fali krytyki i interwencji dziennikarskiej, organy \u015bcigania zdecydowa\u0142y si\u0119 na ponown\u0105 weryfikacj\u0119 dotychczasowych ustale\u0144. Jak wynika z informacji przekazanych przez Radio ZET, kluczowe decyzje w tej kwestii ju\u017c zapad\u0142y.<\/p>\n\n\n\n<p>Kontrowersyjne umorzenie \u015bledztwa w Bia\u0142ymstoku<br>Prokuratura Krajowa przejmuje nadz\u00f3r nad aktami<br>Zarzuty o ra\u017c\u0105ce zaniedbania w toku dochodzenia<br>\u015amier\u0107 pokrzywdzonego w cieniu nierozstrzygni\u0119tej sprawy<br>Kontrowersyjne umorzenie \u015bledztwa w Bia\u0142ymstoku<br>Pod koniec 2025 roku opinia publiczna zosta\u0142a zelektryzowana decyzj\u0105 Prokuratury Rejonowej Bia\u0142ystok-Po\u0142udnie, kt\u00f3ra postanowi\u0142a umorzy\u0107 \u015bledztwo w sprawie zn\u0119cania si\u0119 nad Krzysztofem Kononowiczem. Mimo licznych dowod\u00f3w w postaci nagra\u0144 wideo, na kt\u00f3rych uwieczniono upokarzaj\u0105ce traktowanie m\u0119\u017cczyzny, \u015bledczy pocz\u0105tkowo nie dopatrzyli si\u0119 wystarczaj\u0105cych podstaw do kontynuowania post\u0119powania. Decyzja ta spotka\u0142a si\u0119 z natychmiastowym sprzeciwem \u015brodowisk aktywistycznych oraz dziennikarzy, kt\u00f3rzy wskazywali na liczne zaniedbania w procesie gromadzenia materia\u0142u dowodowego. Wielu komentator\u00f3w okre\u015bli\u0142o to dzia\u0142anie jako ra\u017c\u0105c\u0105 niesprawiedliwo\u015b\u0107 wobec bezbronnego cz\u0142owieka, kt\u00f3ry przez lata by\u0142 publicznie o\u015bmieszany.<br><\/p>\n\n\n\n<p>Prokuratura Krajowa przejmuje nadz\u00f3r nad aktami<br>Prze\u0142om nast\u0105pi\u0142 po interwencji dziennikarzy Radia ZET, kt\u00f3rzy skierowali spraw\u0119 bezpo\u015brednio do Ministerstwa Sprawiedliwo\u015bci i Prokuratury Krajowej. Obecnie post\u0119powanie znajduje si\u0119 pod \u015bcis\u0142ym nadzorem Departamentu Post\u0119powania Przygotowawczego, co potwierdzi\u0142a rzeczniczka prasowa Prokuratora Generalnego, prok. Anna Adamiak. Prokuratorzy analizuj\u0105 teraz kompletn\u0105 dokumentacj\u0119, aby oceni\u0107, czy wcze\u015bniejsze umorzenie nie by\u0142o przedwczesne. Badana jest nie tylko merytoryczna poprawno\u015b\u0107 podj\u0119tej decyzji, ale r\u00f3wnie\u017c to, czy \u015bledczy z Bia\u0142egostoku dope\u0142nili wszelkich stara\u0144, by rzetelnie wyja\u015bni\u0107 okoliczno\u015bci wieloletniego zn\u0119cania si\u0119 nad pokrzywdzonym w internecie oraz zabezpieczy\u0107 kluczowe materia\u0142y cyfrowe.<\/p>\n\n\n\n<p>Zarzuty o ra\u017c\u0105ce zaniedbania w toku dochodzenia<br>Osob\u0105 najbardziej zaanga\u017cowan\u0105 w walk\u0119 o sprawiedliwo\u015b\u0107 jest \u0141ukasz W\u00f3jcik, kt\u00f3ry by\u0142 wsp\u00f3\u0142autorem obszernego zawiadomienia do organ\u00f3w \u015bcigania. Podkre\u015bla on, \u017ce prokuratura przez miesi\u0105ce ignorowa\u0142a kluczowe dowody, takie jak dyski z nagraniami czy zeznania istotnych \u015bwiadk\u00f3w zdarze\u0144. Wed\u0142ug jego relacji, osoby odpowiedzialne za tworzenie upokarzaj\u0105cych tre\u015bci nie tylko unika\u0142y odpowiedzialno\u015bci, ale wr\u0119cz czerpa\u0142y zyski finansowe z publikacji film\u00f3w, zak\u0142adaj\u0105c si\u0119 z widzami o to, \u017ce sprawa zostanie ostatecznie umorzona. Aktywista otwarcie wskazuje na bierno\u015b\u0107 s\u0142u\u017cb, kt\u00f3re mimo tysi\u0105cstronicowej dokumentacji, nie potrafi\u0142y skutecznie postawi\u0107 zarzut\u00f3w sprawcom dr\u0119czenia i publicznego poni\u017cania m\u0119\u017cczyzny.<\/p>\n\n\n\n<p>Sprawy ps\u00f3w z Sobolewa i Kononowicza, pokazuj\u0105 jak nieudolnie dzia\u0142a pa\u0144stwo, gdzie aktywi\u015bci i dziennikarze musz\u0105 je wyr\u0119cza\u0107, bo inaczej pr\u00f3\u017cno oczekiwa\u0107 jakichkolwiek dzia\u0142a\u0144 &#8211; Napisa\u0142 \u0141ukasz W\u00f3jcik na X.\u00a0<br><\/p>\n\n\n\n<p>\u015amier\u0107 pokrzywdzonego w cieniu nierozstrzygni\u0119tej sprawy<br>Ca\u0142a sprawa nabiera tragicznego wymiaru w kontek\u015bcie \u015bmierci Krzysztofa Kononowicza, kt\u00f3ry zmar\u0142 w marcu 2025 roku w bia\u0142ostockim hospicjum. M\u0119\u017cczyzna odszed\u0142 po ci\u0119\u017ckiej chorobie, kt\u00f3ra zacz\u0119\u0142a si\u0119 od zapalenia p\u0142uc pod koniec 2024 roku, co doprowadzi\u0142o do za\u0142amania jego organizmu. Cho\u0107 g\u0142\u00f3wny zainteresowany nie doczeka\u0142 sprawiedliwego wyroku, walka o ukaranie winnych trwa nadal, staj\u0105c si\u0119 symbolem systemowej walki z patostreamingiem w Polsce. Ponowna analiza akt ma by\u0107 ostatni\u0105 szans\u0105 na to, by osoby czerpi\u0105ce zyski z ludzkiego nieszcz\u0119\u015bcia ponios\u0142y zas\u0142u\u017cone konsekwencje. Wyja\u015bnienie tej sprawy jest kluczowe dla zaufania obywateli do organ\u00f3w \u015bcigania.<br><\/p>\n","protected":false},"excerpt":{"rendered":"Sprawa budz\u0105ca ogromne kontrowersje spo\u0142eczne doczeka\u0142a si\u0119 niespodziewanego zwrotu akcji, o czym poinformowa\u0142y og\u00f3lnopolskie media. Po fali krytyki i interwencji dziennikarskiej, organy \u015bcigania \n<a class=\"moretag\" href=\"https:\/\/lifevery.biz.ua\/?p=1986\"> [...]<\/a>","protected":false},"author":1,"featured_media":1987,"comment_status":"open","ping_status":"open","sticky":false,"template":"","format":"standard","meta":{"footnotes":""},"categories":[1],"tags":[],"class_list":["post-1986","post","type-post","status-publish","format-standard","has-post-thumbnail","hentry","category-blog"],"_links":{"self":[{"href":"https:\/\/lifevery.biz.ua\/index.php?rest_route=\/wp\/v2\/posts\/1986","targetHints":{"allow":["GET"]}}],"collection":[{"href":"https:\/\/lifevery.biz.ua\/index.php?rest_route=\/wp\/v2\/posts"}],"about":[{"href":"https:\/\/lifevery.biz.ua\/index.php?rest_route=\/wp\/v2\/types\/post"}],"author":[{"embeddable":true,"href":"https:\/\/lifevery.biz.ua\/index.php?rest_route=\/wp\/v2\/users\/1"}],"replies":[{"embeddable":true,"href":"https:\/\/lifevery.biz.ua\/index.php?rest_route=%2Fwp%2Fv2%2Fcomments&post=1986"}],"version-history":[{"count":1,"href":"https:\/\/lifevery.biz.ua\/index.php?rest_route=\/wp\/v2\/posts\/1986\/revisions"}],"predecessor-version":[{"id":1988,"href":"https:\/\/lifevery.biz.ua\/index.php?rest_route=\/wp\/v2\/posts\/1986\/revisions\/1988"}],"wp:featuredmedia":[{"embeddable":true,"href":"https:\/\/lifevery.biz.ua\/index.php?rest_route=\/wp\/v2\/media\/1987"}],"wp:attachment":[{"href":"https:\/\/lifevery.biz.ua\/index.php?rest_route=%2Fwp%2Fv2%2Fmedia&parent=1986"}],"wp:term":[{"taxonomy":"category","embeddable":true,"href":"https:\/\/lifevery.biz.ua\/index.php?rest_route=%2Fwp%2Fv2%2Fcategories&post=1986"},{"taxonomy":"post_tag","embeddable":true,"href":"https:\/\/lifevery.biz.ua\/index.php?rest_route=%2Fwp%2Fv2%2Ftags&post=1986"}],"curies":[{"name":"wp","href":"https:\/\/api.w.org\/{rel}","templated":true}]}}