{"id":19854,"date":"2026-08-09T21:05:43","date_gmt":"2026-08-09T21:05:43","guid":{"rendered":"https:\/\/lifevery.biz.ua\/?p=19854"},"modified":"2026-08-09T21:05:43","modified_gmt":"2026-08-09T21:05:43","slug":"dramatyczny-wypadek-na-drodze-1279n-kilka-osob-rannych-w-tym-male-dzieci-pilna-akcja-sluzb-4","status":"publish","type":"post","link":"https:\/\/lifevery.biz.ua\/?p=19854","title":{"rendered":"Dramatyczny wypadek na drodze 1279N. Kilka os\u00f3b rannych, w tym ma\u0142e dzieci. Pilna akcja s\u0142u\u017cb"},"content":{"rendered":"\n<p class=\"wp-block-paragraph\">W sobot\u0119 1 sierpnia w godzinach popo\u0142udniowych dosz\u0142o do powa\u017cnego wypadku drogowego. Zderzy\u0142y si\u0119 dwa samochody osobowe oraz ci\u0119\u017car\u00f3wka marki Iveco. Rannych zosta\u0142o sze\u015b\u0107 os\u00f3b, w tym dwoje dzieci. Policja przekaza\u0142a pierwsze ustalenia dotycz\u0105ce przebiegu zdarzenia.<\/p>\n\n\n\n<p class=\"wp-block-paragraph\">Wypadek wydarzy\u0142 si\u0119 w sobot\u0119, 1 sierpnia, na drodze powiatowej 1279N. Najpierw dosz\u0142o do bocznego zderzenia samochodu osobowego z ci\u0119\u017car\u00f3wk\u0105. Chwil\u0119 p\u00f3\u017aniej Iveco uderzy\u0142o w kolejne auto osobowe. Na miejscu rozpocz\u0119\u0142y si\u0119 dzia\u0142ania s\u0142u\u017cb oraz policyjne czynno\u015bci.<\/p>\n\n\n\n<p class=\"wp-block-paragraph\">Wypadek w Piotrowicach Ma\u0142ych. Sze\u015b\u0107 os\u00f3b zosta\u0142o rannych<br>Do zdarzenia dosz\u0142o na drodze powiatowej 1279N przebiegaj\u0105cej przez miejscowo\u015b\u0107 Piotrowice Ma\u0142e. W wypadku uczestniczy\u0142y trzy pojazdy: dwa samochody osobowe oraz ci\u0119\u017car\u00f3wka marki Iveco.<br><\/p>\n\n\n\n<p class=\"wp-block-paragraph\">Skutki zdarzenia okaza\u0142y si\u0119 powa\u017cne. Pomocy wymaga\u0142o sze\u015b\u0107 os\u00f3b podr\u00f3\u017cuj\u0105cych pojazdami. W\u015br\u00f3d poszkodowanych znalaz\u0142o si\u0119 tak\u017ce dwoje dzieci.<\/p>\n\n\n\n<p class=\"wp-block-paragraph\">\u2013 Sze\u015b\u0107 os\u00f3b zosta\u0142o rannych, w tym dwoje dzieci \u2013 powiedzia\u0142 portalowi o2.pl podkom. Tomasz Markowski.<\/p>\n\n\n\n<p class=\"wp-block-paragraph\">Nie ka\u017cda z poszkodowanych os\u00f3b musia\u0142a zosta\u0107 przewieziona do plac\u00f3wki medycznej. Wed\u0142ug ustale\u0144 o2.pl cztery osoby zabrano do r\u00f3\u017cnych plac\u00f3wek, gdzie mia\u0142y przej\u015b\u0107 dalsze badania. W przekazanych informacjach nie podano szczeg\u00f3\u0142\u00f3w dotycz\u0105cych ich obra\u017ce\u0144 ani aktualnego stanu zdrowia.<\/p>\n\n\n\n<p class=\"wp-block-paragraph\">Zobacz tak\u017ce: Rz\u0105d szykuje rewolucj\u0119 w emeryturach. Takiego rozwi\u0105zania<br><\/p>\n\n\n\n<p class=\"wp-block-paragraph\">Ci\u0119\u017car\u00f3wka zderzy\u0142a si\u0119 z dwoma samochodami osobowymi<br>Policja przedstawi\u0142a wst\u0119pny przebieg wypadku. Z dotychczasowych ustale\u0144 wynika, \u017ce pierwsze zderzenie nast\u0105pi\u0142o podczas mijania si\u0119 pojazd\u00f3w. Samoch\u00f3d osobowy i ci\u0119\u017car\u00f3wka marki Iveco uderzy\u0142y w siebie bokami.<\/p>\n\n\n\n<p class=\"wp-block-paragraph\">Po tym kontakcie ci\u0119\u017car\u00f3wka zderzy\u0142a si\u0119 jeszcze z drugim samochodem osobowym. Policjanci wyja\u015bniaj\u0105 dok\u0142adne okoliczno\u015bci oraz kolejno\u015b\u0107 wydarze\u0144. Na tym etapie nie przekazano informacji o przyczynach pierwszego zderzenia ani o tym, kt\u00f3ry z kieruj\u0105cych m\u00f3g\u0142 doprowadzi\u0107 do wypadku.<\/p>\n\n\n\n<p class=\"wp-block-paragraph\">\u2013 Ze wst\u0119pnych ustale\u0144 wynika, \u017ce w trakcie mijania si\u0119 pojazd\u00f3w dosz\u0142o do zderzenia bocznego samochodu osobowego z ci\u0119\u017car\u00f3wk\u0105 marki Iveco. Nast\u0119pnie pojazd ci\u0119\u017carowy zderzy\u0142 si\u0119 z kolejnym pojazdem osobowym. W zdarzeniu rannych zosta\u0142o sze\u015b\u0107 os\u00f3b, w tym dwoje dzieci. Nie wszyscy wymagali transportu do szpitala \u2013 powiedzia\u0142 portalowi o2.pl podkom. Tomasz Markowski z Komendy Wojew\u00f3dzkiej Policji w Olsztynie.<\/p>\n\n\n\n<p class=\"wp-block-paragraph\">Przekazane przez policj\u0119 informacje maj\u0105 charakter wst\u0119pny. Funkcjonariusze musz\u0105 ustali\u0107 wszystkie okoliczno\u015bci wypadku, w tym dok\u0142adny spos\u00f3b poruszania si\u0119 poszczeg\u00f3lnych pojazd\u00f3w przed zderzeniem.<br><\/p>\n\n\n\n<p class=\"wp-block-paragraph\">Droga powiatowa 1279N zosta\u0142a zablokowana<br>Po wypadku droga w Piotrowicach Ma\u0142ych zosta\u0142a ca\u0142kowicie zablokowana. Utrudnienia by\u0142y zwi\u0105zane z dzia\u0142aniami s\u0142u\u017cb, pomoc\u0105 udzielan\u0105 poszkodowanym oraz konieczno\u015bci\u0105 przeprowadzenia policyjnych czynno\u015bci.<br><\/p>\n\n\n\n<p class=\"wp-block-paragraph\">Funkcjonariusze pracuj\u0105 na miejscu zdarzenia i zbieraj\u0105 informacje potrzebne do odtworzenia jego przebiegu. Ich zadaniem jest r\u00f3wnie\u017c ustalenie przyczyn bocznego zderzenia samochodu osobowego z ci\u0119\u017car\u00f3wk\u0105 oraz wyja\u015bnienie, w jaki spos\u00f3b dosz\u0142o do kolejnego uderzenia.<\/p>\n\n\n\n<p class=\"wp-block-paragraph\"><\/p>\n","protected":false},"excerpt":{"rendered":"W sobot\u0119 1 sierpnia w godzinach popo\u0142udniowych dosz\u0142o do powa\u017cnego wypadku drogowego. Zderzy\u0142y si\u0119 dwa samochody osobowe oraz ci\u0119\u017car\u00f3wka marki Iveco. Rannych zosta\u0142o \n<a class=\"moretag\" href=\"https:\/\/lifevery.biz.ua\/?p=19854\"> [...]<\/a>","protected":false},"author":1,"featured_media":19855,"comment_status":"open","ping_status":"open","sticky":false,"template":"","format":"standard","meta":{"footnotes":""},"categories":[1],"tags":[],"class_list":["post-19854","post","type-post","status-publish","format-standard","has-post-thumbnail","hentry","category-blog"],"_links":{"self":[{"href":"https:\/\/lifevery.biz.ua\/index.php?rest_route=\/wp\/v2\/posts\/19854","targetHints":{"allow":["GET"]}}],"collection":[{"href":"https:\/\/lifevery.biz.ua\/index.php?rest_route=\/wp\/v2\/posts"}],"about":[{"href":"https:\/\/lifevery.biz.ua\/index.php?rest_route=\/wp\/v2\/types\/post"}],"author":[{"embeddable":true,"href":"https:\/\/lifevery.biz.ua\/index.php?rest_route=\/wp\/v2\/users\/1"}],"replies":[{"embeddable":true,"href":"https:\/\/lifevery.biz.ua\/index.php?rest_route=%2Fwp%2Fv2%2Fcomments&post=19854"}],"version-history":[{"count":1,"href":"https:\/\/lifevery.biz.ua\/index.php?rest_route=\/wp\/v2\/posts\/19854\/revisions"}],"predecessor-version":[{"id":19856,"href":"https:\/\/lifevery.biz.ua\/index.php?rest_route=\/wp\/v2\/posts\/19854\/revisions\/19856"}],"wp:featuredmedia":[{"embeddable":true,"href":"https:\/\/lifevery.biz.ua\/index.php?rest_route=\/wp\/v2\/media\/19855"}],"wp:attachment":[{"href":"https:\/\/lifevery.biz.ua\/index.php?rest_route=%2Fwp%2Fv2%2Fmedia&parent=19854"}],"wp:term":[{"taxonomy":"category","embeddable":true,"href":"https:\/\/lifevery.biz.ua\/index.php?rest_route=%2Fwp%2Fv2%2Fcategories&post=19854"},{"taxonomy":"post_tag","embeddable":true,"href":"https:\/\/lifevery.biz.ua\/index.php?rest_route=%2Fwp%2Fv2%2Ftags&post=19854"}],"curies":[{"name":"wp","href":"https:\/\/api.w.org\/{rel}","templated":true}]}}