{"id":19849,"date":"2026-08-09T21:01:16","date_gmt":"2026-08-09T21:01:16","guid":{"rendered":"https:\/\/lifevery.biz.ua\/?p=19849"},"modified":"2026-08-09T21:01:16","modified_gmt":"2026-08-09T21:01:16","slug":"wypadek-na-drodze-krajowej-nr-28-nie-zyje-22-letni-motocyklista-2","status":"publish","type":"post","link":"https:\/\/lifevery.biz.ua\/?p=19849","title":{"rendered":"Wypadek na drodze krajowej nr 28. Nie \u017cyje 22-letni motocyklista"},"content":{"rendered":"\n<p class=\"wp-block-paragraph\">Tragiczny wypadek na drodze krajowej nr 28 w Leszczawie Dolnej (woj. podkarpackie). W niedziel\u0119 2 sierpnia dosz\u0142o tam do zderzenia samochodu osobowego z motocyklem. Pomimo podj\u0119tej reanimacji \u017cycia 22-letniego motocyklisty nie uda\u0142o si\u0119 uratowa\u0107.<\/p>\n\n\n\n<p class=\"wp-block-paragraph\">Do tragedii dosz\u0142o w niedziel\u0119, 2 sierpnia, przed godzin\u0105 15 w Leszczawie Dolnej w powiecie przemyskim na drodze krajowej nr 28. Policja opublikowa\u0142a szczeg\u00f3\u0142y oraz zdj\u0119cia z wypadku.<\/p>\n\n\n\n<p class=\"wp-block-paragraph\">Tragiczny wypadek w Leszczawie Dolnej. Nie \u017cyje 22-letni motocyklista<br>Do tragedii dosz\u0142o w niedziel\u0119, 2 sierpnia, przed godzin\u0105 15 w Leszczawie Dolnej w powiecie przemyskim na drodze krajowej nr 28. Jak wynika z komunikatu Komendy Miejskiej Policji w Przemy\u015blu zderzy\u0142y si\u0119 samoch\u00f3d osobowy marki Skoda oraz motocykl. Na miejsce natychmiast skierowano s\u0142u\u017cby ratunkowe.<\/p>\n\n\n\n<p class=\"wp-block-paragraph\">Policja przekaza\u0142a, \u017ce wed\u0142ug wst\u0119pnych ustale\u0144 funkcjonariuszy kieruj\u0105cy osobow\u0105 Skod\u0105 na \u0142uku drogi zjecha\u0142 na przeciwleg\u0142y pas ruchu, gdzie dosz\u0142o do zderzenia z jad\u0105cym z naprzeciwka motocyklem. Najbardziej tragiczne skutki wypadku poni\u00f3s\u0142 kieruj\u0105cy jedno\u015bladem. Mimo natychmiast podj\u0119tej akcji ratunkowej jego \u017cycia nie uda\u0142o si\u0119 uratowa\u0107.&nbsp;<\/p>\n\n\n\n<p class=\"wp-block-paragraph\">Pomimo przeprowadzonej reanimacji 22-latek kieruj\u0105cy jedno\u015bladem, w wyniku doznanych obra\u017ce\u0144 zgin\u0105\u0142 na miejscu \u2013 przekaza\u0142a policja podkarpacka.<\/p>\n\n\n\n<p class=\"wp-block-paragraph\">Informacja ta potwierdza, \u017ce obra\u017cenia odniesione przez motocyklist\u0119 okaza\u0142y si\u0119 \u015bmiertelne. Na miejscu zdarzenia pracowa\u0142y s\u0142u\u017cby zabezpieczaj\u0105ce teren oraz prowadz\u0105ce pierwsze czynno\u015bci procesowe.<\/p>\n\n\n\n<p class=\"wp-block-paragraph\">Policja poda\u0142a wst\u0119pne ustalenia. Kierowca Skody trafi\u0142 do szpitala<br>Z komunikatu policji wynika, \u017ce samochodem osobowym kierowa\u0142 28-letni m\u0119\u017cczyzna. Funkcjonariusze sprawdzili jego stan trze\u017awo\u015bci. Jak przekazano, kierowca nie znajdowa\u0142 si\u0119 pod wp\u0142ywem alkoholu. Po zdarzeniu zosta\u0142 przewieziony do szpitala, podobnie jak pasa\u017cerka podr\u00f3\u017cuj\u0105ca z nim autem.<\/p>\n\n\n\n<p class=\"wp-block-paragraph\">Kieruj\u0105cy samochodem 28-latek by\u0142 trze\u017awy, wraz z pasa\u017cerk\u0105 trafi\u0142 do szpitala \u2013 dodano w komunikacie.<\/p>\n\n\n\n<p class=\"wp-block-paragraph\">Ze wzgl\u0119du na skal\u0119 wypadku miejsce zosta\u0142o zabezpieczone, a ruch odbywa\u0142 si\u0119 z utrudnieniami na czas prowadzenia dzia\u0142a\u0144 przez policjant\u00f3w oraz pozosta\u0142e s\u0142u\u017cby. Funkcjonariusze wykonali dokumentacj\u0119 fotograficzn\u0105, zabezpieczyli \u015blady oraz zgromadzili materia\u0142 dowodowy, kt\u00f3ry b\u0119dzie analizowany w toku prowadzonego post\u0119powania.<br><\/p>\n\n\n\n<p class=\"wp-block-paragraph\">\u015aledztwo pod nadzorem prokuratora. Trwa wyja\u015bnianie okoliczno\u015bci tragedii<br>Po zako\u0144czeniu dzia\u0142a\u0144 ratunkowych na miejscu rozpocz\u0119\u0142y si\u0119 czynno\u015bci procesowe prowadzone przez policjant\u00f3w pod nadzorem prokuratora. Ich celem jest dok\u0142adne ustalenie przebiegu zdarzenia, zweryfikowanie wszystkich okoliczno\u015bci oraz okre\u015blenie przyczyn, kt\u00f3re doprowadzi\u0142y do tragicznego wypadku.<br>Policjanci pod nadzorem prokuratora przeprowadzili ogl\u0119dziny miejsca zdarzenia i zabezpieczyli \u015blady. Dok\u0142adne przyczyny i okoliczno\u015bci tego tragicznego zdarzenia b\u0119d\u0105 wyja\u015bniane w tocz\u0105cym si\u0119 post\u0119powaniu \u2013 czytamy w policyjnym komunikacie.<\/p>\n\n\n\n<p class=\"wp-block-paragraph\">Oznacza to, \u017ce dotychczasowe informacje maj\u0105 charakter wst\u0119pnych ustale\u0144 i mog\u0105 zosta\u0107 zweryfikowane w trakcie dalszych czynno\u015bci. \u015aledczy b\u0119d\u0105 analizowa\u0107 zgromadzony materia\u0142 dowodowy. Dalsze ustalenia b\u0119d\u0105 mo\u017cliwe po zako\u0144czeniu wszystkich czynno\u015bci prowadzonych przez \u015bledczych.<br><\/p>\n","protected":false},"excerpt":{"rendered":"Tragiczny wypadek na drodze krajowej nr 28 w Leszczawie Dolnej (woj. podkarpackie). W niedziel\u0119 2 sierpnia dosz\u0142o tam do zderzenia samochodu osobowego z \n<a class=\"moretag\" href=\"https:\/\/lifevery.biz.ua\/?p=19849\"> [...]<\/a>","protected":false},"author":1,"featured_media":19850,"comment_status":"open","ping_status":"open","sticky":false,"template":"","format":"standard","meta":{"footnotes":""},"categories":[1],"tags":[],"class_list":["post-19849","post","type-post","status-publish","format-standard","has-post-thumbnail","hentry","category-blog"],"_links":{"self":[{"href":"https:\/\/lifevery.biz.ua\/index.php?rest_route=\/wp\/v2\/posts\/19849","targetHints":{"allow":["GET"]}}],"collection":[{"href":"https:\/\/lifevery.biz.ua\/index.php?rest_route=\/wp\/v2\/posts"}],"about":[{"href":"https:\/\/lifevery.biz.ua\/index.php?rest_route=\/wp\/v2\/types\/post"}],"author":[{"embeddable":true,"href":"https:\/\/lifevery.biz.ua\/index.php?rest_route=\/wp\/v2\/users\/1"}],"replies":[{"embeddable":true,"href":"https:\/\/lifevery.biz.ua\/index.php?rest_route=%2Fwp%2Fv2%2Fcomments&post=19849"}],"version-history":[{"count":1,"href":"https:\/\/lifevery.biz.ua\/index.php?rest_route=\/wp\/v2\/posts\/19849\/revisions"}],"predecessor-version":[{"id":19851,"href":"https:\/\/lifevery.biz.ua\/index.php?rest_route=\/wp\/v2\/posts\/19849\/revisions\/19851"}],"wp:featuredmedia":[{"embeddable":true,"href":"https:\/\/lifevery.biz.ua\/index.php?rest_route=\/wp\/v2\/media\/19850"}],"wp:attachment":[{"href":"https:\/\/lifevery.biz.ua\/index.php?rest_route=%2Fwp%2Fv2%2Fmedia&parent=19849"}],"wp:term":[{"taxonomy":"category","embeddable":true,"href":"https:\/\/lifevery.biz.ua\/index.php?rest_route=%2Fwp%2Fv2%2Fcategories&post=19849"},{"taxonomy":"post_tag","embeddable":true,"href":"https:\/\/lifevery.biz.ua\/index.php?rest_route=%2Fwp%2Fv2%2Ftags&post=19849"}],"curies":[{"name":"wp","href":"https:\/\/api.w.org\/{rel}","templated":true}]}}