{"id":19749,"date":"2026-08-08T10:29:19","date_gmt":"2026-08-08T10:29:19","guid":{"rendered":"https:\/\/lifevery.biz.ua\/?p=19749"},"modified":"2026-08-08T10:29:19","modified_gmt":"2026-08-08T10:29:19","slug":"karambol-na-a4-droga-zablokowana-duze-utrudnienia-dla-kierowcow-5","status":"publish","type":"post","link":"https:\/\/lifevery.biz.ua\/?p=19749","title":{"rendered":"Karambol na A4. Droga zablokowana, du\u017ce utrudnienia dla kierowc\u00f3w"},"content":{"rendered":"\n<p class=\"wp-block-paragraph\"><\/p>\n\n\n\n<p class=\"wp-block-paragraph\">Na autostradzie A4 w wojew\u00f3dztwie \u015bl\u0105skim dosz\u0142o do powa\u017cnego wypadku. Zderzy\u0142y si\u0119 tam cztery pojazdy. Policja informuje kierowc\u00f3w o powa\u017cnych utrudnieniach.<\/p>\n\n\n\n<p class=\"wp-block-paragraph\">Du\u017ce utrudnienia dla kierowc\u00f3w na A4<br>Do wypadku dosz\u0142o w czwartek, 5 wrze\u015bnia na 347,4 km autostrady A4 na wysoko\u015bci Mys\u0142owic. Zderzy\u0142y si\u0119 tam cztery pojazdy.<\/p>\n\n\n\n<p class=\"wp-block-paragraph\">Wst\u0119pne ustalenia wskazuj\u0105, \u017ce kieruj\u0105cy ci\u0105gnikiem marki Scania z naczep\u0105 najecha\u0142 na ty\u0142 stoj\u0105cego w zatorze drogowym volvo. Natomiast na ty\u0142 bmw, kt\u00f3ry zatrzyma\u0142 si\u0119 za scani\u0105 najecha\u0142o iveco \u2013 przekazali w komunikacie \u015bl\u0105scy policjanci.<\/p>\n\n\n\n<p class=\"wp-block-paragraph\">Wed\u0142ug informacji, jakie przekaza\u0142 dla serwisu wnp.pl asp. Pawe\u0142 Molenda z Komisariatu Policji Autostradowej w Gliwicach, w pierwszej kolizji udzia\u0142 bra\u0142y dwa pojazdy \u2013 ci\u0119\u017carowy kierowany przez obywatela Ukrainy, kt\u00f3ry nie zachowa\u0142 bezpiecznej odleg\u0142o\u015bci i uderzy\u0142 w ty\u0142 cysterny przewo\u017c\u0105cej kukurydz\u0119.&nbsp;<\/p>\n\n\n\n<p class=\"wp-block-paragraph\">Nast\u0119pnie bus-laweta tak\u017ce nie dostosowa\u0142 pr\u0119dko\u015bci i uderzy\u0142 w pojazd poprzedzaj\u0105cy marki bmw, kt\u00f3ry nast\u0119pnie uderzy\u0142 w ty\u0142 pojazdu kierowanego przez obywatela Ukrainy \u2013 poinformowa\u0142 asp. Molenda.<\/p>\n\n\n\n<p class=\"wp-block-paragraph\">Wypadek na A4. Wszystkie s\u0142u\u017cby w akcji<br>Prz\u00f3d osobowego bmw po wbiciu si\u0119 pod naczep\u0119 ci\u0119\u017car\u00f3wki zosta\u0142 ca\u0142kowicie zmia\u017cd\u017cony. Na miejsce wezwano policj\u0119, stra\u017c po\u017carn\u0105 i ratownik\u00f3w medycznych.&nbsp;<\/p>\n\n\n\n<p class=\"wp-block-paragraph\">Jeden pojazd bra\u0142 udzia\u0142 w dw\u00f3ch zdarzeniach. By\u0142 zar\u00f3wno sprawc\u0105 pierwszego zdarzenia oraz poszkodowanym drugiego \u2013 doda\u0142 Molenda.<\/p>\n\n\n\n<p class=\"wp-block-paragraph\">Policjanci przekazali, \u017ce \u017cadna z os\u00f3b bior\u0105cych udzia\u0142 w wypadku nie zosta\u0142a poszkodowana.<\/p>\n\n\n\n<p class=\"wp-block-paragraph\">W miejscu wypadku wyst\u0119puj\u0105 spore utrudnienia drogowe i wytworzy\u0142 si\u0119 kilkukilometrowy korek. Prawy pas zosta\u0142 zablokowany \u2013 ruch odbywa si\u0119 lewym pasem. Policjanci przekazali, \u017ce zator nie potrwa d\u0142ugo.<\/p>\n","protected":false},"excerpt":{"rendered":"Na autostradzie A4 w wojew\u00f3dztwie \u015bl\u0105skim dosz\u0142o do powa\u017cnego wypadku. Zderzy\u0142y si\u0119 tam cztery pojazdy. Policja informuje kierowc\u00f3w o powa\u017cnych utrudnieniach. Du\u017ce utrudnienia \n<a class=\"moretag\" href=\"https:\/\/lifevery.biz.ua\/?p=19749\"> [...]<\/a>","protected":false},"author":1,"featured_media":19750,"comment_status":"open","ping_status":"open","sticky":false,"template":"","format":"standard","meta":{"footnotes":""},"categories":[1],"tags":[],"class_list":["post-19749","post","type-post","status-publish","format-standard","has-post-thumbnail","hentry","category-blog"],"_links":{"self":[{"href":"https:\/\/lifevery.biz.ua\/index.php?rest_route=\/wp\/v2\/posts\/19749","targetHints":{"allow":["GET"]}}],"collection":[{"href":"https:\/\/lifevery.biz.ua\/index.php?rest_route=\/wp\/v2\/posts"}],"about":[{"href":"https:\/\/lifevery.biz.ua\/index.php?rest_route=\/wp\/v2\/types\/post"}],"author":[{"embeddable":true,"href":"https:\/\/lifevery.biz.ua\/index.php?rest_route=\/wp\/v2\/users\/1"}],"replies":[{"embeddable":true,"href":"https:\/\/lifevery.biz.ua\/index.php?rest_route=%2Fwp%2Fv2%2Fcomments&post=19749"}],"version-history":[{"count":1,"href":"https:\/\/lifevery.biz.ua\/index.php?rest_route=\/wp\/v2\/posts\/19749\/revisions"}],"predecessor-version":[{"id":19751,"href":"https:\/\/lifevery.biz.ua\/index.php?rest_route=\/wp\/v2\/posts\/19749\/revisions\/19751"}],"wp:featuredmedia":[{"embeddable":true,"href":"https:\/\/lifevery.biz.ua\/index.php?rest_route=\/wp\/v2\/media\/19750"}],"wp:attachment":[{"href":"https:\/\/lifevery.biz.ua\/index.php?rest_route=%2Fwp%2Fv2%2Fmedia&parent=19749"}],"wp:term":[{"taxonomy":"category","embeddable":true,"href":"https:\/\/lifevery.biz.ua\/index.php?rest_route=%2Fwp%2Fv2%2Fcategories&post=19749"},{"taxonomy":"post_tag","embeddable":true,"href":"https:\/\/lifevery.biz.ua\/index.php?rest_route=%2Fwp%2Fv2%2Ftags&post=19749"}],"curies":[{"name":"wp","href":"https:\/\/api.w.org\/{rel}","templated":true}]}}