{"id":19693,"date":"2026-08-07T20:00:17","date_gmt":"2026-08-07T20:00:17","guid":{"rendered":"https:\/\/lifevery.biz.ua\/?p=19693"},"modified":"2026-08-07T20:00:17","modified_gmt":"2026-08-07T20:00:17","slug":"nawalnica-uderzyla-w-malopolske-powalone-drzewa-zerwany-dach-i-liczne-podtopienia-wystarczylo-kilka-minut","status":"publish","type":"post","link":"https:\/\/lifevery.biz.ua\/?p=19693","title":{"rendered":"Nawa\u0142nica uderzy\u0142a w Ma\u0142opolsk\u0119. Powalone drzewa, zerwany dach i liczne podtopienia. Wystarczy\u0142o kilka minut"},"content":{"rendered":"\n<p class=\"wp-block-paragraph\">Gwa\u0142towna nawa\u0142nica przesz\u0142a w poniedzia\u0142kowe popo\u0142udnie 3 sierpnia nad Ma\u0142opolsk\u0105, powoduj\u0105c spore zniszczenia w budynkach i drzewostanie. Jak przekaza\u0142a Pa\u0144stwowa Stra\u017c Po\u017carna oraz serwis Ma\u0142opolska Alarmowo, wichura uszkodzi\u0142a mi\u0119dzy innymi budynek szko\u0142y. Na miejscu wci\u0105\u017c pracuj\u0105 s\u0142u\u017cby ratunkowe.<\/p>\n\n\n\n<p class=\"wp-block-paragraph\">Najgro\u017aniej by\u0142o w Lubniu, gdzie silny podmuch poderwa\u0142 poszycie dachu miejscowej szko\u0142y podstawowej. W kr\u00f3tkim czasie stra\u017cacy odebrali oko\u0142o 20 zg\u0142osze\u0144 z gmin Lubie\u0144, Pcim i Dobczyce i od razu przyst\u0105pili do usuwania skutk\u00f3w za\u0142amania pogody.<\/p>\n\n\n\n<p class=\"wp-block-paragraph\">Zerwany dach szko\u0142y w Lubniu<br>Najpowa\u017cniejsze szkody wiatr wyrz\u0105dzi\u0142 w\u0142a\u015bnie w szkole podstawowej w Lubniu, gdzie natychmiast pojawi\u0142y si\u0119 zast\u0119py stra\u017cy po\u017carnej.&nbsp;<\/p>\n\n\n\n<p class=\"wp-block-paragraph\">\u201eW Lubniu zosta\u0142a zerwana po\u0142a\u0107 dachowa szko\u0142y podstawowej o powierzchni ok. 60 mkw. Teren jest zabezpieczany. Nikogo nie by\u0142o w budynku, nie ma os\u00f3b poszkodowanych&#8221; \u2014 poinformowa\u0142 m\u0142. kpt. in\u017c. Bart\u0142omiej Bednarz, rzecznik Komendy Powiatowej Pa\u0144stwowej Stra\u017cy Po\u017carnej w My\u015blenicach.<\/p>\n\n\n\n<p class=\"wp-block-paragraph\">Ratownicy zaj\u0119li si\u0119 przede wszystkim zabezpieczeniem zerwanego dachu, \u017ceby wiatr i deszcz nie zniszczy\u0142y wn\u0119trza szko\u0142y. Na miejscu pracowa\u0142y zast\u0119py stra\u017cy po\u017carnej.<br><\/p>\n\n\n\n<p class=\"wp-block-paragraph\">Powalone drzewa i zablokowane drogi w trzech gminach<br>Nawa\u0142nica nie oszcz\u0119dzi\u0142a te\u017c pozosta\u0142ej cz\u0119\u015bci powiatu. Stanowisko kierowania przyj\u0119\u0142o \u0142\u0105cznie oko\u0142o 20 zg\u0142osze\u0144 z gmin Lubie\u0144, Pcim i Dobczyce, a wi\u0119kszo\u015b\u0107 z nich dotyczy\u0142a powalonych drzew.&nbsp;<\/p>\n\n\n\n<p class=\"wp-block-paragraph\">\u201eZg\u0142oszenia dotycz\u0105 g\u0142\u00f3wnie drzew powalonych na samochody, jezdnie. Wp\u0142yn\u0119\u0142o te\u017c kilka zg\u0142osze\u0144 o potrzebie wypompowania wody&#8221; \u2014 doda\u0142 rzecznik my\u015blenickiej stra\u017cy.<\/p>\n\n\n\n<p class=\"wp-block-paragraph\">Z\u0142amane konary stwarza\u0142y realne zagro\u017cenie dla kierowc\u00f3w i blokowa\u0142y przejazd. Stra\u017cacy krok po kroku udra\u017cniali kolejne odcinki dr\u00f3g, usuwaj\u0105c wiatro\u0142omy i zabezpieczaj\u0105c uszkodzone auta.<br><\/p>\n\n\n\n<p class=\"wp-block-paragraph\">Podtopienia i fina\u0142 akcji ratowniczej<br>Ulewny deszcz sprawi\u0142, \u017ce trzeba by\u0142o te\u017c odpompowywa\u0107 wod\u0119 z zalanych piwnic i prywatnych posesji. S\u0142u\u017cby realizowa\u0142y zg\u0142oszenie za zg\u0142oszeniem, staraj\u0105c si\u0119 jak najszybciej ograniczy\u0107 skutki nawa\u0142nicy.\u00a0<br><\/p>\n","protected":false},"excerpt":{"rendered":"Gwa\u0142towna nawa\u0142nica przesz\u0142a w poniedzia\u0142kowe popo\u0142udnie 3 sierpnia nad Ma\u0142opolsk\u0105, powoduj\u0105c spore zniszczenia w budynkach i drzewostanie. Jak przekaza\u0142a Pa\u0144stwowa Stra\u017c Po\u017carna oraz \n<a class=\"moretag\" href=\"https:\/\/lifevery.biz.ua\/?p=19693\"> [...]<\/a>","protected":false},"author":1,"featured_media":19694,"comment_status":"open","ping_status":"open","sticky":false,"template":"","format":"standard","meta":{"footnotes":""},"categories":[1],"tags":[],"class_list":["post-19693","post","type-post","status-publish","format-standard","has-post-thumbnail","hentry","category-blog"],"_links":{"self":[{"href":"https:\/\/lifevery.biz.ua\/index.php?rest_route=\/wp\/v2\/posts\/19693","targetHints":{"allow":["GET"]}}],"collection":[{"href":"https:\/\/lifevery.biz.ua\/index.php?rest_route=\/wp\/v2\/posts"}],"about":[{"href":"https:\/\/lifevery.biz.ua\/index.php?rest_route=\/wp\/v2\/types\/post"}],"author":[{"embeddable":true,"href":"https:\/\/lifevery.biz.ua\/index.php?rest_route=\/wp\/v2\/users\/1"}],"replies":[{"embeddable":true,"href":"https:\/\/lifevery.biz.ua\/index.php?rest_route=%2Fwp%2Fv2%2Fcomments&post=19693"}],"version-history":[{"count":1,"href":"https:\/\/lifevery.biz.ua\/index.php?rest_route=\/wp\/v2\/posts\/19693\/revisions"}],"predecessor-version":[{"id":19695,"href":"https:\/\/lifevery.biz.ua\/index.php?rest_route=\/wp\/v2\/posts\/19693\/revisions\/19695"}],"wp:featuredmedia":[{"embeddable":true,"href":"https:\/\/lifevery.biz.ua\/index.php?rest_route=\/wp\/v2\/media\/19694"}],"wp:attachment":[{"href":"https:\/\/lifevery.biz.ua\/index.php?rest_route=%2Fwp%2Fv2%2Fmedia&parent=19693"}],"wp:term":[{"taxonomy":"category","embeddable":true,"href":"https:\/\/lifevery.biz.ua\/index.php?rest_route=%2Fwp%2Fv2%2Fcategories&post=19693"},{"taxonomy":"post_tag","embeddable":true,"href":"https:\/\/lifevery.biz.ua\/index.php?rest_route=%2Fwp%2Fv2%2Ftags&post=19693"}],"curies":[{"name":"wp","href":"https:\/\/api.w.org\/{rel}","templated":true}]}}