{"id":19687,"date":"2026-08-07T19:51:56","date_gmt":"2026-08-07T19:51:56","guid":{"rendered":"https:\/\/lifevery.biz.ua\/?p=19687"},"modified":"2026-08-07T19:51:56","modified_gmt":"2026-08-07T19:51:56","slug":"smiertelny-wypadek-na-dk74-zderzenie-busa-z-ciezarowka-w-lagowie","status":"publish","type":"post","link":"https:\/\/lifevery.biz.ua\/?p=19687","title":{"rendered":"\u015amiertelny wypadek na DK74. Zderzenie busa z ci\u0119\u017car\u00f3wk\u0105 w \u0141agowie"},"content":{"rendered":"\n<p class=\"wp-block-paragraph\">Na drodze krajowej nr 74 w \u0141agowie dosz\u0142o do \u015bmiertelnego wypadku. W zderzeniu busa z ci\u0119\u017car\u00f3wk\u0105 zgin\u0119\u0142a jedna osoba, a dwie kolejne trafi\u0142y do szpitala. Trasa przez wiele godzin by\u0142a ca\u0142kowicie zablokowana. Okoliczno\u015bci zdarzenia bada policja pod nadzorem prokuratora.<\/p>\n\n\n\n<p class=\"wp-block-paragraph\">Do wypadku dosz\u0142o w czwartek 6 sierpnia na odcinku \u0142\u0105cz\u0105cym Kielce z Opatowem, w powiecie kieleckim. Bus pasa\u017cerski uderzy\u0142 tam w ci\u0119\u017car\u00f3wk\u0119. Na miejsce natychmiast skierowano pi\u0119\u0107 zast\u0119p\u00f3w stra\u017cy po\u017carnej, zespo\u0142y ratownictwa medycznego, \u015bmig\u0142owiec LPR oraz policj\u0119, kt\u00f3ra zabezpiecza\u0142a teren i wyznacza\u0142a objazdy.<\/p>\n\n\n\n<p class=\"wp-block-paragraph\">\u015amier\u0107 pasa\u017cera i akcja z udzia\u0142em \u015bmig\u0142owca LPR<br>Zdarzenie mia\u0142o miejsce oko\u0142o godziny 14:50. Busem marki Renault podr\u00f3\u017cowa\u0142y trzy osoby, w ci\u0119\u017car\u00f3wce by\u0142 tylko kierowca. Mimo reanimacji nie uda\u0142o si\u0119 uratowa\u0107 \u017cycia 67-letniego pasa\u017cera busa, kt\u00f3ry zgin\u0105\u0142 na miejscu.<\/p>\n\n\n\n<p class=\"wp-block-paragraph\">Przebieg akcji ratunkowej przybli\u017cy\u0142a m\u0142. asp. Beata Gizowska z Komendy Miejskiej Pa\u0144stwowej Stra\u017cy Po\u017carnej w Kielcach. Jak przekaza\u0142a, na miejscu pracowa\u0142o pi\u0119\u0107 zast\u0119p\u00f3w stra\u017cy, cztery z PSP i jeden z OSP \u0141ag\u00f3w.&nbsp;<\/p>\n\n\n\n<p class=\"wp-block-paragraph\">\u201eJednej osoby nie uda\u0142o si\u0119 uratowa\u0107, a dwie kolejne zosta\u0142y przetransportowane do szpitali \u015bmig\u0142owcem i karetk\u0105&#8221; \u2014 m\u00f3wi\u0142a.<br><\/p>\n\n\n\n<p class=\"wp-block-paragraph\">Bus zjecha\u0142 na przeciwny pas<br>Dok\u0142adne przyczyny wypadku ustalaj\u0105 \u015bledczy. Ze wst\u0119pnych ustale\u0144, kt\u00f3re przekaza\u0142a podkom. Ma\u0142gorzata Perkowska-Kiepas z Komendy Miejskiej Policji w Kielcach, wynika, \u017ce 57-letni kierowca busa jad\u0105cy w stron\u0119 \u0141agowa z nieustalonych przyczyn zjecha\u0142 na przeciwleg\u0142y pas ruchu.&nbsp;<\/p>\n\n\n\n<p class=\"wp-block-paragraph\">\u201eTam zderzy\u0142 si\u0119 z ci\u0119\u017carowym Renault, kt\u00f3rym kierowa\u0142 trze\u017awy 26-latek&#8221; \u2014 relacjonowa\u0142a rzeczniczka.&nbsp;<\/p>\n\n\n\n<p class=\"wp-block-paragraph\">Jak doda\u0142a, kierowca ci\u0119\u017car\u00f3wki pr\u00f3bowa\u0142 jeszcze skr\u0119ci\u0107, gdy zobaczy\u0142 zagro\u017cenie, ale nie zdo\u0142a\u0142 unikn\u0105\u0107 zderzenia.<br><\/p>\n\n\n\n<p class=\"wp-block-paragraph\">Blokada trasy i objazdy przez niemal sze\u015b\u0107 godzin<br>Droga krajowa nr 74 w miejscu zdarzenia by\u0142a ca\u0142kowicie zamkni\u0119ta w obu kierunkach przez niemal sze\u015b\u0107 godzin. Samochody osobowe policja kierowa\u0142a na drogi lokalne.\u00a0<br><\/p>\n","protected":false},"excerpt":{"rendered":"Na drodze krajowej nr 74 w \u0141agowie dosz\u0142o do \u015bmiertelnego wypadku. W zderzeniu busa z ci\u0119\u017car\u00f3wk\u0105 zgin\u0119\u0142a jedna osoba, a dwie kolejne trafi\u0142y \n<a class=\"moretag\" href=\"https:\/\/lifevery.biz.ua\/?p=19687\"> [...]<\/a>","protected":false},"author":1,"featured_media":19688,"comment_status":"open","ping_status":"open","sticky":false,"template":"","format":"standard","meta":{"footnotes":""},"categories":[1],"tags":[],"class_list":["post-19687","post","type-post","status-publish","format-standard","has-post-thumbnail","hentry","category-blog"],"_links":{"self":[{"href":"https:\/\/lifevery.biz.ua\/index.php?rest_route=\/wp\/v2\/posts\/19687","targetHints":{"allow":["GET"]}}],"collection":[{"href":"https:\/\/lifevery.biz.ua\/index.php?rest_route=\/wp\/v2\/posts"}],"about":[{"href":"https:\/\/lifevery.biz.ua\/index.php?rest_route=\/wp\/v2\/types\/post"}],"author":[{"embeddable":true,"href":"https:\/\/lifevery.biz.ua\/index.php?rest_route=\/wp\/v2\/users\/1"}],"replies":[{"embeddable":true,"href":"https:\/\/lifevery.biz.ua\/index.php?rest_route=%2Fwp%2Fv2%2Fcomments&post=19687"}],"version-history":[{"count":1,"href":"https:\/\/lifevery.biz.ua\/index.php?rest_route=\/wp\/v2\/posts\/19687\/revisions"}],"predecessor-version":[{"id":19689,"href":"https:\/\/lifevery.biz.ua\/index.php?rest_route=\/wp\/v2\/posts\/19687\/revisions\/19689"}],"wp:featuredmedia":[{"embeddable":true,"href":"https:\/\/lifevery.biz.ua\/index.php?rest_route=\/wp\/v2\/media\/19688"}],"wp:attachment":[{"href":"https:\/\/lifevery.biz.ua\/index.php?rest_route=%2Fwp%2Fv2%2Fmedia&parent=19687"}],"wp:term":[{"taxonomy":"category","embeddable":true,"href":"https:\/\/lifevery.biz.ua\/index.php?rest_route=%2Fwp%2Fv2%2Fcategories&post=19687"},{"taxonomy":"post_tag","embeddable":true,"href":"https:\/\/lifevery.biz.ua\/index.php?rest_route=%2Fwp%2Fv2%2Ftags&post=19687"}],"curies":[{"name":"wp","href":"https:\/\/api.w.org\/{rel}","templated":true}]}}