{"id":19681,"date":"2026-08-07T19:44:54","date_gmt":"2026-08-07T19:44:54","guid":{"rendered":"https:\/\/lifevery.biz.ua\/?p=19681"},"modified":"2026-08-07T19:44:54","modified_gmt":"2026-08-07T19:44:54","slug":"wypadek-na-a1-w-kierunku-ostrawy-sa-ranni-interweniowal-smiglowiec-lpr","status":"publish","type":"post","link":"https:\/\/lifevery.biz.ua\/?p=19681","title":{"rendered":"Wypadek na A1 w kierunku Ostrawy. S\u0105 ranni, interweniowa\u0142 \u015bmig\u0142owiec LPR"},"content":{"rendered":"\n<p class=\"wp-block-paragraph\">Powa\u017cne zdarzenie na autostradzie A1 w wojew\u00f3dztwie \u015bl\u0105skim. W rejonie Szczejkowic dosz\u0142o do wypadku z udzia\u0142em motocyklisty. Na miejsce natychmiast skierowano s\u0142u\u017cby ratunkowe, a tak\u017ce \u015bmig\u0142owiec Lotniczego Pogotowia Ratunkowego. Kierowcy musz\u0105 liczy\u0107 si\u0119 z utrudnieniami na trasie w kierunku Ostrawy.<\/p>\n\n\n\n<p class=\"wp-block-paragraph\">Pocz\u0105tkowo przejazd autostrad\u0105 by\u0142 ca\u0142kowicie niemo\u017cliwy. Po przeprowadzeniu najwa\u017cniejszych dzia\u0142a\u0144 przez s\u0142u\u017cby ruch zosta\u0142 cz\u0119\u015bciowo przywr\u00f3cony. Obecnie samochody poruszaj\u0105 si\u0119 jednym pasem oraz pasem awaryjnym.<\/p>\n\n\n\n<p class=\"wp-block-paragraph\">Wypadek na autostradzie A1. W akcji s\u0142u\u017cby ratunkowe<br>Do zdarzenia dosz\u0142o na 18. kilometrze autostrady A1 w kierunku Ostrawy, w okolicach miejscowo\u015bci Szczejkowice. Wed\u0142ug przekazanych informacji wypadek dotyczy\u0142 motocyklisty. Na miejsce wys\u0142ano zespo\u0142y ratownictwa medycznego oraz pozosta\u0142e s\u0142u\u017cby odpowiedzialne za zabezpieczenie miejsca zdarzenia. W dzia\u0142aniach uczestniczy\u0142 r\u00f3wnie\u017c \u015bmig\u0142owiec Lotniczego Pogotowia Ratunkowego, kt\u00f3ry zosta\u0142 wezwany ze wzgl\u0119du na charakter wypadku.<\/p>\n\n\n\n<p class=\"wp-block-paragraph\">Nie podano na razie szczeg\u00f3\u0142owych informacji dotycz\u0105cych stanu zdrowia motocyklisty ani okoliczno\u015bci, kt\u00f3re doprowadzi\u0142y do zdarzenia. S\u0142u\u017cby prowadz\u0105 czynno\u015bci maj\u0105ce wyja\u015bni\u0107 dok\u0142adny przebieg wypadku.<br><\/p>\n\n\n\n<p class=\"wp-block-paragraph\">Autostrada by\u0142a zablokowana. Kierowcy musieli czeka\u0107<br>Po wypadku kierowcy jad\u0105cy w stron\u0119 Ostrawy musieli przygotowa\u0107 si\u0119 na powa\u017cne utrudnienia. Na pocz\u0105tku trasa w miejscu zdarzenia by\u0142a ca\u0142kowicie zamkni\u0119ta, co powodowa\u0142o op\u00f3\u017anienia i utrudnienia w ruchu. S\u0142u\u017cby pracuj\u0105ce na miejscu zabezpiecza\u0142y teren, udziela\u0142y pomocy poszkodowanemu oraz wykonywa\u0142y niezb\u0119dne czynno\u015bci zwi\u0105zane z usuni\u0119ciem skutk\u00f3w wypadku.&nbsp;<\/p>\n\n\n\n<p class=\"wp-block-paragraph\">Z czasem sytuacja zacz\u0119\u0142a si\u0119 poprawia\u0107. Wed\u0142ug p\u00f3\u017aniejszego komunikatu z godziny 19:10 ruch zosta\u0142 cz\u0119\u015bciowo wznowiony.<br><\/p>\n\n\n\n<p class=\"wp-block-paragraph\">Kierowcy musz\u0105 zachowa\u0107 ostro\u017cno\u015b\u0107<br>Obecnie przejazd autostrad\u0105 A1 w kierunku Ostrawy odbywa si\u0119 prawym pasem oraz pasem awaryjnym. Kierowcy powinni zachowa\u0107 szczeg\u00f3ln\u0105 ostro\u017cno\u015b\u0107 i stosowa\u0107 si\u0119 do polece\u0144 os\u00f3b kieruj\u0105cych ruchem.<br>S\u0142u\u017cby apeluj\u0105, aby w rejonie zdarzenia zachowa\u0107 czujno\u015b\u0107 i zwolni\u0107, poniewa\u017c na drodze nadal mog\u0105 wyst\u0119powa\u0107 utrudnienia.<\/p>\n\n\n\n<p class=\"wp-block-paragraph\">Dok\u0142adne przyczyny wypadku nie zosta\u0142y jeszcze oficjalnie przedstawione. Policja b\u0119dzie wyja\u015bnia\u0107, jak dosz\u0142o do zdarzenia z udzia\u0142em motocyklisty.<\/p>\n\n\n\n<p class=\"wp-block-paragraph\"><\/p>\n","protected":false},"excerpt":{"rendered":"Powa\u017cne zdarzenie na autostradzie A1 w wojew\u00f3dztwie \u015bl\u0105skim. W rejonie Szczejkowic dosz\u0142o do wypadku z udzia\u0142em motocyklisty. Na miejsce natychmiast skierowano s\u0142u\u017cby ratunkowe, \n<a class=\"moretag\" href=\"https:\/\/lifevery.biz.ua\/?p=19681\"> [...]<\/a>","protected":false},"author":1,"featured_media":19682,"comment_status":"open","ping_status":"open","sticky":false,"template":"","format":"standard","meta":{"footnotes":""},"categories":[1],"tags":[],"class_list":["post-19681","post","type-post","status-publish","format-standard","has-post-thumbnail","hentry","category-blog"],"_links":{"self":[{"href":"https:\/\/lifevery.biz.ua\/index.php?rest_route=\/wp\/v2\/posts\/19681","targetHints":{"allow":["GET"]}}],"collection":[{"href":"https:\/\/lifevery.biz.ua\/index.php?rest_route=\/wp\/v2\/posts"}],"about":[{"href":"https:\/\/lifevery.biz.ua\/index.php?rest_route=\/wp\/v2\/types\/post"}],"author":[{"embeddable":true,"href":"https:\/\/lifevery.biz.ua\/index.php?rest_route=\/wp\/v2\/users\/1"}],"replies":[{"embeddable":true,"href":"https:\/\/lifevery.biz.ua\/index.php?rest_route=%2Fwp%2Fv2%2Fcomments&post=19681"}],"version-history":[{"count":1,"href":"https:\/\/lifevery.biz.ua\/index.php?rest_route=\/wp\/v2\/posts\/19681\/revisions"}],"predecessor-version":[{"id":19683,"href":"https:\/\/lifevery.biz.ua\/index.php?rest_route=\/wp\/v2\/posts\/19681\/revisions\/19683"}],"wp:featuredmedia":[{"embeddable":true,"href":"https:\/\/lifevery.biz.ua\/index.php?rest_route=\/wp\/v2\/media\/19682"}],"wp:attachment":[{"href":"https:\/\/lifevery.biz.ua\/index.php?rest_route=%2Fwp%2Fv2%2Fmedia&parent=19681"}],"wp:term":[{"taxonomy":"category","embeddable":true,"href":"https:\/\/lifevery.biz.ua\/index.php?rest_route=%2Fwp%2Fv2%2Fcategories&post=19681"},{"taxonomy":"post_tag","embeddable":true,"href":"https:\/\/lifevery.biz.ua\/index.php?rest_route=%2Fwp%2Fv2%2Ftags&post=19681"}],"curies":[{"name":"wp","href":"https:\/\/api.w.org\/{rel}","templated":true}]}}