{"id":19661,"date":"2026-08-07T18:52:57","date_gmt":"2026-08-07T18:52:57","guid":{"rendered":"https:\/\/lifevery.biz.ua\/?p=19661"},"modified":"2026-08-07T18:52:57","modified_gmt":"2026-08-07T18:52:57","slug":"policja-oglosila-czarny-alert-drogowy-nie-zyje-dziecko-tragedia-w-kuznicy-starej","status":"publish","type":"post","link":"https:\/\/lifevery.biz.ua\/?p=19661","title":{"rendered":"Policja og\u0142osi\u0142a czarny alert drogowy. Nie \u017cyje dziecko, tragedia w Ku\u017anicy Starej"},"content":{"rendered":"\n<p class=\"wp-block-paragraph\"><\/p>\n\n\n\n<p class=\"wp-block-paragraph\">\u015al\u0105ska Policja og\u0142osi\u0142a czarny alert drogowy po tragicznym wypadku w Ku\u017anicy Starej. W wyniku zdarzenia zmar\u0142 9-letni ch\u0142opiec jad\u0105cy rowerem. Wed\u0142ug wst\u0119pnych ustale\u0144 BMW potr\u0105ci\u0142o dziecko na chodniku w pobli\u017cu domu. \u015aledczy badaj\u0105 tak\u017ce \u015brodki odurzaj\u0105ce znalezione w samochodzie.<\/p>\n\n\n\n<p class=\"wp-block-paragraph\">Do zdarzenia dosz\u0142o 29 lipca oko\u0142o godziny 19.30 przy ulicy Kolejowej. Samochodem kierowa\u0142 39-letni m\u0119\u017cczyzna jad\u0105cy od strony Przystajni. Na \u0142uku drogi auto zjecha\u0142o z jezdni na chodnik. W tym miejscu porusza\u0142 si\u0119 rowerem 9-letni ch\u0142opiec.<\/p>\n\n\n\n<p class=\"wp-block-paragraph\">Czarny alert drogowy po \u015bmierci 9-letniego ch\u0142opca<br>\u015al\u0105ska Policja opublikowa\u0142a informacj\u0119 o wypadku pod oznaczeniem \u201e#Czarny Alert Drogowy\u201d. Funkcjonariusze przekazali, \u017ce tragiczne zdarzenie jest wyja\u015bniane przez policjant\u00f3w z K\u0142obucka pod nadzorem prokuratora.<\/p>\n\n\n\n<p class=\"wp-block-paragraph\">\u2013 #Czarny Alert Drogowy. \u015amiertelny wypadek w Ku\u017anicy Starej. Policjanci z K\u0142obucka pod nadzorem prokuratora wyja\u015bniaj\u0105 okoliczno\u015bci tragicznego w skutkach wypadku drogowego, do kt\u00f3rego dosz\u0142o wczoraj, 29 lipca oko\u0142o godziny 19.30 w Ku\u017anicy Starej. W wyniku odniesionych obra\u017ce\u0144 \u015bmier\u0107 poni\u00f3s\u0142 kieruj\u0105cy rowerem 9-letni ch\u0142opiec \u2013 poinformowa\u0142a \u015al\u0105ska Policja w opublikowanym komunikacie.<\/p>\n\n\n\n<p class=\"wp-block-paragraph\">Zg\u0142oszenie dotycz\u0105ce zdarzenia drogowego z udzia\u0142em dziecka dotar\u0142o do k\u0142obuckich policjant\u00f3w oko\u0142o godziny 19.30. Funkcjonariusze rozpocz\u0119li ustalanie dok\u0142adnego przebiegu wypadku.<br><\/p>\n\n\n\n<p class=\"wp-block-paragraph\">Ze wst\u0119pnych informacji wynika, \u017ce 39-letni kieruj\u0105cy samochodem osobowym marki BMW jecha\u0142 ulic\u0105 Kolejow\u0105 od strony Przystajni. Na \u0142uku drogi zjecha\u0142 z jezdni na chodnik. W tym miejscu potr\u0105ci\u0142 9-letniego ch\u0142opca, kt\u00f3ry porusza\u0142 si\u0119 rowerem w pobli\u017cu swojego domu.<\/p>\n\n\n\n<p class=\"wp-block-paragraph\">Dziecko dozna\u0142o powa\u017cnych obra\u017ce\u0144. Na miejsce skierowano \u015bmig\u0142owiec Lotniczego Pogotowia Ratunkowego. Ch\u0142opiec w ci\u0119\u017ckim stanie zosta\u0142 przetransportowany do szpitala. Mimo podj\u0119tych dzia\u0142a\u0144 jego \u017cycia nie uda\u0142o si\u0119 uratowa\u0107. Policja przekaza\u0142a, \u017ce 9-latek zmar\u0142 na skutek obra\u017ce\u0144 odniesionych w wypadku.<\/p>\n\n\n\n<p class=\"wp-block-paragraph\">Zobacz tak\u017ce: Incydent na Lubelszczy\u017anie. Burzliwa dyskusja w Republice i apel o likwidacj\u0119 TVP<br>Czytaj wi\u0119cej: https:\/\/goniec.pl\/policja-oglosila-czarny-alert-drogowy-nie-zyje-dziecko-tragedia-w-kuznicy-starej-wk-wmp-300726<\/p>\n","protected":false},"excerpt":{"rendered":"\u015al\u0105ska Policja og\u0142osi\u0142a czarny alert drogowy po tragicznym wypadku w Ku\u017anicy Starej. W wyniku zdarzenia zmar\u0142 9-letni ch\u0142opiec jad\u0105cy rowerem. Wed\u0142ug wst\u0119pnych ustale\u0144 \n<a class=\"moretag\" href=\"https:\/\/lifevery.biz.ua\/?p=19661\"> [...]<\/a>","protected":false},"author":1,"featured_media":0,"comment_status":"open","ping_status":"open","sticky":false,"template":"","format":"standard","meta":{"footnotes":""},"categories":[1],"tags":[],"class_list":["post-19661","post","type-post","status-publish","format-standard","hentry","category-blog"],"_links":{"self":[{"href":"https:\/\/lifevery.biz.ua\/index.php?rest_route=\/wp\/v2\/posts\/19661","targetHints":{"allow":["GET"]}}],"collection":[{"href":"https:\/\/lifevery.biz.ua\/index.php?rest_route=\/wp\/v2\/posts"}],"about":[{"href":"https:\/\/lifevery.biz.ua\/index.php?rest_route=\/wp\/v2\/types\/post"}],"author":[{"embeddable":true,"href":"https:\/\/lifevery.biz.ua\/index.php?rest_route=\/wp\/v2\/users\/1"}],"replies":[{"embeddable":true,"href":"https:\/\/lifevery.biz.ua\/index.php?rest_route=%2Fwp%2Fv2%2Fcomments&post=19661"}],"version-history":[{"count":1,"href":"https:\/\/lifevery.biz.ua\/index.php?rest_route=\/wp\/v2\/posts\/19661\/revisions"}],"predecessor-version":[{"id":19662,"href":"https:\/\/lifevery.biz.ua\/index.php?rest_route=\/wp\/v2\/posts\/19661\/revisions\/19662"}],"wp:attachment":[{"href":"https:\/\/lifevery.biz.ua\/index.php?rest_route=%2Fwp%2Fv2%2Fmedia&parent=19661"}],"wp:term":[{"taxonomy":"category","embeddable":true,"href":"https:\/\/lifevery.biz.ua\/index.php?rest_route=%2Fwp%2Fv2%2Fcategories&post=19661"},{"taxonomy":"post_tag","embeddable":true,"href":"https:\/\/lifevery.biz.ua\/index.php?rest_route=%2Fwp%2Fv2%2Ftags&post=19661"}],"curies":[{"name":"wp","href":"https:\/\/api.w.org\/{rel}","templated":true}]}}