{"id":19559,"date":"2026-08-05T18:33:48","date_gmt":"2026-08-05T18:33:48","guid":{"rendered":"https:\/\/lifevery.biz.ua\/?p=19559"},"modified":"2026-08-05T18:33:48","modified_gmt":"2026-08-05T18:33:48","slug":"polka-zginela-w-zamachu-w-berlinie-niemieckie-wladze-oficjalnie-potwierdzily","status":"publish","type":"post","link":"https:\/\/lifevery.biz.ua\/?p=19559","title":{"rendered":"Polka zgin\u0119\u0142a w zamachu w Berlinie. Niemieckie w\u0142adze oficjalnie potwierdzi\u0142y"},"content":{"rendered":"\n<p class=\"wp-block-paragraph\">Tragiczne informacje nap\u0142yn\u0119\u0142y z Berlina po sobotnim zamachu terrorystycznym w pobli\u017cu Parady R\u00f3wno\u015bci Christopher Street Day. Burmistrz niemieckiej stolicy potwierdzi\u0142, \u017ce ofiar\u0105 \u015bmierteln\u0105 by\u0142a obywatelka Polski. Wed\u0142ug nieoficjalnych ustale\u0144 niemieckich medi\u00f3w kobieta przyjecha\u0142a do Berlina z c\u00f3rk\u0105, kt\u00f3ra zosta\u0142a ranna w ataku.<\/p>\n\n\n\n<p class=\"wp-block-paragraph\">Polka zgin\u0119\u0142a w zamachu w Berlinie. Burmistrz potwierdzi\u0142 to\u017csamo\u015b\u0107 ofiary<br>Przypomnijmy, do tragedii dosz\u0142o w sobot\u0119, 25 lipca, p\u00f3\u017anym wieczorem w berli\u0144skim parku Tiergarten. Sprawca kieruj\u0105cy furgonetk\u0105 wjecha\u0142 z du\u017c\u0105 pr\u0119dko\u015bci\u0105 w t\u0142um os\u00f3b znajduj\u0105cych si\u0119 w alejce w pobli\u017cu odbywaj\u0105cej si\u0119 Parady R\u00f3wno\u015bci Christopher Street Day (CSD). W wyniku ataku jedna osoba ponios\u0142a \u015bmier\u0107, a 29 zosta\u0142o rannych. Pocz\u0105tkowo to\u017csamo\u015b\u0107 ofiary nie by\u0142a oficjalnie ujawniana. Dopiero w poniedzia\u0142ek burmistrz Berlina Kai Wegner poinformowa\u0142, \u017ce zmar\u0142a by\u0142a obywatelk\u0105 Polski.<\/p>\n\n\n\n<p class=\"wp-block-paragraph\">Jak przekaza\u0142 Wegner, kobieta przebywa\u0142a w Berlinie wraz z c\u00f3rk\u0105 i pad\u0142a ofiar\u0105 zamachu terrorystycznego. Burmistrz poinformowa\u0142 r\u00f3wnie\u017c, \u017ce z\u0142o\u017cy\u0142 kondolencje polskiemu charge d&#8217;affaires w Niemczech Janowi Tombi\u0144skiemu.&nbsp;<\/p>\n\n\n\n<p class=\"wp-block-paragraph\">Bardzo poruszy\u0142o mnie to, co wydarzy\u0142o si\u0119 w sobot\u0119, a moje my\u015bli s\u0105 z pa\u0144stwem, a przede wszystkim z c\u00f3rk\u0105 i rodzin\u0105 zamordowanej \u2013 przekaza\u0142 Wegner, cytowany przez dpa.<\/p>\n\n\n\n<p class=\"wp-block-paragraph\">Wed\u0142ug nieoficjalnych ustale\u0144 niemieckiego dziennika &#8220;Bild\u201d, ofiar\u0105 by\u0142a 65-letnia mieszkanka Warszawy. Gazeta podaje, \u017ce kobieta przyjecha\u0142a do Berlina razem z c\u00f3rk\u0105 specjalnie na Parad\u0119 R\u00f3wno\u015bci. Te informacje nie zosta\u0142y jednak dot\u0105d oficjalnie potwierdzone przez berli\u0144skie w\u0142adze. Do czasu formalnej identyfikacji cia\u0142o zmar\u0142ej ma pozostawa\u0107 w instytucie medycyny s\u0105dowej, a nast\u0119pnie zosta\u0107 przekazane rodzinie w celu organizacji pogrzebu.<\/p>\n\n\n\n<p class=\"wp-block-paragraph\">C\u00f3rka ofiary zosta\u0142a ranna. W\u015br\u00f3d poszkodowanych by\u0142o 29 os\u00f3b<br>Z ustale\u0144 dziennika &#8220;Bild\u201d wynika, \u017ce c\u00f3rka 65-latki zosta\u0142a ranna podczas zamachu. Kobiety mia\u0142y wsp\u00f3lnie uczestniczy\u0107 w sobotnich wydarzeniach. Oficjalne komunikaty niemieckich s\u0142u\u017cb nie zawieraj\u0105 jednak szczeg\u00f3\u0142\u00f3w dotycz\u0105cych stanu zdrowia c\u00f3rki ani charakteru odniesionych przez ni\u0105 obra\u017ce\u0144.<\/p>\n\n\n\n<p class=\"wp-block-paragraph\">Wed\u0142ug policji w wyniku sobotniego ataku rannych zosta\u0142o 29 os\u00f3b. Cz\u0119\u015b\u0107 z nich odnios\u0142a obra\u017cenia zagra\u017caj\u0105ce \u017cyciu, jednak ju\u017c w niedziel\u0119 niemieckie s\u0142u\u017cby przekaza\u0142y, \u017ce poza \u015bmierteln\u0105 ofiar\u0105 nikt wi\u0119cej nie zmar\u0142. Niekt\u00f3rzy poszkodowani zostali ju\u017c wypisani ze szpitali. \u015aledczy nadal wyja\u015bniaj\u0105 wszystkie okoliczno\u015bci zdarzenia oraz przebieg samego ataku.<\/p>\n\n\n\n<p class=\"wp-block-paragraph\">Po potwierdzeniu, \u017ce ofiar\u0105 \u015bmierteln\u0105 by\u0142a Polka, g\u0142os zabra\u0142o r\u00f3wnie\u017c polskie Ministerstwo Spraw Zagranicznych.&nbsp;<\/p>\n\n\n\n<p class=\"wp-block-paragraph\">Wstrz\u0105\u015bni\u0119ci i z g\u0142\u0119bokim smutkiem przyj\u0119li\u015bmy informacj\u0119, \u017ce ofiar\u0105 tragicznego ataku w Berlinie by\u0142a obywatelka Polski. Sk\u0142adamy najszczersze wyrazy wsp\u00f3\u0142czucia rodzinie i bliskim Zmar\u0142ej. Konsul RP w Berlinie pozostaje w kontakcie z niemieckimi w\u0142adzami oraz zapewni rodzinie niezb\u0119dne wsparcie konsularne \u2013 napisa\u0142 rzecznik MSZ Maciej Wiewi\u00f3r na platformie X.<\/p>\n\n\n\n<p class=\"wp-block-paragraph\">O\u015bwiadczenie potwierdzi\u0142o, \u017ce polskie s\u0142u\u017cby dyplomatyczne s\u0105 zaanga\u017cowane w pomoc rodzinie ofiary.<\/p>\n\n\n\n<p class=\"wp-block-paragraph\">Zobacz tak\u017ce: Trafi\u0142a na SOR, po kilku godzinach ju\u017c nie \u017cy\u0142a. Przyjmowa\u0142 j\u0105 Dawid Kacprzyk, w akcji prokuratura<br><\/p>\n\n\n\n<p class=\"wp-block-paragraph\">Napastnik zosta\u0142 zastrzelony podczas pr\u00f3by zatrzymania<br>Po zamachu niemieckie s\u0142u\u017cby rozpocz\u0119\u0142y zakrojone na szerok\u0105 skal\u0119 poszukiwania sprawcy. Wed\u0142ug przekazanych informacji m\u0119\u017cczyzna zosta\u0142 odnaleziony w niedziel\u0119 na terenie osady ogrod\u00f3w dzia\u0142kowych w berli\u0144skiej dzielnicy Spandau. Z ustale\u0144 wynika, \u017ce podczas pr\u00f3by zatrzymania mia\u0142 zaatakowa\u0107 funkcjonariuszy broni\u0105 bia\u0142\u0105. Policjanci otworzyli ogie\u0144, w wyniku czego napastnik zgin\u0105\u0142 na miejscu.<br><\/p>\n\n\n\n<p class=\"wp-block-paragraph\">Wed\u0142ug dost\u0119pnych informacji sprawc\u0105 mia\u0142 by\u0107 Abdul Ballout. Niemieckie media okre\u015blaj\u0105 go jako islamist\u0119. \u015aledczy badaj\u0105 jego motywy oraz okoliczno\u015bci przygotowania ataku. Dotychczas przekazane przez s\u0142u\u017cby informacje wskazuj\u0105, \u017ce by\u0142 to zamach terrorystyczny wymierzony w osoby uczestnicz\u0105ce lub przebywaj\u0105ce w pobli\u017cu Parady R\u00f3wno\u015bci w Berlinie.<\/p>\n\n\n\n<p class=\"wp-block-paragraph\">\u015amier\u0107 polskiej obywatelki oraz obra\u017cenia odniesione przez jej c\u00f3rk\u0119 sprawi\u0142y, \u017ce tragedia odbi\u0142a si\u0119 szerokim echem zar\u00f3wno w Niemczech, jak i w Polsce.<\/p>\n\n\n\n<p class=\"wp-block-paragraph\"><\/p>\n","protected":false},"excerpt":{"rendered":"Tragiczne informacje nap\u0142yn\u0119\u0142y z Berlina po sobotnim zamachu terrorystycznym w pobli\u017cu Parady R\u00f3wno\u015bci Christopher Street Day. Burmistrz niemieckiej stolicy potwierdzi\u0142, \u017ce ofiar\u0105 \u015bmierteln\u0105 \n<a class=\"moretag\" href=\"https:\/\/lifevery.biz.ua\/?p=19559\"> [...]<\/a>","protected":false},"author":1,"featured_media":0,"comment_status":"open","ping_status":"open","sticky":false,"template":"","format":"standard","meta":{"footnotes":""},"categories":[1],"tags":[],"class_list":["post-19559","post","type-post","status-publish","format-standard","hentry","category-blog"],"_links":{"self":[{"href":"https:\/\/lifevery.biz.ua\/index.php?rest_route=\/wp\/v2\/posts\/19559","targetHints":{"allow":["GET"]}}],"collection":[{"href":"https:\/\/lifevery.biz.ua\/index.php?rest_route=\/wp\/v2\/posts"}],"about":[{"href":"https:\/\/lifevery.biz.ua\/index.php?rest_route=\/wp\/v2\/types\/post"}],"author":[{"embeddable":true,"href":"https:\/\/lifevery.biz.ua\/index.php?rest_route=\/wp\/v2\/users\/1"}],"replies":[{"embeddable":true,"href":"https:\/\/lifevery.biz.ua\/index.php?rest_route=%2Fwp%2Fv2%2Fcomments&post=19559"}],"version-history":[{"count":1,"href":"https:\/\/lifevery.biz.ua\/index.php?rest_route=\/wp\/v2\/posts\/19559\/revisions"}],"predecessor-version":[{"id":19560,"href":"https:\/\/lifevery.biz.ua\/index.php?rest_route=\/wp\/v2\/posts\/19559\/revisions\/19560"}],"wp:attachment":[{"href":"https:\/\/lifevery.biz.ua\/index.php?rest_route=%2Fwp%2Fv2%2Fmedia&parent=19559"}],"wp:term":[{"taxonomy":"category","embeddable":true,"href":"https:\/\/lifevery.biz.ua\/index.php?rest_route=%2Fwp%2Fv2%2Fcategories&post=19559"},{"taxonomy":"post_tag","embeddable":true,"href":"https:\/\/lifevery.biz.ua\/index.php?rest_route=%2Fwp%2Fv2%2Ftags&post=19559"}],"curies":[{"name":"wp","href":"https:\/\/api.w.org\/{rel}","templated":true}]}}