{"id":1953,"date":"2026-02-03T11:08:08","date_gmt":"2026-02-03T11:08:08","guid":{"rendered":"https:\/\/lifevery.biz.ua\/?p=1953"},"modified":"2026-02-03T11:08:08","modified_gmt":"2026-02-03T11:08:08","slug":"mezczyzna-zabl-rodzicow-i-psa-akcja-kontrterrorystow-sasiedzi-ujawnili-szokujace-informacje","status":"publish","type":"post","link":"https:\/\/lifevery.biz.ua\/?p=1953","title":{"rendered":"M\u0119\u017cczyzna zab*\u0142 rodzic\u00f3w i psa, akcja kontrterroryst\u00f3w. S\u0105siedzi ujawnili szokuj\u0105ce informacje"},"content":{"rendered":"\n<p>W jednym z dom\u00f3w na warszawskim Targ\u00f3wku dosz\u0142o do makabrycznej zbrodni: w \u015brod\u0119 rano w domu znaleziono cia\u0142a dwojga doros\u0142ych i martwego psa. Trwaj\u0105 dzia\u0142ania policyjne, w tym negocjator\u00f3w i kontrterroryst\u00f3w, a okoliczni mieszka\u0144cy ujawniaj\u0105 przera\u017caj\u0105ce relacje o spokojnej rodzinie i dramatycznych momentach akcji s\u0142u\u017cb. S\u0105siedzi podejrzewaj\u0105, \u017ce sprawc\u0105 m\u00f3g\u0142 by\u0107 syn zamordowanego ma\u0142\u017ce\u0144stwa.<\/p>\n\n\n\n<p>Tragiczne odkrycie na Targ\u00f3wku. Cia\u0142a rodzic\u00f3w i martwy pies<br>S\u0105siedzi o rodzinie: \u201eTo by\u0142a spokojna rodzina&#8221;<br>Dzia\u0142ania s\u0142u\u017cb i podejrzenia s\u0105siad\u00f3w<br>Tragiczne odkrycie na Targ\u00f3wku. Cia\u0142a rodzic\u00f3w i martwy pies<br>W \u015brod\u0119 rano s\u0142u\u017cby ratunkowe otrzyma\u0142y zg\u0142oszenie o podejrzeniu tragedii w domu jednorodzinnym przy jednej z ulic Targ\u00f3wka w Warszawie. Po przybyciu na miejsce policjanci oraz s\u0142u\u017cby porz\u0105dkowe potwierdzi\u0142y makabryczne doniesienia: w \u015brodku znaleziono cia\u0142a kobiety i m\u0119\u017cczyzny. Obok zmar\u0142ych le\u017ca\u0142 r\u00f3wnie\u017c martwy pies. Wed\u0142ug portalu \u201eFakt\u201d, obecny w domu m\u0119\u017cczyzna, kt\u00f3ry mo\u017ce mie\u0107 zwi\u0105zek z tragedi\u0105, zabarykadowa\u0142 si\u0119 w pomieszczeniu. Na miejscu pojawili si\u0119 negocjatorzy policyjni, a tak\u017ce jednostki kontrterrorystyczne, kt\u00f3re prowadzi\u0142y dzia\u0142ania maj\u0105ce na celu zatrzymanie podejrzanego. Po intensywnej akcji funkcjonariusze weszli do budynku, obezw\u0142adnili m\u0119\u017cczyzn\u0119 i zatrzymali go.\u00a0<br><\/p>\n\n\n\n<p>S\u0105siedzi o rodzinie: \u201eTo by\u0142a spokojna rodzina&#8221;<br>Okoliczni mieszka\u0144cy, kt\u00f3rzy znali zamordowan\u0105 par\u0119, w rozmowach dla Wirtualnej Polski opisuj\u0105 ich jako ludzi spokojnych i \u017cyczliwych.<\/p>\n\n\n\n<p>To by\u0142a spokojna rodzina, na co dzie\u0144 nie by\u0142o s\u0142ycha\u0107 \u017cadnych k\u0142\u00f3tni.<\/p>\n\n\n\n<p>-m\u00f3wi\u0142a dla WP jedna z s\u0105siadek<\/p>\n\n\n\n<p>Kobieta doda\u0142a, \u017ce zmar\u0142a kobieta prowadzi\u0142a kiedy\u015b ma\u0142y sklep w okolicy i uchodzi\u0142a za \u017cyczliw\u0105 osob\u0119, cho\u0107 nie utrzymywa\u0142a bliskich kontakt\u00f3w z s\u0105siadami. M\u0119\u017cczyzna r\u00f3wnie\u017c by\u0142 postrzegany przez mieszka\u0144c\u00f3w jako cz\u0142owiek spokojny.<\/p>\n\n\n\n<p>Ja ich zna\u0142am. Cz\u0119sto przechodzi\u0142am t\u0119dy i pyta\u0142am o psy. Mi\u0142e, starsze ma\u0142\u017ce\u0144stwo. Nie mog\u0119 uwierzy\u0107, \u017ce ich nie ma.<\/p>\n\n\n\n<p>-przekaza\u0142a inna s\u0105siadka<br><\/p>\n\n\n\n<p>Dzia\u0142ania s\u0142u\u017cb i podejrzenia s\u0105siad\u00f3w<br>Zg\u0142oszenie o tragedii dotar\u0142o do s\u0142u\u017cb przed godzin\u0105 9.00 rano, kiedy ratownicy oraz policjanci zostali wezwani pod wskazany adres. Po potwierdzeniu obecno\u015bci cia\u0142 dwojga doros\u0142ych, w jednym z pomieszcze\u0144 funkcjonariusze zauwa\u017cyli m\u0119\u017cczyzn\u0119, kt\u00f3ry m\u00f3g\u0142 mie\u0107 zwi\u0105zek ze spraw\u0105. S\u0142u\u017cby natychmiast rozpoczyna\u0142y negocjacje, kt\u00f3re niestety nie przynios\u0142y efektu. Wobec braku kontaktu i zagro\u017cenia dalszego rozwoju wydarze\u0144, podj\u0119to decyzj\u0119 o wej\u015bciu do budynku przez policyjnych kontrterroryst\u00f3w. Jak poda\u0142a Komenda Sto\u0142eczna Policji, m\u0119\u017cczyzna zosta\u0142 zatrzymany bez obra\u017ce\u0144 dla s\u0142u\u017cb. S\u0105siedzi podejrzewaj\u0105, \u017ce odpowiedzialny za zbrodnie mo\u017ce by\u0107 syn ma\u0142\u017ce\u0144stwa, kt\u00f3ry jaki\u015b czas temu przeprowadzi\u0142 si\u0119 do ich domu. \u015aledztwo w tej sprawie jest w toku; prokuratura i policja nie ujawniaj\u0105 na razie kolejnych szczeg\u00f3\u0142\u00f3w \u015bledztwa oraz motyw\u00f3w sprawcy.<br><\/p>\n","protected":false},"excerpt":{"rendered":"W jednym z dom\u00f3w na warszawskim Targ\u00f3wku dosz\u0142o do makabrycznej zbrodni: w \u015brod\u0119 rano w domu znaleziono cia\u0142a dwojga doros\u0142ych i martwego psa. \n<a class=\"moretag\" href=\"https:\/\/lifevery.biz.ua\/?p=1953\"> [...]<\/a>","protected":false},"author":1,"featured_media":1954,"comment_status":"open","ping_status":"open","sticky":false,"template":"","format":"standard","meta":{"footnotes":""},"categories":[1],"tags":[],"class_list":["post-1953","post","type-post","status-publish","format-standard","has-post-thumbnail","hentry","category-blog"],"_links":{"self":[{"href":"https:\/\/lifevery.biz.ua\/index.php?rest_route=\/wp\/v2\/posts\/1953","targetHints":{"allow":["GET"]}}],"collection":[{"href":"https:\/\/lifevery.biz.ua\/index.php?rest_route=\/wp\/v2\/posts"}],"about":[{"href":"https:\/\/lifevery.biz.ua\/index.php?rest_route=\/wp\/v2\/types\/post"}],"author":[{"embeddable":true,"href":"https:\/\/lifevery.biz.ua\/index.php?rest_route=\/wp\/v2\/users\/1"}],"replies":[{"embeddable":true,"href":"https:\/\/lifevery.biz.ua\/index.php?rest_route=%2Fwp%2Fv2%2Fcomments&post=1953"}],"version-history":[{"count":1,"href":"https:\/\/lifevery.biz.ua\/index.php?rest_route=\/wp\/v2\/posts\/1953\/revisions"}],"predecessor-version":[{"id":1955,"href":"https:\/\/lifevery.biz.ua\/index.php?rest_route=\/wp\/v2\/posts\/1953\/revisions\/1955"}],"wp:featuredmedia":[{"embeddable":true,"href":"https:\/\/lifevery.biz.ua\/index.php?rest_route=\/wp\/v2\/media\/1954"}],"wp:attachment":[{"href":"https:\/\/lifevery.biz.ua\/index.php?rest_route=%2Fwp%2Fv2%2Fmedia&parent=1953"}],"wp:term":[{"taxonomy":"category","embeddable":true,"href":"https:\/\/lifevery.biz.ua\/index.php?rest_route=%2Fwp%2Fv2%2Fcategories&post=1953"},{"taxonomy":"post_tag","embeddable":true,"href":"https:\/\/lifevery.biz.ua\/index.php?rest_route=%2Fwp%2Fv2%2Ftags&post=1953"}],"curies":[{"name":"wp","href":"https:\/\/api.w.org\/{rel}","templated":true}]}}