{"id":19518,"date":"2026-08-05T10:27:44","date_gmt":"2026-08-05T10:27:44","guid":{"rendered":"https:\/\/lifevery.biz.ua\/?p=19518"},"modified":"2026-08-05T10:27:44","modified_gmt":"2026-08-05T10:27:44","slug":"pozary-w-poblizu-aten-wciaz-nie-zostaly-opanowane-choc-w-poniedzialek-rano-sytuacja-wydawala-sie-nieco-lepsza-po-poludniu-ogien-ponownie-przybral-na-sile-zmuszajac-wladze-do-zarzadzenia-kolejnych-e","status":"publish","type":"post","link":"https:\/\/lifevery.biz.ua\/?p=19518","title":{"rendered":"Po\u017cary w pobli\u017cu Aten wci\u0105\u017c nie zosta\u0142y opanowane. Cho\u0107 w poniedzia\u0142ek rano sytuacja wydawa\u0142a si\u0119 nieco lepsza, po po\u0142udniu ogie\u0144 ponownie przybra\u0142 na sile, zmuszaj\u0105c w\u0142adze do zarz\u0105dzenia kolejnych ewakuacji. Stra\u017cacy ostrzegaj\u0105, \u017ce nadchodz\u0105cy wzrost temperatur mo\u017ce jeszcze bardziej utrudni\u0107 walk\u0119 z \u017cywio\u0142em."},"content":{"rendered":"\n<p class=\"wp-block-paragraph\">Grecja nale\u017cy do kraj\u00f3w, kt\u00f3re ka\u017cdego lata zmagaj\u0105 si\u0119 z rozleg\u0142ymi po\u017carami las\u00f3w. Wysokie temperatury, d\u0142ugotrwa\u0142a susza oraz silny wiatr sprawiaj\u0105, \u017ce ogie\u0144 bardzo szybko obejmuje kolejne tereny.<\/p>\n\n\n\n<p class=\"wp-block-paragraph\">Po\u017car trwa od kilku dni. Ogie\u0144 zniszczy\u0142 tysi\u0105ce hektar\u00f3w<br>Po\u017car, kt\u00f3ry od kilku dni pustoszy okolice Aten, wybuch\u0142 w sobot\u0119 w rejonie miasta Porto Germeno, kilkadziesi\u0105t kilometr\u00f3w na zach\u00f3d od greckiej stolicy. Ogie\u0144 bardzo szybko rozprzestrzeni\u0142 si\u0119 na kolejne obszary, obejmuj\u0105c przede wszystkim sosnowe lasy. W poniedzia\u0142eek informowano, \u017ce \u017cywio\u0142 strawi\u0142 ju\u017c ponad 12 tysi\u0119cy hektar\u00f3w terenu. Skala zniszcze\u0144 okaza\u0142a si\u0119 ogromna tak\u017ce dla mieszka\u0144c\u00f3w \u2013 grecka stra\u017c po\u017carna przekaza\u0142a, \u017ce ponad sto dom\u00f3w zosta\u0142o zniszczonych lub uszkodzonych.<\/p>\n\n\n\n<p class=\"wp-block-paragraph\">Od pocz\u0105tku akcji ga\u015bniczej w\u0142adze wydawa\u0142y kolejne nakazy ewakuacji dla zagro\u017conych miejscowo\u015bci. W dzia\u0142ania zaanga\u017cowano setki stra\u017cak\u00f3w, wspieranych przez samoloty i \u015bmig\u0142owce ga\u015bnicze. Jak podaje TVN24 w poniedzia\u0142ek w rejonie Kandili i Agia Skepi pracowa\u0142o ponad 400 stra\u017cak\u00f3w oraz 21 statk\u00f3w powietrznych. Po\u017cary wyrz\u0105dzi\u0142y r\u00f3wnie\u017c powa\u017cne szkody w rolnictwie. P\u0142omienie dotar\u0142y do rozleg\u0142ych gaj\u00f3w oliwnych, niszcz\u0105c drzewa zaledwie kilka miesi\u0119cy przed planowanymi zbiorami. Dla wielu lokalnych rodzin oznacza to utrat\u0119 znacznej cz\u0119\u015bci tegorocznych dochod\u00f3w.<\/p>\n\n\n\n<p class=\"wp-block-paragraph\">Sytuacja mia\u0142a si\u0119 poprawia\u0107, ale ogie\u0144 zn\u00f3w si\u0119 rozprzestrzeni\u0142. Burmistrz Megary alarmuje<br>W poniedzia\u0142kowy poranek stra\u017cacy przekazywali informacje o niewielkiej poprawie sytuacji w rejonie Megary, po\u0142o\u017conej oko\u0142o 30 kilometr\u00f3w na zach\u00f3d od Aten. Nadzieje okaza\u0142y si\u0119 jednak kr\u00f3tkotrwa\u0142e. Po po\u0142udniu burmistrz miasta Panagiotis Margetis poinformowa\u0142, \u017ce po\u017car ponownie nabra\u0142 si\u0142y. Jak wyja\u015bni\u0142 w rozmowie z agencj\u0105 AFP, mimo wyra\u017anego os\u0142abienia wiatru warunki atmosferyczne nadal sprzyja\u0142y rozprzestrzenianiu si\u0119 ognia.<\/p>\n\n\n\n<p class=\"wp-block-paragraph\">Cho\u0107 wiatr os\u0142ab\u0142, w okolicy Kandyli nadal wyst\u0119puj\u0105 porywy oraz pr\u0105dy powietrzne wywo\u0142ane przez unosz\u0105ce si\u0119 gor\u0105ce powietrze, co doprowadzi\u0142o do ponownego rozgorzenia ognia \u2013 powiedzia\u0142 agencji AFP Panagiotis Margetis.<\/p>\n\n\n\n<p class=\"wp-block-paragraph\">Wed\u0142ug w\u0142adz lokalnych w\u0142a\u015bnie te lokalne zjawiska atmosferyczne sprawi\u0142y, \u017ce p\u0142omienie ponownie zacz\u0119\u0142y b\u0142yskawicznie obejmowa\u0107 kolejne tereny. Cho\u0107 silny wiatr, kt\u00f3ry w poprzednich dniach osi\u0105ga\u0142 w Attyce pr\u0119dko\u015b\u0107 przekraczaj\u0105c\u0105 100 km\/h, os\u0142ab\u0142, stra\u017cacy nadal musz\u0105 zmaga\u0107 si\u0119 z bardzo trudnymi warunkami. Unosz\u0105ce si\u0119 nad rozgrzanym terenem gor\u0105ce powietrze powoduje powstawanie pr\u0105d\u00f3w, kt\u00f3re zmieniaj\u0105 kierunek rozprzestrzeniania si\u0119 ognia i utrudniaj\u0105 prowadzenie skutecznej akcji ga\u015bniczej.<\/p>\n\n\n\n<p class=\"wp-block-paragraph\">Zobacz tak\u017ce: Mateusz Morawiecki zapowiedzia\u0142 to po odej\u015bciu z PiS, chodzi o now\u0105 parti\u0119. Pad\u0142 konkretny termin<br>Czytaj wi\u0119cej: https:\/\/goniec.pl\/pozar-w-poblizu-aten-przybiera-na-sile-zarzadzono-kolejne-ewakuacje-mt-wmp-040826<\/p>\n\n\n\n<p class=\"wp-block-paragraph\">Kolejne ewakuacje w pobli\u017cu Aten. Stra\u017cacy obawiaj\u0105 si\u0119 nadchodz\u0105cych upa\u0142\u00f3w<br>Burmistrz Megary ostrzeg\u0142 r\u00f3wnie\u017c, \u017ce sytuacja pozostaje wyj\u0105tkowo niebezpieczna, poniewa\u017c po\u017car nie porusza si\u0119 w jednym kierunku. Zmienny przebieg frontu ognia powoduje zagro\u017cenie dla kolejnych obszar\u00f3w i utrudnia planowanie dzia\u0142a\u0144 ratownik\u00f3w.<br><\/p>\n","protected":false},"excerpt":{"rendered":"Grecja nale\u017cy do kraj\u00f3w, kt\u00f3re ka\u017cdego lata zmagaj\u0105 si\u0119 z rozleg\u0142ymi po\u017carami las\u00f3w. Wysokie temperatury, d\u0142ugotrwa\u0142a susza oraz silny wiatr sprawiaj\u0105, \u017ce ogie\u0144 \n<a class=\"moretag\" href=\"https:\/\/lifevery.biz.ua\/?p=19518\"> [...]<\/a>","protected":false},"author":1,"featured_media":0,"comment_status":"open","ping_status":"open","sticky":false,"template":"","format":"standard","meta":{"footnotes":""},"categories":[1],"tags":[],"class_list":["post-19518","post","type-post","status-publish","format-standard","hentry","category-blog"],"_links":{"self":[{"href":"https:\/\/lifevery.biz.ua\/index.php?rest_route=\/wp\/v2\/posts\/19518","targetHints":{"allow":["GET"]}}],"collection":[{"href":"https:\/\/lifevery.biz.ua\/index.php?rest_route=\/wp\/v2\/posts"}],"about":[{"href":"https:\/\/lifevery.biz.ua\/index.php?rest_route=\/wp\/v2\/types\/post"}],"author":[{"embeddable":true,"href":"https:\/\/lifevery.biz.ua\/index.php?rest_route=\/wp\/v2\/users\/1"}],"replies":[{"embeddable":true,"href":"https:\/\/lifevery.biz.ua\/index.php?rest_route=%2Fwp%2Fv2%2Fcomments&post=19518"}],"version-history":[{"count":1,"href":"https:\/\/lifevery.biz.ua\/index.php?rest_route=\/wp\/v2\/posts\/19518\/revisions"}],"predecessor-version":[{"id":19519,"href":"https:\/\/lifevery.biz.ua\/index.php?rest_route=\/wp\/v2\/posts\/19518\/revisions\/19519"}],"wp:attachment":[{"href":"https:\/\/lifevery.biz.ua\/index.php?rest_route=%2Fwp%2Fv2%2Fmedia&parent=19518"}],"wp:term":[{"taxonomy":"category","embeddable":true,"href":"https:\/\/lifevery.biz.ua\/index.php?rest_route=%2Fwp%2Fv2%2Fcategories&post=19518"},{"taxonomy":"post_tag","embeddable":true,"href":"https:\/\/lifevery.biz.ua\/index.php?rest_route=%2Fwp%2Fv2%2Ftags&post=19518"}],"curies":[{"name":"wp","href":"https:\/\/api.w.org\/{rel}","templated":true}]}}