{"id":19421,"date":"2026-08-03T20:01:13","date_gmt":"2026-08-03T20:01:13","guid":{"rendered":"https:\/\/lifevery.biz.ua\/?p=19421"},"modified":"2026-08-03T20:01:13","modified_gmt":"2026-08-03T20:01:13","slug":"tragiczny-wypadek-w-strzyzewie-zginal-kierowca-dwie-osoby-ranne-2","status":"publish","type":"post","link":"https:\/\/lifevery.biz.ua\/?p=19421","title":{"rendered":"Tragiczny wypadek w Strzy\u017cewie. Zgin\u0105\u0142 kierowca, dwie osoby ranne"},"content":{"rendered":"\n<p class=\"wp-block-paragraph\"><\/p>\n\n\n\n<figure class=\"wp-block-image\"><img decoding=\"async\" src=\"https:\/\/story24.biz.ua\/wp-content\/uploads\/2026\/07\/Screenshot_2026_07_18-20-301x440.png\" alt=\"\"\/><\/figure>\n\n\n\n<h2 class=\"wp-block-heading\">Tragiczny wypadek na \u0142uku drogi w Strzy\u017cewie.<\/h2>\n\n\n\n<p class=\"wp-block-paragraph\">Podczas manewru wyprzedzania dosz\u0142o do czo\u0142owego zderzenia dw\u00f3ch aut.<\/p>\n\n\n\n<p class=\"wp-block-paragraph\">Zgin\u0105\u0142 obywatel Ukrainy, a dwie ranne osoby trafi\u0142y do szpitala \u2013 jedn\u0105 zabra\u0142 \u015bmig\u0142owiec LPR.<\/p>\n\n\n\n<p class=\"wp-block-paragraph\">2025-05-28, 10:51Udost\u0119pnij<\/p>\n\n\n\n<figure class=\"wp-block-image\"><img decoding=\"async\" src=\"https:\/\/api.pr24.pl\/thumbnails?url=https%3A%2F%2Fstatic.prsa.pl%2Fimages%2F0f4db2cd-992d-44bc-ba0d-34cd46e7a1fe.file&amp;bucket=pr2&amp;w=1920&amp;q=75&amp;fit=contain\" alt=\"Tragiczny wypadek w Strzy\u017cewie. Zgin\u0105\u0142 kierowca, dwie osoby ranne\"\/><figcaption class=\"wp-element-caption\">Tragiczny wypadek w Strzy\u017cewie. Nie \u017cyje kierowca, dwie osoby s\u0105 ranneFoto:&nbsp;FB\/KSRG OSP Strzy\u017cew<\/figcaption><\/figure>\n\n\n\n<h2 class=\"wp-block-heading\">Czo\u0142\u00f3wka dw\u00f3ch aut w Strzy\u017cewie. Jedna osoba nie \u017cyje<\/h2>\n\n\n\n<p class=\"wp-block-paragraph\">Do tragicznego wypadku dosz\u0142o we wtorek przed godzin\u0105 18&nbsp;na drodze wojew\u00f3dzkiej numer 580w miejscowo\u015bci Strzy\u017cew pod Warszaw\u0105. \u2013 Na \u0142uku drogi wojew\u00f3dzkiej jeden z kierowc\u00f3w wyprzedza\u0142 inny pojazd i dosz\u0142o do zderzenia. Czo\u0142owo zderzy\u0142y si\u0119 dwa samochody osobowe \u2013 poinformowa\u0142 m\u0142. ogn. Damian Dolniak ze stra\u017cy po\u017carnej powiatu warszawskiego zachodniego, cytowany przez TVN24.&nbsp;<\/p>\n\n\n\n<p class=\"wp-block-paragraph\">Na miejsce wezwano \u015bmig\u0142owiec ratunkowy. W wyniku zderzenia zgin\u0105\u0142 obywatel Ukrainy, kt\u00f3ry prowadzi\u0142 jeden z pojazd\u00f3w. Dwie inne osoby odnios\u0142y obra\u017cenia \u2013 jedna zosta\u0142a przetransportowana do szpitala drog\u0105 lotnicz\u0105, druga trafi\u0142a tam karetk\u0105.<\/p>\n\n\n\n<h2 class=\"wp-block-heading\">Stra\u017cacy ruszyli natychmiast, ale na ratunek by\u0142o za p\u00f3\u017ano<\/h2>\n\n\n\n<p class=\"wp-block-paragraph\">Ochotnicza Stra\u017c Po\u017carna w Strzy\u017cewie za po\u015brednictwem medi\u00f3w spo\u0142eczno\u015bciowych poinformowa\u0142a, \u017ce cho\u0107 stra\u017cacy byli w tym czasie w jednostce i po niespe\u0142na chwili zast\u0119p wyjecha\u0142 na ratunek, to nie uda\u0142o si\u0119 uratowa\u0107 \u017cycia jednego kierowcy.&nbsp;Droga by\u0142a zablokowana przez kilka godzin.&nbsp;\u201cPot\u0119piamy brawurow\u0105 jazd\u0119 i nadmiern\u0105 pr\u0119dko\u015b\u0107. Uwa\u017cajcie na siebie\u201d \u2013 zaapelowano.<\/p>\n","protected":false},"excerpt":{"rendered":"Tragiczny wypadek na \u0142uku drogi w Strzy\u017cewie. Podczas manewru wyprzedzania dosz\u0142o do czo\u0142owego zderzenia dw\u00f3ch aut. Zgin\u0105\u0142 obywatel Ukrainy, a dwie ranne osoby \n<a class=\"moretag\" href=\"https:\/\/lifevery.biz.ua\/?p=19421\"> [...]<\/a>","protected":false},"author":1,"featured_media":19422,"comment_status":"open","ping_status":"open","sticky":false,"template":"","format":"standard","meta":{"footnotes":""},"categories":[1],"tags":[],"class_list":["post-19421","post","type-post","status-publish","format-standard","has-post-thumbnail","hentry","category-blog"],"_links":{"self":[{"href":"https:\/\/lifevery.biz.ua\/index.php?rest_route=\/wp\/v2\/posts\/19421","targetHints":{"allow":["GET"]}}],"collection":[{"href":"https:\/\/lifevery.biz.ua\/index.php?rest_route=\/wp\/v2\/posts"}],"about":[{"href":"https:\/\/lifevery.biz.ua\/index.php?rest_route=\/wp\/v2\/types\/post"}],"author":[{"embeddable":true,"href":"https:\/\/lifevery.biz.ua\/index.php?rest_route=\/wp\/v2\/users\/1"}],"replies":[{"embeddable":true,"href":"https:\/\/lifevery.biz.ua\/index.php?rest_route=%2Fwp%2Fv2%2Fcomments&post=19421"}],"version-history":[{"count":1,"href":"https:\/\/lifevery.biz.ua\/index.php?rest_route=\/wp\/v2\/posts\/19421\/revisions"}],"predecessor-version":[{"id":19423,"href":"https:\/\/lifevery.biz.ua\/index.php?rest_route=\/wp\/v2\/posts\/19421\/revisions\/19423"}],"wp:featuredmedia":[{"embeddable":true,"href":"https:\/\/lifevery.biz.ua\/index.php?rest_route=\/wp\/v2\/media\/19422"}],"wp:attachment":[{"href":"https:\/\/lifevery.biz.ua\/index.php?rest_route=%2Fwp%2Fv2%2Fmedia&parent=19421"}],"wp:term":[{"taxonomy":"category","embeddable":true,"href":"https:\/\/lifevery.biz.ua\/index.php?rest_route=%2Fwp%2Fv2%2Fcategories&post=19421"},{"taxonomy":"post_tag","embeddable":true,"href":"https:\/\/lifevery.biz.ua\/index.php?rest_route=%2Fwp%2Fv2%2Ftags&post=19421"}],"curies":[{"name":"wp","href":"https:\/\/api.w.org\/{rel}","templated":true}]}}