{"id":193,"date":"2026-01-17T09:22:37","date_gmt":"2026-01-17T09:22:37","guid":{"rendered":"https:\/\/lifevery.biz.ua\/?p=193"},"modified":"2026-01-17T09:22:37","modified_gmt":"2026-01-17T09:22:37","slug":"16-letni-mateusz-zaginal-w-drodze-do-szkoly-policja-potwierdzila-spelnil-sie-najgorszy-scenariusz","status":"publish","type":"post","link":"https:\/\/lifevery.biz.ua\/?p=193","title":{"rendered":"16-letni Mateusz zagin\u0105\u0142 w drodze do szko\u0142y. Policja potwierdzi\u0142a, spe\u0142ni\u0142 si\u0119 najgorszy scenariusz"},"content":{"rendered":"\n<p>W Balinie ko\u0142o Chrzanowa (woj. ma\u0142opolskie) we wtorkowy poranek 13 stycznia 2026 r. zagin\u0105\u0142 16-letni Mateusz, kt\u00f3ry szed\u0142 do szko\u0142y i nigdy do niej nie dotar\u0142. Po intensywnych poszukiwaniach policji i s\u0142u\u017cb ratowniczych znaleziono jego cia\u0142o w lesie w \u015brod\u0119. Wst\u0119pne ustalenia wykluczaj\u0105 udzia\u0142 os\u00f3b trzecich, a dok\u0142adna przyczyna \u015bmierci ma zosta\u0107 ustalona po sekcji zw\u0142ok.&nbsp;<\/p>\n\n\n\n<p>Zagini\u0119cie w drodze do szko\u0142y<br>Makabryczne odkrycie i fina\u0142 poszukiwa\u0144<br>Reakcje s\u0142u\u017cb i kolejne kroki \u015bledztwa<br>Zagini\u0119cie w drodze do szko\u0142y<br>We wtorkowy poranek, 13 stycznia oko\u0142o godziny 6:30, Mateusz wyszed\u0142 z domu w Balinie z zamiarem dotarcia do szko\u0142y. Ostatni raz widziano go na ul. Jaworznickiej, ch\u0142opiec nie dotar\u0142 na zaj\u0119cia i nie nawi\u0105za\u0142 kontaktu z rodzin\u0105. Gdy rodzina zorientowa\u0142a si\u0119, \u017ce nastolatek si\u0119 nie pojawi\u0142, natychmiast zg\u0142oszono jego zagini\u0119cie na policj\u0119 i rozpocz\u0119to akcj\u0119 poszukiwawcz\u0105.&nbsp;<\/p>\n\n\n\n<p>HO\u0141OWNIA K\u0141AMA\u0141. NAMAWIA\u0141 NA\u2026 GRUCA: MARSZA\u0141EK MO\u017bE ZOSTA\u0106 SAM<br>To watch this video please disable your adblock.<\/p>\n\n\n\n<p>Makabryczne odkrycie i fina\u0142 poszukiwa\u0144<br>W \u015brod\u0119, 14 stycznia, oko\u0142o po\u0142udnia mundurowi odnale\u017ali cia\u0142o 16-latka w lesie w okolicach Balina. Na miejscu pracowali funkcjonariusze, technicy kryminalistyki i prokurator, kt\u00f3rzy przeprowadzili ogl\u0119dziny.<\/p>\n\n\n\n<p>Wst\u0119pne ustalenia wykluczaj\u0105 udzia\u0142 os\u00f3b trzecich<\/p>\n\n\n\n<p>-Poinformowa\u0142a Komenda Powiatowa Policji w Chrzanowie<\/p>\n\n\n\n<p>Ca\u0142y czas prowadzone s\u0105 czynno\u015bci zwi\u0105zane z wyja\u015bnieniem sprawy.<br><\/p>\n\n\n\n<p>Reakcje s\u0142u\u017cb i kolejne kroki \u015bledztwa<br>Komenda Powiatowa Policji w Chrzanowie podzi\u0119kowa\u0142a zaanga\u017cowanym w poszukiwania, oraz mediom za wsp\u00f3\u0142prac\u0119 i pomoc w szerzeniu informacji o zagini\u0119ciu Mateusza. W komunikacie zapewniono tak\u017ce o dalszym ustalaniu okoliczno\u015bci tragedii.<\/p>\n\n\n\n<p>Dzi\u0119kujemy wszystkim s\u0142u\u017cbom, kt\u00f3re wsp\u00f3\u0142pracowa\u0142y z policj\u0105 w prowadzonych dzia\u0142aniach, mediom za publikacje komunikat\u00f3w jak r\u00f3wnie\u017c wszystkim osobom zaanga\u017cowanym w poszukiwaniach<\/p>\n\n\n\n<p>-Przekaza\u0142a Chrzanowska Komenda Policji<\/p>\n\n\n\n<p>Prokuratura Rejonowa w Chrzanowie nadzoruje post\u0119powanie, a wyniki sekcji zw\u0142ok maj\u0105 rzuci\u0107 \u015bwiat\u0142o na bezpo\u015bredni\u0105 przyczyn\u0119 \u015bmierci nastolatka.<br><\/p>\n","protected":false},"excerpt":{"rendered":"W Balinie ko\u0142o Chrzanowa (woj. ma\u0142opolskie) we wtorkowy poranek 13 stycznia 2026 r. zagin\u0105\u0142 16-letni Mateusz, kt\u00f3ry szed\u0142 do szko\u0142y i nigdy do \n<a class=\"moretag\" href=\"https:\/\/lifevery.biz.ua\/?p=193\"> [...]<\/a>","protected":false},"author":1,"featured_media":194,"comment_status":"open","ping_status":"open","sticky":false,"template":"","format":"standard","meta":{"footnotes":""},"categories":[1],"tags":[],"class_list":["post-193","post","type-post","status-publish","format-standard","has-post-thumbnail","hentry","category-blog"],"_links":{"self":[{"href":"https:\/\/lifevery.biz.ua\/index.php?rest_route=\/wp\/v2\/posts\/193","targetHints":{"allow":["GET"]}}],"collection":[{"href":"https:\/\/lifevery.biz.ua\/index.php?rest_route=\/wp\/v2\/posts"}],"about":[{"href":"https:\/\/lifevery.biz.ua\/index.php?rest_route=\/wp\/v2\/types\/post"}],"author":[{"embeddable":true,"href":"https:\/\/lifevery.biz.ua\/index.php?rest_route=\/wp\/v2\/users\/1"}],"replies":[{"embeddable":true,"href":"https:\/\/lifevery.biz.ua\/index.php?rest_route=%2Fwp%2Fv2%2Fcomments&post=193"}],"version-history":[{"count":1,"href":"https:\/\/lifevery.biz.ua\/index.php?rest_route=\/wp\/v2\/posts\/193\/revisions"}],"predecessor-version":[{"id":195,"href":"https:\/\/lifevery.biz.ua\/index.php?rest_route=\/wp\/v2\/posts\/193\/revisions\/195"}],"wp:featuredmedia":[{"embeddable":true,"href":"https:\/\/lifevery.biz.ua\/index.php?rest_route=\/wp\/v2\/media\/194"}],"wp:attachment":[{"href":"https:\/\/lifevery.biz.ua\/index.php?rest_route=%2Fwp%2Fv2%2Fmedia&parent=193"}],"wp:term":[{"taxonomy":"category","embeddable":true,"href":"https:\/\/lifevery.biz.ua\/index.php?rest_route=%2Fwp%2Fv2%2Fcategories&post=193"},{"taxonomy":"post_tag","embeddable":true,"href":"https:\/\/lifevery.biz.ua\/index.php?rest_route=%2Fwp%2Fv2%2Ftags&post=193"}],"curies":[{"name":"wp","href":"https:\/\/api.w.org\/{rel}","templated":true}]}}