{"id":19293,"date":"2026-08-02T06:22:57","date_gmt":"2026-08-02T06:22:57","guid":{"rendered":"https:\/\/lifevery.biz.ua\/?p=19293"},"modified":"2026-08-02T06:22:57","modified_gmt":"2026-08-02T06:22:57","slug":"trwa-akcja-sluzb-droga-calkowicie-zablokowana","status":"publish","type":"post","link":"https:\/\/lifevery.biz.ua\/?p=19293","title":{"rendered":"Trwa akcja s\u0142u\u017cb, droga ca\u0142kowicie zablokowana"},"content":{"rendered":"\n<p class=\"wp-block-paragraph\">W sobot\u0119 1 sierpnia w godzinach popo\u0142udniowych na jednym z odcink\u00f3w drogi krajowej nr 92 w Maurzycach dosz\u0142o do tragicznego wypadku. W zderzeniu dw\u00f3ch samochod\u00f3w zgin\u0105\u0142 21-letni kierowca Volkswagena Golfa. Ranna 36-letnia kieruj\u0105ca Oplem trafi\u0142a do szpitala. Policja poda\u0142a pierwsze ustalenia dotycz\u0105ce pierwsze\u0144stwa przejazdu.<\/p>\n\n\n\n<p class=\"wp-block-paragraph\">Do zdarzenia dosz\u0142o w sobot\u0119 1 sierpnia po godz. 13. W wypadku uczestniczy\u0142y dwa samochody osobowe: Volkswagen Golf oraz Opel. Po zderzeniu podj\u0119to reanimacj\u0119 m\u0142odego kierowcy. Wyja\u015bnianiem okoliczno\u015bci tragedii zaj\u0119\u0142a si\u0119 policja pod nadzorem prokuratury.<\/p>\n\n\n\n<p class=\"wp-block-paragraph\">\u015amiertelny wypadek na DK92 w Maurzycach. Zgin\u0105\u0142 21-latek<br>Tragiczny wypadek wydarzy\u0142 si\u0119 na drodze krajowej nr 92 w Maurzycach, w powiecie \u0142owickim. Z przekazanych informacji wynika, \u017ce dosz\u0142o tam do zderzenia dw\u00f3ch samochod\u00f3w osobowych. Jednym z pojazd\u00f3w kierowa\u0142 21-letni m\u0119\u017cczyzna, a za kierownic\u0105 drugiego siedzia\u0142a 36-letnia kobieta.<\/p>\n\n\n\n<p class=\"wp-block-paragraph\">Po wypadku rozpocz\u0119\u0142a si\u0119 walka o \u017cycie m\u0142odego kierowcy Volkswagena Golfa. Prowadzona reanimacja nie przynios\u0142a jednak rezultatu. Obra\u017ce\u0144 odniesionych w zdarzeniu nie uda\u0142o si\u0119 uratowa\u0107 i 21-latek zmar\u0142.<\/p>\n\n\n\n<p class=\"wp-block-paragraph\">Poszkodowana zosta\u0142a r\u00f3wnie\u017c kieruj\u0105ca Oplem. Kobieta dozna\u0142a obra\u017ce\u0144 i zosta\u0142a przewieziona do szpitala. Policja przekaza\u0142a, \u017ce 36-latka by\u0142a trze\u017awa.<\/p>\n\n\n\n<p class=\"wp-block-paragraph\">Wypadek doprowadzi\u0142 do ca\u0142kowitego zablokowania odcinka drogi krajowej nr 92. Na miejscu rozpocz\u0119\u0142y si\u0119 czynno\u015bci zwi\u0105zane z ustalaniem dok\u0142adnego przebiegu zdarzenia. Sytuacja wymaga\u0142a tak\u017ce zorganizowania objazd\u00f3w dla kierowc\u00f3w poruszaj\u0105cych si\u0119 t\u0105 tras\u0105.<\/p>\n\n\n\n<p class=\"wp-block-paragraph\">Zobacz tak\u017ce: \u201eTo apel do ca\u0142ego \u015bwiata&#8221;. Mocne s\u0142owa Nawrockiego o rozliczaniu zbrodni<br>Policja poda\u0142a wst\u0119pny przebieg wypadku na DK92<br>Pierwsze informacje dotycz\u0105ce przebiegu tragedii przekaza\u0142a nadkomisarz Edyta Machnik z Komendy Wojew\u00f3dzkiej Policji w \u0141odzi. Z ustale\u0144 funkcjonariuszy wynika, \u017ce do zderzenia dosz\u0142o w chwili, gdy kierowca Volkswagena Golfa w\u0142\u0105cza\u0142 si\u0119 do ruchu.<\/p>\n\n\n\n<p class=\"wp-block-paragraph\">\u2013 Ze wst\u0119pnych ustale\u0144 wynika, \u017ce 21-letni kieruj\u0105cy Volkswagenem Golfem, w\u0142\u0105czaj\u0105c si\u0119 do ruchu, nie ust\u0105pi\u0142 pierwsze\u0144stwa 36-letniej kieruj\u0105cej Oplem \u2013 m\u00f3wi nadkom. Edyta Machnik z KWP w \u0141odzi.<\/p>\n\n\n\n<p class=\"wp-block-paragraph\">Kluczowym elementem badanym przez s\u0142u\u017cby jest wi\u0119c moment w\u0142\u0105czania si\u0119 21-latka do ruchu oraz kwestia pierwsze\u0144stwa przejazdu. Policja podkre\u015bla, \u017ce przedstawiony przebieg opiera si\u0119 na wst\u0119pnych ustaleniach. Dok\u0142adne okoliczno\u015bci zdarzenia maj\u0105 zosta\u0107 wyja\u015bnione w toku dalszych czynno\u015bci.<br>Czytaj wi\u0119cej: https:\/\/goniec.pl\/smiertelny-wypadek-na-dk92-w-sobotnie-popoludnie-trwa-akcja-sluzb-droga-calkowicie-zablokowana-wk-wpd-010826<\/p>\n","protected":false},"excerpt":{"rendered":"W sobot\u0119 1 sierpnia w godzinach popo\u0142udniowych na jednym z odcink\u00f3w drogi krajowej nr 92 w Maurzycach dosz\u0142o do tragicznego wypadku. W zderzeniu \n<a class=\"moretag\" href=\"https:\/\/lifevery.biz.ua\/?p=19293\"> [...]<\/a>","protected":false},"author":1,"featured_media":0,"comment_status":"open","ping_status":"open","sticky":false,"template":"","format":"standard","meta":{"footnotes":""},"categories":[1],"tags":[],"class_list":["post-19293","post","type-post","status-publish","format-standard","hentry","category-blog"],"_links":{"self":[{"href":"https:\/\/lifevery.biz.ua\/index.php?rest_route=\/wp\/v2\/posts\/19293","targetHints":{"allow":["GET"]}}],"collection":[{"href":"https:\/\/lifevery.biz.ua\/index.php?rest_route=\/wp\/v2\/posts"}],"about":[{"href":"https:\/\/lifevery.biz.ua\/index.php?rest_route=\/wp\/v2\/types\/post"}],"author":[{"embeddable":true,"href":"https:\/\/lifevery.biz.ua\/index.php?rest_route=\/wp\/v2\/users\/1"}],"replies":[{"embeddable":true,"href":"https:\/\/lifevery.biz.ua\/index.php?rest_route=%2Fwp%2Fv2%2Fcomments&post=19293"}],"version-history":[{"count":1,"href":"https:\/\/lifevery.biz.ua\/index.php?rest_route=\/wp\/v2\/posts\/19293\/revisions"}],"predecessor-version":[{"id":19294,"href":"https:\/\/lifevery.biz.ua\/index.php?rest_route=\/wp\/v2\/posts\/19293\/revisions\/19294"}],"wp:attachment":[{"href":"https:\/\/lifevery.biz.ua\/index.php?rest_route=%2Fwp%2Fv2%2Fmedia&parent=19293"}],"wp:term":[{"taxonomy":"category","embeddable":true,"href":"https:\/\/lifevery.biz.ua\/index.php?rest_route=%2Fwp%2Fv2%2Fcategories&post=19293"},{"taxonomy":"post_tag","embeddable":true,"href":"https:\/\/lifevery.biz.ua\/index.php?rest_route=%2Fwp%2Fv2%2Ftags&post=19293"}],"curies":[{"name":"wp","href":"https:\/\/api.w.org\/{rel}","templated":true}]}}