{"id":19211,"date":"2026-08-01T11:22:10","date_gmt":"2026-08-01T11:22:10","guid":{"rendered":"https:\/\/lifevery.biz.ua\/?p=19211"},"modified":"2026-08-01T11:22:10","modified_gmt":"2026-08-01T11:22:10","slug":"prawdziwa-tragedia-nad-mozela-1-12","status":"publish","type":"post","link":"https:\/\/lifevery.biz.ua\/?p=19211","title":{"rendered":"Prawdziwa tragedia nad Mozel\u0105 (1\/12)"},"content":{"rendered":"\n<p class=\"wp-block-paragraph\">Tragedia, kt\u00f3ra dotkn\u0119\u0142a t\u0119 rodzin\u0119, wydarzy\u0142a si\u0119 w ma\u0142ym miasteczku Yutz, niedaleko Thionville w Mozeli.<\/p>\n\n\n\n<p class=\"wp-block-paragraph\">W pi\u0105tek 30 czerwca 2023 roku siedmioletnia dziewczynka zgin\u0119\u0142a tragicznie po tym, jak zosta\u0142a potr\u0105cona przez samoch\u00f3d prowadzony przez jej jedenastoletniego kuzyna.<\/p>\n\n\n\n<p class=\"wp-block-paragraph\"><img loading=\"lazy\" decoding=\"async\" src=\"https:\/\/www.viepratique.fr\/wp-content\/uploads\/sites\/4\/2024\/07\/1-51-750x394.jpg\" width=\"750\" height=\"394\">\u00a9 Shutterstock<\/p>\n\n\n\n<h2 class=\"wp-block-heading\">Tragiczny wypadek na Mozeli (12 lutego)<\/h2>\n\n\n\n<p class=\"wp-block-paragraph\">Prawdopodobnie by\u0142 to po prostu nieszcz\u0119\u015bliwy i tragiczny wypadek. Wi\u0119cej szczeg\u00f3\u0142\u00f3w podaje regionalna gazeta Le R\u00e9publicain Lorrain.<\/p>\n\n\n\n<p class=\"wp-block-paragraph\"><img loading=\"lazy\" decoding=\"async\" src=\"https:\/\/www.viepratique.fr\/wp-content\/uploads\/sites\/4\/2024\/07\/2-52-750x394.jpg\" width=\"750\" height=\"394\">\u00a9 Shutterstock<\/p>\n\n\n\n<h2 class=\"wp-block-heading\">Dziewczyna naciska peda\u0142 gazu (12 marca)<\/h2>\n\n\n\n<p class=\"wp-block-paragraph\">Dziewczynka szuka\u0142a czego\u015b w samochodzie swojej ciotki, gdy przypadkowo nacisn\u0119\u0142a peda\u0142 gazu.<\/p>\n\n\n\n<p class=\"wp-block-paragraph\"><img loading=\"lazy\" decoding=\"async\" src=\"https:\/\/www.viepratique.fr\/wp-content\/uploads\/sites\/4\/2024\/07\/3-48-750x394.jpg\" width=\"750\" height=\"394\">\u00a9 Shutterstock<\/p>\n\n\n\n<h2 class=\"wp-block-heading\">Dziewczynka uderzona (12 kwietnia)<\/h2>\n\n\n\n<p class=\"wp-block-paragraph\">Niestety, jej 7-letni kuzyn znajdowa\u0142 si\u0119 przed samochodem i zosta\u0142 ca\u0142kowicie zmia\u017cd\u017cony mi\u0119dzy przodem domu a samochodem.<\/p>\n\n\n\n<p class=\"wp-block-paragraph\"><img loading=\"lazy\" decoding=\"async\" src=\"https:\/\/www.viepratique.fr\/wp-content\/uploads\/sites\/4\/2024\/07\/4-47-1024x538.jpg\" width=\"1024\" height=\"538\">\u00a9 Shutterstock<\/p>\n\n\n\n<h2 class=\"wp-block-heading\">Trwa \u015bledztwo (12 maja)<\/h2>\n\n\n\n<p class=\"wp-block-paragraph\">Jak zawsze w takich przypadkach, trwa \u015bledztwo w celu ustalenia dok\u0142adnych okoliczno\u015bci zdarzenia. Zadaniem policji jest znalezienie poszlak i doko\u0144czenie tego tragicznego \u015bledztwa.<\/p>\n\n\n\n<p class=\"wp-block-paragraph\"><img loading=\"lazy\" decoding=\"async\" src=\"https:\/\/www.viepratique.fr\/wp-content\/uploads\/sites\/4\/2024\/07\/5-46-1024x538.jpg\" width=\"1024\" height=\"538\">\u00a9 Shutterstock<\/p>\n\n\n\n<h2 class=\"wp-block-heading\">Zaginiona matka (12 czerwca)<\/h2>\n\n\n\n<p class=\"wp-block-paragraph\">Matka dziewczynki by\u0142a w pracy w chwili wypadku i nie mog\u0142a natychmiast interweniowa\u0107. Jej siostra opiekowa\u0142a si\u0119 c\u00f3rk\u0105 i siostrzenic\u0105.<\/p>\n\n\n\n<p class=\"wp-block-paragraph\"><img loading=\"lazy\" decoding=\"async\" src=\"https:\/\/www.viepratique.fr\/wp-content\/uploads\/sites\/4\/2024\/07\/6-45-1024x538.jpg\" width=\"1024\" height=\"538\">\u00a9 Shutterstock<\/p>\n\n\n\n<h2 class=\"wp-block-heading\">Ratownikom nie uda\u0142o si\u0119 uratowa\u0107 dziewczynki (12 lipca)<\/h2>\n\n\n\n<p class=\"wp-block-paragraph\">Na miejsce zdarzenia natychmiast przyby\u0142y s\u0142u\u017cby ratunkowe, jednak pomimo wszelkich pr\u00f3b ratowania dziewczynki, kobieta zmar\u0142a.<\/p>\n\n\n\n<p class=\"wp-block-paragraph\"><img loading=\"lazy\" decoding=\"async\" src=\"https:\/\/www.viepratique.fr\/wp-content\/uploads\/sites\/4\/2024\/07\/7-45-1024x538.jpg\" width=\"1024\" height=\"538\">\u00a9 Shutterstock<\/p>\n\n\n\n<h2 class=\"wp-block-heading\">Otwarcie oddzia\u0142u psychologicznego (12 sierpnia)<\/h2>\n\n\n\n<p class=\"wp-block-paragraph\">Matk\u0119, ciotk\u0119 i kuzynk\u0119 umieszczono w rodzinie zast\u0119pczej. W szkole m\u0142odej ofiary w Kattenom utworzono r\u00f3wnie\u017c oddzia\u0142 wsparcia psychologicznego.<\/p>\n","protected":false},"excerpt":{"rendered":"Tragedia, kt\u00f3ra dotkn\u0119\u0142a t\u0119 rodzin\u0119, wydarzy\u0142a si\u0119 w ma\u0142ym miasteczku Yutz, niedaleko Thionville w Mozeli. W pi\u0105tek 30 czerwca 2023 roku siedmioletnia dziewczynka \n<a class=\"moretag\" href=\"https:\/\/lifevery.biz.ua\/?p=19211\"> [...]<\/a>","protected":false},"author":1,"featured_media":0,"comment_status":"open","ping_status":"open","sticky":false,"template":"","format":"standard","meta":{"footnotes":""},"categories":[1],"tags":[],"class_list":["post-19211","post","type-post","status-publish","format-standard","hentry","category-blog"],"_links":{"self":[{"href":"https:\/\/lifevery.biz.ua\/index.php?rest_route=\/wp\/v2\/posts\/19211","targetHints":{"allow":["GET"]}}],"collection":[{"href":"https:\/\/lifevery.biz.ua\/index.php?rest_route=\/wp\/v2\/posts"}],"about":[{"href":"https:\/\/lifevery.biz.ua\/index.php?rest_route=\/wp\/v2\/types\/post"}],"author":[{"embeddable":true,"href":"https:\/\/lifevery.biz.ua\/index.php?rest_route=\/wp\/v2\/users\/1"}],"replies":[{"embeddable":true,"href":"https:\/\/lifevery.biz.ua\/index.php?rest_route=%2Fwp%2Fv2%2Fcomments&post=19211"}],"version-history":[{"count":1,"href":"https:\/\/lifevery.biz.ua\/index.php?rest_route=\/wp\/v2\/posts\/19211\/revisions"}],"predecessor-version":[{"id":19213,"href":"https:\/\/lifevery.biz.ua\/index.php?rest_route=\/wp\/v2\/posts\/19211\/revisions\/19213"}],"wp:attachment":[{"href":"https:\/\/lifevery.biz.ua\/index.php?rest_route=%2Fwp%2Fv2%2Fmedia&parent=19211"}],"wp:term":[{"taxonomy":"category","embeddable":true,"href":"https:\/\/lifevery.biz.ua\/index.php?rest_route=%2Fwp%2Fv2%2Fcategories&post=19211"},{"taxonomy":"post_tag","embeddable":true,"href":"https:\/\/lifevery.biz.ua\/index.php?rest_route=%2Fwp%2Fv2%2Ftags&post=19211"}],"curies":[{"name":"wp","href":"https:\/\/api.w.org\/{rel}","templated":true}]}}