{"id":19206,"date":"2026-08-01T10:10:28","date_gmt":"2026-08-01T10:10:28","guid":{"rendered":"https:\/\/lifevery.biz.ua\/?p=19206"},"modified":"2026-08-01T10:10:28","modified_gmt":"2026-08-01T10:10:28","slug":"tragedia-w-gogolinie-nie-zyje-4-letnia-dziewczynka-sa-wyniki-sekcji-zwlok-i-zarzut-dla-matki","status":"publish","type":"post","link":"https:\/\/lifevery.biz.ua\/?p=19206","title":{"rendered":"Tragedia w Gogolinie, nie \u017cyje 4-letnia dziewczynka. S\u0105 wyniki sekcji zw\u0142ok i zarzut dla matki"},"content":{"rendered":"\n<p class=\"wp-block-paragraph\">Czytaj wi\u0119cej: https:\/\/goniec.pl\/tragedia-w-gogolinie-nie-zyje-4-letnia-dziewczynka-sa-wyniki-sekcji-zwlok-i-zarzut-dla-matki-mt-wmp-280726<\/p>\n\n\n\n<p class=\"wp-block-paragraph\">27-letnia matka czteroletniej dziewczynki z Gogolina us\u0142ysza\u0142a zarzut w zwi\u0105zku ze \u015bmierci\u0105 dziecka. \u015aledczy przekazali r\u00f3wnie\u017c wyniki sekcji zw\u0142ok, kt\u00f3re rzucaj\u0105 nowe \u015bwiat\u0142o na okoliczno\u015bci tragedii i maj\u0105 kluczowe znaczenie dla prowadzonego post\u0119powania.<\/p>\n\n\n\n<p class=\"wp-block-paragraph\">Spraw\u0119 prowadzi Prokuratura Rejonowa w Strzelcach Opolskich przy wsp\u00f3\u0142pracy z policj\u0105. W toku post\u0119powania zabezpieczono materia\u0142 dowodowy oraz przeprowadzono sekcj\u0119 zw\u0142ok, kt\u00f3rej wyniki mia\u0142y kluczowe znaczenie dla dalszego kierunku \u015bledztwa. Dopiero po uzyskaniu opinii bieg\u0142ych \u015bledczy podj\u0119li decyzj\u0119 o przedstawieniu kobiecie zarzutu.27-latka us\u0142ysza\u0142a zarzut. By\u0142a pod wp\u0142ywem alkoholu<br>Po zako\u0144czeniu czynno\u015bci zwi\u0105zanych z sekcj\u0105 zw\u0142ok oraz zgromadzeniu materia\u0142u dowodowego Prokuratura Rejonowa w Strzelcach Opolskich przedstawi\u0142a 27-letniej matce dziewczynki zarzut nara\u017cenia c\u00f3rki na bezpo\u015brednie niebezpiecze\u0144stwo utraty \u017cycia.<\/p>\n\n\n\n<p class=\"wp-block-paragraph\">Jak przekaza\u0142a policja, kobieta w chwili interwencji znajdowa\u0142a si\u0119 w stanie nietrze\u017awo\u015bci. Badanie wykaza\u0142o, \u017ce mia\u0142a ponad 1,5 promila alkoholu w organizmie.&nbsp;<\/p>\n\n\n\n<p class=\"wp-block-paragraph\">Do wyja\u015bnienia zatrzymana zosta\u0142a 27-letnia matka dziewczynki, kt\u00f3ra w chwili interwencji znajdowa\u0142a si\u0119 pod wp\u0142ywem alkoholu. Badanie trze\u017awo\u015bci wskaza\u0142o, \u017ce mia\u0142a ponad 1,5 promila alkoholu w organizmie. Po wytrze\u017awieniu kobiety zosta\u0142y przeprowadzone z ni\u0105 czynno\u015bci procesowe \u2013 przekazano.<\/p>\n\n\n\n<p class=\"wp-block-paragraph\">W komunikacie wyja\u015bniono r\u00f3wnie\u017c tre\u015b\u0107 zarzutu.&nbsp;<\/p>\n\n\n\n<p class=\"wp-block-paragraph\">Prokurator Prokuratury Rejonowej w Strzelcach Opolskich przedstawi\u0142 podejrzanej zarzut nara\u017cenia c\u00f3rki na bezpo\u015brednie niebezpiecze\u0144stwo utraty \u017cycia, pomimo ci\u0105\u017c\u0105cego na niej obowi\u0105zku opieki nad ma\u0142oletni\u0105 poprzez sprawowanie samodzielnej opieki nad c\u00f3rk\u0105 znajduj\u0105c si\u0119 w stanie nietrze\u017awo\u015bci \u2013 dodaje opolska policja.<\/p>\n\n\n\n<p class=\"wp-block-paragraph\">Na czas prowadzonego post\u0119powania wobec kobiety zastosowano policyjny doz\u00f3r. Zgodnie z decyzj\u0105 prokuratora dwa razy w tygodniu musi stawia\u0107 si\u0119 w jednostce policji. Za zarzucany jej czyn grozi kara do pi\u0119ciu lat pozbawienia<br>Czytaj wi\u0119cej: https:\/\/goniec.pl\/tragedia-w-gogolinie-nie-zyje-4-letnia-dziewczynka-sa-wyniki-sekcji-zwlok-i-zarzut-dla-matki-mt-wmp-280726<\/p>\n\n\n\n<p class=\"wp-block-paragraph\">Sekcja zw\u0142ok wykaza\u0142a najbardziej prawdopodobn\u0105 przyczyn\u0119 \u015bmierci 4-latki<br>\u015aledczy ujawnili wyniki sekcji zw\u0142ok czteroletniej dziewczynki z Gogolina. Jak poinformowa\u0142a opolska policja, zgromadzony materia\u0142 dowodowy, w tym opinia po badaniu po\u015bmiertnym, wskazuje, \u017ce \u015bmier\u0107 dziecka nie nast\u0105pi\u0142a na skutek obra\u017ce\u0144 ani dzia\u0142ania os\u00f3b trzecich. Wed\u0142ug wst\u0119pnych ustale\u0144 przyczyn\u0105 zgonu by\u0142a najprawdopodobniej choroba.<\/p>\n\n\n\n<p class=\"wp-block-paragraph\">Pozyskane dotychczas w sprawie dowody, w tym wyniki bada\u0144 sekcyjnych, jednoznacznie pozwoli\u0142y na ustalenie, \u017ce zgon 4-latki nie nast\u0105pi\u0142 na tle urazowym i nie przyczyni\u0142y si\u0119 do tego dzia\u0142ania os\u00f3b trzecich, a przyczyna zgonu jest najprawdopodobniej chorobowa \u2013 przekaza\u0142a policja w komunikacie.<\/p>\n\n\n\n<p class=\"wp-block-paragraph\">Ustalenia te by\u0142y istotne dla dalszego prowadzenia post\u0119powania. Oznaczaj\u0105 bowiem, \u017ce \u015bledztwo nie dotyczy spowodowania \u015bmierci dziecka przez osoby trzecie, lecz koncentruje si\u0119 na ocenie okoliczno\u015bci sprawowania opieki nad dziewczynk\u0105. Post\u0119powanie nadal trwa, a \u015bledczy zapowiadaj\u0105 wykonywanie kolejnych czynno\u015bci procesowych maj\u0105cych na celu pe\u0142ne wyja\u015bnienie wszystkich okoliczno\u015bci tej tragedii.<br>Czytaj wi\u0119cej: https:\/\/goniec.pl\/tragedia-w-gogolinie-nie-zyje-4-letnia-dziewczynka-sa-wyniki-sekcji-zwlok-i-zarzut-dla-matki-mt-wmp-280726<\/p>\n","protected":false},"excerpt":{"rendered":"Czytaj wi\u0119cej: https:\/\/goniec.pl\/tragedia-w-gogolinie-nie-zyje-4-letnia-dziewczynka-sa-wyniki-sekcji-zwlok-i-zarzut-dla-matki-mt-wmp-280726 27-letnia matka czteroletniej dziewczynki z Gogolina us\u0142ysza\u0142a zarzut w zwi\u0105zku ze \u015bmierci\u0105 dziecka. \u015aledczy przekazali r\u00f3wnie\u017c wyniki sekcji zw\u0142ok, kt\u00f3re \n<a class=\"moretag\" href=\"https:\/\/lifevery.biz.ua\/?p=19206\"> [...]<\/a>","protected":false},"author":1,"featured_media":19207,"comment_status":"open","ping_status":"open","sticky":false,"template":"","format":"standard","meta":{"footnotes":""},"categories":[1],"tags":[],"class_list":["post-19206","post","type-post","status-publish","format-standard","has-post-thumbnail","hentry","category-blog"],"_links":{"self":[{"href":"https:\/\/lifevery.biz.ua\/index.php?rest_route=\/wp\/v2\/posts\/19206","targetHints":{"allow":["GET"]}}],"collection":[{"href":"https:\/\/lifevery.biz.ua\/index.php?rest_route=\/wp\/v2\/posts"}],"about":[{"href":"https:\/\/lifevery.biz.ua\/index.php?rest_route=\/wp\/v2\/types\/post"}],"author":[{"embeddable":true,"href":"https:\/\/lifevery.biz.ua\/index.php?rest_route=\/wp\/v2\/users\/1"}],"replies":[{"embeddable":true,"href":"https:\/\/lifevery.biz.ua\/index.php?rest_route=%2Fwp%2Fv2%2Fcomments&post=19206"}],"version-history":[{"count":1,"href":"https:\/\/lifevery.biz.ua\/index.php?rest_route=\/wp\/v2\/posts\/19206\/revisions"}],"predecessor-version":[{"id":19208,"href":"https:\/\/lifevery.biz.ua\/index.php?rest_route=\/wp\/v2\/posts\/19206\/revisions\/19208"}],"wp:featuredmedia":[{"embeddable":true,"href":"https:\/\/lifevery.biz.ua\/index.php?rest_route=\/wp\/v2\/media\/19207"}],"wp:attachment":[{"href":"https:\/\/lifevery.biz.ua\/index.php?rest_route=%2Fwp%2Fv2%2Fmedia&parent=19206"}],"wp:term":[{"taxonomy":"category","embeddable":true,"href":"https:\/\/lifevery.biz.ua\/index.php?rest_route=%2Fwp%2Fv2%2Fcategories&post=19206"},{"taxonomy":"post_tag","embeddable":true,"href":"https:\/\/lifevery.biz.ua\/index.php?rest_route=%2Fwp%2Fv2%2Ftags&post=19206"}],"curies":[{"name":"wp","href":"https:\/\/api.w.org\/{rel}","templated":true}]}}