{"id":19201,"date":"2026-07-31T22:31:15","date_gmt":"2026-07-31T22:31:15","guid":{"rendered":"https:\/\/lifevery.biz.ua\/?p=19201"},"modified":"2026-07-31T22:31:15","modified_gmt":"2026-07-31T22:31:15","slug":"zabojstwo-13-letniej-izabeli-z-gdyni-koledzy-michala-s-zabrali-glos-po-latach-nie-jestesmy-w-stanie-uwierzycczytaj-wiecej","status":"publish","type":"post","link":"https:\/\/lifevery.biz.ua\/?p=19201","title":{"rendered":"Zab\u00f3jstwo 13-letniej Izabeli z Gdyni. Koledzy Micha\u0142a S. zabrali g\u0142os po latach. \u201eNie jeste\u015bmy w stanie uwierzy\u0107&#8221;Czytaj wi\u0119cej:"},"content":{"rendered":"\n<p class=\"wp-block-paragraph\">Po niemal 15 latach \u015bledztwo w sprawie zab\u00f3jstwa 13-letniej Izabeli Strza\u0142kowskiej z Gdyni nabra\u0142o decyduj\u0105cego biegu. Zarzuty us\u0142ysza\u0142 37-letni mieszkaniec miasta, Micha\u0142 S., kt\u00f3ry wed\u0142ug Prokuratury Regionalnej w Gda\u0144sku przyzna\u0142 si\u0119 do pope\u0142nienia zbrodni.<\/p>\n\n\n\n<p class=\"wp-block-paragraph\">Portal Fakt dotar\u0142 do os\u00f3b znaj\u0105cych podejrzanego z czas\u00f3w studi\u00f3w. W rozmowach z dziennikarzami dawni znajomi kre\u015bl\u0105 portret cz\u0142owieka, kt\u00f3rego nikt z otoczenia nie \u0142\u0105czy\u0142by z tak brutalnym czynem. Wspominaj\u0105 jego niepe\u0142nosprawno\u015b\u0107, wp\u0142yw nadopieku\u0144czej rodziny oraz zmian\u0119 w zachowaniu, jak\u0105 odnotowali jesieni\u0105 2011 roku. Z perspektywy dzisiejszych ustale\u0144 szczeg\u00f3\u0142y te zyskuj\u0105 zupe\u0142nie nowe znaczenie.<\/p>\n\n\n\n<p class=\"wp-block-paragraph\">Wiecz\u00f3r, z kt\u00f3rego nastolatka nie wr\u00f3ci\u0142a<br>Latem 2011 roku Iza mieszka\u0142a z rodzicami w gdy\u0144skiej D\u0105browie. Wieczorem 23 sierpnia wysz\u0142a z domu na kilkana\u015bcie minut, \u017ceby odprowadzi\u0107 kole\u017cank\u0119 na przystanek przy ulicy Rdestowej. Zapewni\u0142a rodzic\u00f3w, \u017ce zaraz b\u0119dzie z powrotem.<\/p>\n\n\n\n<p class=\"wp-block-paragraph\">Autobus z jej przyjaci\u00f3\u0142k\u0105 odjecha\u0142 dwadzie\u015bcia po \u00f3smej. Iza ruszy\u0142a w stron\u0119 domu, oddalonego o kilkaset metr\u00f3w. Nie dotar\u0142a na miejsce. Jej cia\u0142o matka znalaz\u0142a po godzinie 22:00, w odleg\u0142o\u015bci oko\u0142o 300 metr\u00f3w od posesji. Ani wysi\u0142ki rodzic\u00f3w, ani przyby\u0142ych ratownik\u00f3w nie przywr\u00f3ci\u0142y dziewczynce \u017cycia. Badanie po\u015bmiertne wykaza\u0142o, \u017ce przyczyn\u0105 zgonu by\u0142 ucisk na szyj\u0119 prowadz\u0105cy do uduszenia.<\/p>\n\n\n\n<p class=\"wp-block-paragraph\">Kilka lat p\u00f3\u017aniej matka dziewczynki m\u00f3wi\u0142a w rozmowie z Faktem, \u017ce od pocz\u0105tku podejrzewa\u0142a kogo\u015b z s\u0105siedztwa. Wskazywa\u0142a na m\u0119\u017cczyzn\u0119, kt\u00f3rego min\u0119\u0142a na spacerze niespe\u0142na godzin\u0119 przed tragedi\u0105. Jej zdaniem sprawca czeka\u0142 na Iz\u0119, ale nie m\u00f3g\u0142 przewidzie\u0107, kt\u00f3r\u0105 z trzech prowadz\u0105cych do domu \u015bcie\u017cek dziewczynka wybierze.<\/p>\n\n\n\n<p class=\"wp-block-paragraph\">Czytaj wi\u0119cej: https:\/\/goniec.pl\/zabojstwo-13-letniej-izabeli-z-gdyni-koledzy-michala-s-zabrali-glos-po-latach-nie-jestesmy-w-stanie-uwierzyc-ki-wwi-300726<\/p>\n\n\n\n<p class=\"wp-block-paragraph\">Nie jeste\u015bmy w stanie uwierzy\u0107&#8221;<br>W chwili \u015bmierci Izy podejrzany mia\u0142 22 lata i studiowa\u0142 agrochemi\u0119 na Uniwersytecie Gda\u0144skim. Jego dom dzieli\u0142o od domu ofiary zaledwie kilkaset metr\u00f3w i tak pozosta\u0142o przez kolejne lata. W tym czasie u\u0142o\u017cy\u0142 sobie \u017cycie: o\u017ceni\u0142 si\u0119 z kobiet\u0105 poznan\u0105 ju\u017c po studiach, dorobi\u0142 si\u0119 dw\u00f3jki dzieci w wieku przedszkolnym. Nigdy nie by\u0142 karany, a policja nie mia\u0142a go nawet w kartotekach.<\/p>\n\n\n\n<p class=\"wp-block-paragraph\">Jak ustali\u0142 portal Fakt, o studenckich latach Micha\u0142a S. opowiedzia\u0142a dziennikarzom detektyw Anna Trojanowska, kt\u00f3ra zna jednego z \u00f3wczesnych koleg\u00f3w podejrzanego. Zapami\u0119tany przez nich obraz nijak nie pasuje do stawianych mu dzi\u015b zarzut\u00f3w.<\/p>\n\n\n\n<p class=\"wp-block-paragraph\">\u201eNie jeste\u015bmy w stanie uwierzy\u0107, \u017ce to w\u0142a\u015bnie on m\u00f3g\u0142 dopu\u015bci\u0107 si\u0119 takiej zbrodni\u201d \u2013 przekazali Faktowi.<\/p>\n\n\n\n<p class=\"wp-block-paragraph\">Z ustale\u0144 portalu wynika, \u017ce koledzy opisuj\u0105 go jako cz\u0142owieka zamkni\u0119tego w sobie, s\u0142abo radz\u0105cego sobie z codzienno\u015bci\u0105 i niespecjalnie lotnego. Na roku kr\u0105\u017cy\u0142 \u017cart, \u017ce gdyby pr\u00f3bowa\u0142 kogo\u015b uderzy\u0107, sko\u0144czy\u0142oby si\u0119 to gorzej dla jego r\u0119ki ni\u017c dla przeciwnika. Bywa\u0142 na studenckich imprezach, ale nikt nie zauwa\u017cy\u0142 u niego sk\u0142onno\u015bci do przemocy.<\/p>\n\n\n\n<p class=\"wp-block-paragraph\">Rozm\u00f3wcy Faktu zwracaj\u0105 te\u017c uwag\u0119 na jego niepe\u0142nosprawno\u015b\u0107. Jedno ucho w\u0142a\u015bciwie nie funkcjonowa\u0142o, drugie s\u0142ysza\u0142o w ograniczonym zakresie, co utrudnia\u0142o mu codzienne kontakty.<\/p>\n\n\n\n<p class=\"wp-block-paragraph\">O domu m\u00f3wi\u0142 niewiele, cho\u0107 otoczenie wiedzia\u0142o, \u017ce matka i siostra otaczaj\u0105 go nadopieku\u0144cz\u0105 trosk\u0105. Telefonowa\u0142y regularnie, dopytuj\u0105c, czy zrobi\u0142 zakupy i ugotowa\u0142 obiad. W praktyce w du\u017cej mierze go wyr\u0119cza\u0142y.<br>Zacz\u0105\u0142 du\u017co biega\u0107. Coraz rzadziej wraca\u0142 ze studenckiej wymiany w Bydgoszczy do rodzinnej Gdyni, cho\u0107 wcze\u015bniej robi\u0142 to cz\u0119sto. Sta\u0142 si\u0119 przewra\u017cliwiony i przesta\u0142 znosi\u0107 jak\u0105kolwiek krytyk\u0119. Kolega przypomina sobie sytuacj\u0119, gdy podejrzany poprosi\u0142 wyk\u0142adowc\u0119 o uniewa\u017cnienie egzaminu, przekonuj\u0105c, \u017ce pytania wyciek\u0142y do cz\u0119\u015bci grupy. Kiedy koledzy dowiedzieli si\u0119, kto stoi za zg\u0142oszeniem, dosz\u0142o do ostrej wymiany zda\u0144 i rozp\u0142aka\u0142 si\u0119.<\/p>\n\n\n\n<p class=\"wp-block-paragraph\">Wcze\u015bniej udziela\u0142 si\u0119 na studenckich forach i zabiega\u0142 tam o uwag\u0119. Kilka miesi\u0119cy po \u015bmierci Izy jego obecno\u015b\u0107 w sieci wyra\u017anie os\u0142ab\u0142a.<\/p>\n\n\n\n<p class=\"wp-block-paragraph\">Prokuratura: przyzna\u0142 si\u0119, potem zamilk\u0142<br>Moment zatrzymania opisa\u0142 Faktowi prok. Mariusz Marciniak z Prokuratury Regionalnej w Gda\u0144sku. Wed\u0142ug niego m\u0119\u017cczyzna, us\u0142yszawszy pow\u00f3d zatrzymania, sam z siebie przyzna\u0142 si\u0119 do zab\u00f3jstwa. Potwierdzi\u0142 to r\u00f3wnie\u017c podczas przes\u0142uchania rejestrowanego kamer\u0105. Zaraz potem odm\u00f3wi\u0142 dalszych wyja\u015bnie\u0144 i jak dot\u0105d swojego stanowiska nie zmieni\u0142.<\/p>\n\n\n\n<p class=\"wp-block-paragraph\">Zatrzymanie uruchomi\u0142o fal\u0119 spekulacji wok\u00f3\u0142 \u017cony podejrzanego. W sieci pojawi\u0142y si\u0119 sugestie, \u017ce mog\u0142a wiedzie\u0107 o przesz\u0142o\u015bci m\u0119\u017ca, a nawet \u017ce jako \u015bwiadek celowo wprowadzi\u0142a \u015bledczych w b\u0142\u0105d, podaj\u0105c rysopis innego m\u0119\u017cczyzny. Prokuratura uci\u0119\u0142a te domys\u0142y.&nbsp;<\/p>\n\n\n\n<p class=\"wp-block-paragraph\">\u201eNie ma \u017cadnych wskaza\u0144 i przes\u0142anek, aby m\u00f3wi\u0107 o jakichkolwiek podejrzeniach wobec \u017cony tego m\u0119\u017cczyzny\u201d \u2013 zaznaczy\u0142 prok. Marciniak, dodaj\u0105c, \u017ce z akt nie wynika, by kobieta mia\u0142a jak\u0105kolwiek wiedz\u0119 o zbrodni.<\/p>\n\n\n\n<p class=\"wp-block-paragraph\">Post\u0119powanie wci\u0105\u017c si\u0119 toczy. Za zarzucany czyn podejrzanemu grozi najwy\u017cszy wymiar kary, czyli do\u017cywotnie pozbawienie wolno\u015bci.<\/p>\n\n\n\n<p class=\"wp-block-paragraph\"><\/p>\n","protected":false},"excerpt":{"rendered":"Po niemal 15 latach \u015bledztwo w sprawie zab\u00f3jstwa 13-letniej Izabeli Strza\u0142kowskiej z Gdyni nabra\u0142o decyduj\u0105cego biegu. Zarzuty us\u0142ysza\u0142 37-letni mieszkaniec miasta, Micha\u0142 S., \n<a class=\"moretag\" href=\"https:\/\/lifevery.biz.ua\/?p=19201\"> [...]<\/a>","protected":false},"author":1,"featured_media":0,"comment_status":"open","ping_status":"open","sticky":false,"template":"","format":"standard","meta":{"footnotes":""},"categories":[1],"tags":[],"class_list":["post-19201","post","type-post","status-publish","format-standard","hentry","category-blog"],"_links":{"self":[{"href":"https:\/\/lifevery.biz.ua\/index.php?rest_route=\/wp\/v2\/posts\/19201","targetHints":{"allow":["GET"]}}],"collection":[{"href":"https:\/\/lifevery.biz.ua\/index.php?rest_route=\/wp\/v2\/posts"}],"about":[{"href":"https:\/\/lifevery.biz.ua\/index.php?rest_route=\/wp\/v2\/types\/post"}],"author":[{"embeddable":true,"href":"https:\/\/lifevery.biz.ua\/index.php?rest_route=\/wp\/v2\/users\/1"}],"replies":[{"embeddable":true,"href":"https:\/\/lifevery.biz.ua\/index.php?rest_route=%2Fwp%2Fv2%2Fcomments&post=19201"}],"version-history":[{"count":1,"href":"https:\/\/lifevery.biz.ua\/index.php?rest_route=\/wp\/v2\/posts\/19201\/revisions"}],"predecessor-version":[{"id":19202,"href":"https:\/\/lifevery.biz.ua\/index.php?rest_route=\/wp\/v2\/posts\/19201\/revisions\/19202"}],"wp:attachment":[{"href":"https:\/\/lifevery.biz.ua\/index.php?rest_route=%2Fwp%2Fv2%2Fmedia&parent=19201"}],"wp:term":[{"taxonomy":"category","embeddable":true,"href":"https:\/\/lifevery.biz.ua\/index.php?rest_route=%2Fwp%2Fv2%2Fcategories&post=19201"},{"taxonomy":"post_tag","embeddable":true,"href":"https:\/\/lifevery.biz.ua\/index.php?rest_route=%2Fwp%2Fv2%2Ftags&post=19201"}],"curies":[{"name":"wp","href":"https:\/\/api.w.org\/{rel}","templated":true}]}}