{"id":19146,"date":"2026-07-31T19:16:50","date_gmt":"2026-07-31T19:16:50","guid":{"rendered":"https:\/\/lifevery.biz.ua\/?p=19146"},"modified":"2026-07-31T19:16:50","modified_gmt":"2026-07-31T19:16:50","slug":"urodziny-zamieniaja-sie-w-tragedie-wypadek-z-udzialem-siedmiu-mlodych-osob-zakonczyl-sie-smiercia-kilku-osob-3","status":"publish","type":"post","link":"https:\/\/lifevery.biz.ua\/?p=19146","title":{"rendered":"Urodziny zamieniaj\u0105 si\u0119 w tragedi\u0119: wypadek z udzia\u0142em siedmiu m\u0142odych os\u00f3b zako\u0144czy\u0142 si\u0119 \u015bmierci\u0105 kilku os\u00f3b"},"content":{"rendered":"\n<p class=\"wp-block-paragraph\"><\/p>\n\n\n\n<figure class=\"wp-block-image\"><img decoding=\"async\" src=\"https:\/\/swiat24.pl.ua\/wp-content\/uploads\/2026\/05\/Screenshot_2026_05_29-6-655x440.png\" alt=\"\"\/><\/figure>\n\n\n\n<p class=\"wp-block-paragraph\">Nocna tragedia w Sekwanie i Marnie poch\u0142on\u0119\u0142a \u017cycie trzech m\u0142odych m\u0119\u017cczyzn, pozostawiaj\u0105c spo\u0142eczno\u015b\u0107 w szoku.<\/p>\n\n\n\n<p class=\"wp-block-paragraph\">W nocy z 17 na 18 maja 2025 roku wypadek drogowy zamieni\u0142 \u015bwi\u0105teczny wiecz\u00f3r w koszmar, gdy ich samoch\u00f3d uderzy\u0142 w mur, co doprowadzi\u0142o do serii tragedii i pyta\u0144 bez odpowiedzi.<\/p>\n\n\n\n<p class=\"wp-block-paragraph\">\u015amiertelny wypadek w pobli\u017cu Fontainebleau(1\/12)<br>W nocy z soboty 17 maja na niedziel\u0119 18 maja 2025 roku wypadek drogowy w Sekwanie i Marnie wywr\u00f3ci\u0142 do g\u00f3ry nogami losy kilku rodzin.<\/p>\n\n\n\n<p class=\"wp-block-paragraph\">Trzech m\u0142odych m\u0119\u017cczyzn, w tym dw\u00f3ch nieletnich, straci\u0142o \u017cycie, gdy ich samoch\u00f3d gwa\u0142townie uderzy\u0142 w mur w pobli\u017cu Fontainebleau, w La Grand-Paroisse. Wypadek wydarzy\u0142 si\u0119 tu\u017c przed godzin\u0105 1 w nocy, zmieniaj\u0105c zwyk\u0142y wiecz\u00f3r w narodow\u0105 tragedi\u0119.<\/p>\n\n\n\n<p class=\"wp-block-paragraph\"><img loading=\"lazy\" decoding=\"async\" src=\"https:\/\/www.viepratique.fr\/wp-content\/uploads\/sites\/4\/2025\/05\/accident-mortel-pres-de-fontainebleau-615x410.jpg\" width=\"615\" height=\"410\">\u00a9 Shutterstock<\/p>\n\n\n\n<h2 class=\"wp-block-heading\">Powr\u00f3t samochodem z wieczoru o godzinie si\u00f3dmej(2\/12)<\/h2>\n\n\n\n<p class=\"wp-block-paragraph\">Dok\u0142adne okoliczno\u015bci wypadku pozostaj\u0105 niejasne, ale wst\u0119pne \u015bledztwo wskazuje, \u017ce m\u0142odzi ludzie wracali z imprezy. Pojazdem podr\u00f3\u017cowa\u0142o siedem os\u00f3b, co budzi w\u0105tpliwo\u015bci co do bezpiecze\u0144stwa i przestrzegania przepis\u00f3w ruchu drogowego. W\u015br\u00f3d pasa\u017cer\u00f3w, jeden z nich znajdowa\u0142 si\u0119 w baga\u017cniku, co jest nietypow\u0105 sytuacj\u0105, kt\u00f3ra intryguje \u015bledczych.<\/p>\n\n\n\n<p class=\"wp-block-paragraph\"><img loading=\"lazy\" decoding=\"async\" src=\"https:\/\/www.viepratique.fr\/wp-content\/uploads\/sites\/4\/2025\/05\/retour-de-soiree-a-sept-dans-une-voiture-615x410.jpg\" width=\"615\" height=\"410\">\u00a9 Shutterstock<\/p>\n\n\n\n<h2 class=\"wp-block-heading\">Policja odkry\u0142a p\u0142on\u0105cy samoch\u00f3d(3\/12)<\/h2>\n\n\n\n<p class=\"wp-block-paragraph\">Policjanci patroluj\u0105cy okolic\u0119 natkn\u0119li si\u0119 na miejsce wypadku. Pojazd zacz\u0105\u0142 si\u0119 pali\u0107, a funkcjonariusze szybko zareagowali, aby uratowa\u0107 pasa\u017cer\u00f3w. Pomimo ich wysi\u0142k\u00f3w, troje m\u0142odych ludzi zmar\u0142o na miejscu w wyniku odniesionych obra\u017ce\u0144, co wstrz\u0105sn\u0119\u0142o lokaln\u0105 spo\u0142eczno\u015bci\u0105 i rodzinami ofiar.<\/p>\n\n\n\n<p class=\"wp-block-paragraph\"><img loading=\"lazy\" decoding=\"async\" src=\"https:\/\/www.viepratique.fr\/wp-content\/uploads\/sites\/4\/2025\/05\/decouverte-dune-voiture-en-feu-par-la-police-718x410.jpg\" width=\"718\" height=\"410\">\u00a9 Shutterstock<\/p>\n\n\n\n<h2 class=\"wp-block-heading\">Testy na obecno\u015b\u0107 alkoholu i narkotyk\u00f3w u kierowc\u00f3w&nbsp;(4\/12)<\/h2>\n\n\n\n<p class=\"wp-block-paragraph\">W\u015br\u00f3d rannych, kierowca, w wieku oko\u0142o dwudziestu lat, zosta\u0142 przebadany na obecno\u015b\u0107 alkoholu i narkotyk\u00f3w. Wyniki tych bada\u0144 nie zosta\u0142y jeszcze opublikowane, ale mog\u0105 one odegra\u0107 kluczow\u0105 rol\u0119 w zrozumieniu wydarze\u0144 tamtej tragicznej nocy. Prokuratura w Fontainebleau nie wyklucza \u017cadnej mo\u017cliwo\u015bci, w tym nadu\u017cywania narkotyk\u00f3w.<\/p>\n\n\n\n<p class=\"wp-block-paragraph\"><img loading=\"lazy\" decoding=\"async\" src=\"https:\/\/www.viepratique.fr\/wp-content\/uploads\/sites\/4\/2025\/05\/tests-dalcool-et-de-drogue-pour-le-conducteur-1024x683.jpg\" width=\"1024\" height=\"683\">\u00a9 Shutterstock<\/p>\n\n\n\n<h2 class=\"wp-block-heading\">\u015aledztwo w sprawie pasa\u017cera w baga\u017cniku&nbsp;(5\/12)<\/h2>\n\n\n\n<p class=\"wp-block-paragraph\">\u015aledztwo b\u0119dzie musia\u0142o r\u00f3wnie\u017c ustali\u0107, dlaczego jeden z pasa\u017cer\u00f3w znalaz\u0142 si\u0119 w baga\u017cniku. Czy zrobi\u0142 to z w\u0142asnej woli z powodu braku miejsca, czy te\u017c zosta\u0142 do niego zmuszony? \u015aledczy staraj\u0105 si\u0119 wyja\u015bni\u0107 te niejasno\u015bci, aby wymierzy\u0107 sprawiedliwo\u015b\u0107 ofiarom i ich rodzinom.<\/p>\n\n\n\n<p class=\"wp-block-paragraph\"><img loading=\"lazy\" decoding=\"async\" src=\"https:\/\/www.viepratique.fr\/wp-content\/uploads\/sites\/4\/2025\/05\/enquete-sur-le-passager-dans-le-coffre-1024x683.jpg\" width=\"1024\" height=\"683\">\u00a9 Shutterstock<\/p>\n\n\n\n<h2 class=\"wp-block-heading\">Relacja ocala\u0142ych z wypadku&nbsp;(6\/12)<\/h2>\n\n\n\n<p class=\"wp-block-paragraph\">Dwoje nastolatk\u00f3w, kt\u00f3rzy prze\u017cyli katastrof\u0119, opowiedzia\u0142o \u015bledczym o swoich prze\u017cyciach. Uda\u0142o im si\u0119 uciec z p\u0142on\u0105cego pojazdu i wr\u00f3ci\u0107 na imprez\u0119, co by\u0142o aktem odwagi, kt\u00f3ry prawdopodobnie uratowa\u0142 im \u017cycie. Ich zeznania mog\u0105 okaza\u0107 si\u0119 kluczowe w odtworzeniu historii tamtej pami\u0119tnej nocy.<\/p>\n","protected":false},"excerpt":{"rendered":"Nocna tragedia w Sekwanie i Marnie poch\u0142on\u0119\u0142a \u017cycie trzech m\u0142odych m\u0119\u017cczyzn, pozostawiaj\u0105c spo\u0142eczno\u015b\u0107 w szoku. W nocy z 17 na 18 maja 2025 \n<a class=\"moretag\" href=\"https:\/\/lifevery.biz.ua\/?p=19146\"> [...]<\/a>","protected":false},"author":1,"featured_media":19147,"comment_status":"open","ping_status":"open","sticky":false,"template":"","format":"standard","meta":{"footnotes":""},"categories":[1],"tags":[],"class_list":["post-19146","post","type-post","status-publish","format-standard","has-post-thumbnail","hentry","category-blog"],"_links":{"self":[{"href":"https:\/\/lifevery.biz.ua\/index.php?rest_route=\/wp\/v2\/posts\/19146","targetHints":{"allow":["GET"]}}],"collection":[{"href":"https:\/\/lifevery.biz.ua\/index.php?rest_route=\/wp\/v2\/posts"}],"about":[{"href":"https:\/\/lifevery.biz.ua\/index.php?rest_route=\/wp\/v2\/types\/post"}],"author":[{"embeddable":true,"href":"https:\/\/lifevery.biz.ua\/index.php?rest_route=\/wp\/v2\/users\/1"}],"replies":[{"embeddable":true,"href":"https:\/\/lifevery.biz.ua\/index.php?rest_route=%2Fwp%2Fv2%2Fcomments&post=19146"}],"version-history":[{"count":1,"href":"https:\/\/lifevery.biz.ua\/index.php?rest_route=\/wp\/v2\/posts\/19146\/revisions"}],"predecessor-version":[{"id":19148,"href":"https:\/\/lifevery.biz.ua\/index.php?rest_route=\/wp\/v2\/posts\/19146\/revisions\/19148"}],"wp:featuredmedia":[{"embeddable":true,"href":"https:\/\/lifevery.biz.ua\/index.php?rest_route=\/wp\/v2\/media\/19147"}],"wp:attachment":[{"href":"https:\/\/lifevery.biz.ua\/index.php?rest_route=%2Fwp%2Fv2%2Fmedia&parent=19146"}],"wp:term":[{"taxonomy":"category","embeddable":true,"href":"https:\/\/lifevery.biz.ua\/index.php?rest_route=%2Fwp%2Fv2%2Fcategories&post=19146"},{"taxonomy":"post_tag","embeddable":true,"href":"https:\/\/lifevery.biz.ua\/index.php?rest_route=%2Fwp%2Fv2%2Ftags&post=19146"}],"curies":[{"name":"wp","href":"https:\/\/api.w.org\/{rel}","templated":true}]}}