{"id":18974,"date":"2026-07-29T17:08:51","date_gmt":"2026-07-29T17:08:51","guid":{"rendered":"https:\/\/lifevery.biz.ua\/?p=18974"},"modified":"2026-07-29T17:08:51","modified_gmt":"2026-07-29T17:08:51","slug":"nie-zyje-wybitna-medalistka-olimpijska-polski-sport-w-zalobie","status":"publish","type":"post","link":"https:\/\/lifevery.biz.ua\/?p=18974","title":{"rendered":"Nie \u017cyje wybitna medalistka olimpijska. Polski sport w \u017ca\u0142obie"},"content":{"rendered":"\n<p class=\"wp-block-paragraph\">W czwartek 23 lipca przekazano smutne wie\u015bci o \u015bmierci jednej z czo\u0142owych polskich sportsmenek prze\u0142omu lat 50. i 60. O jej \u015bmierci poinformowa\u0142 Urz\u0105d Miejski w \u0141om\u017cy, powo\u0142uj\u0105c si\u0119 na przekaz rodziny. Jest to ogromna strata dla rodzimego sportu. Nie \u017cyje Celina Orzechowska, kt\u00f3ra przez lata by\u0142a wzorem dla wielu pokole\u0144 polskich sportowc\u00f3w. O jej osi\u0105gni\u0119ciach b\u0119dziemy pami\u0119ta\u0107 przez d\u0142ugie lata.&nbsp;<\/p>\n\n\n\n<p class=\"wp-block-paragraph\">Nie \u017cyje Celina Orzechowska. Smutne wie\u015bci obieg\u0142y Polsk\u0119<br>Celina Orzechowska, z domu Jesionowska, przysz\u0142a na \u015bwiat 3 listopada 1933 roku w \u0141om\u017cy. Jej koronn\u0105 konkurencj\u0105 by\u0142a sztafeta 4&#215;100 metr\u00f3w i to w\u0142a\u015bnie w niej si\u0119gn\u0119\u0142a po najwi\u0119ksze sukcesy.<\/p>\n\n\n\n<p class=\"wp-block-paragraph\">Pierwszy przyszed\u0142 w 1958 roku w Sztokholmie, gdzie polska sztafeta wywalczy\u0142a br\u0105z mistrzostw Europy. Dwa lata p\u00f3\u017aniej, na igrzyskach olimpijskich w Rzymie, Orzechowska pobieg\u0142a razem z Teres\u0105 Wieczorek, Barbar\u0105 Janiszewsk\u0105 i Halin\u0105 Richter. Polki zn\u00f3w stan\u0119\u0142y na najni\u017cszym stopniu podium, ulegaj\u0105c wy\u0142\u0105cznie Amerykankom i Niemkom, a ich rezultat 45,0 sekundy okaza\u0142 si\u0119 nowym rekordem kraju.<br>Siedem tytu\u0142\u00f3w mistrzyni Polski<br>Przez wi\u0119kszo\u015b\u0107 kariery sprinterka zwi\u0105zana by\u0142a z Legi\u0105 Warszawa. Na krajowych mistrzostwach si\u0119ga\u0142a po z\u0142oto siedmiokrotnie, w tym trzy razy w konkurencjach indywidualnych. W latach 1964\u20131966 nie mia\u0142a sobie r\u00f3wnych w biegu na 400 metr\u00f3w.<\/p>\n\n\n\n<p class=\"wp-block-paragraph\">Rodzina, kt\u00f3ra przekaza\u0142a informacj\u0119 o jej \u015bmierci, zwraca uwag\u0119, \u017ce sport odegra\u0142 w jej \u017cyciu wyj\u0105tkow\u0105 rol\u0119.&nbsp;<\/p>\n\n\n\n<p class=\"wp-block-paragraph\">\u201eSport otworzy\u0142 przed ni\u0105 \u015bwiat i pozwoli\u0142 nawi\u0105za\u0107 wiele cennych przyja\u017ani. Bliscy wspominaj\u0105 j\u0105 jako osob\u0119 pe\u0142n\u0105 \u017cyczliwo\u015bci, pogody ducha i ciekawo\u015bci \u015bwiata, zawsze gotow\u0105 pomaga\u0107 innym oraz dzieli\u0107 si\u0119 dobrem bez oczekiwania czegokolwiek w zamian\u201d \u2013 czytamy w komunikacie \u0142om\u017cy\u0144skiego magistratu.<\/p>\n\n\n\n<p class=\"wp-block-paragraph\">Od lat mieszka\u0142a w Warszawie, na Mokotowie, cho\u0107 do ko\u0144ca \u017cycia pozostawa\u0142a dumna ze swoich \u0142om\u017cy\u0144skich korzeni. Zmar\u0142a spokojnie we \u015bnie w O\u015brodku Opieku\u0144czo-Leczniczym Pallium we Wronie.<br><\/p>\n","protected":false},"excerpt":{"rendered":"W czwartek 23 lipca przekazano smutne wie\u015bci o \u015bmierci jednej z czo\u0142owych polskich sportsmenek prze\u0142omu lat 50. i 60. O jej \u015bmierci poinformowa\u0142 \n<a class=\"moretag\" href=\"https:\/\/lifevery.biz.ua\/?p=18974\"> [...]<\/a>","protected":false},"author":1,"featured_media":0,"comment_status":"open","ping_status":"open","sticky":false,"template":"","format":"standard","meta":{"footnotes":""},"categories":[1],"tags":[],"class_list":["post-18974","post","type-post","status-publish","format-standard","hentry","category-blog"],"_links":{"self":[{"href":"https:\/\/lifevery.biz.ua\/index.php?rest_route=\/wp\/v2\/posts\/18974","targetHints":{"allow":["GET"]}}],"collection":[{"href":"https:\/\/lifevery.biz.ua\/index.php?rest_route=\/wp\/v2\/posts"}],"about":[{"href":"https:\/\/lifevery.biz.ua\/index.php?rest_route=\/wp\/v2\/types\/post"}],"author":[{"embeddable":true,"href":"https:\/\/lifevery.biz.ua\/index.php?rest_route=\/wp\/v2\/users\/1"}],"replies":[{"embeddable":true,"href":"https:\/\/lifevery.biz.ua\/index.php?rest_route=%2Fwp%2Fv2%2Fcomments&post=18974"}],"version-history":[{"count":1,"href":"https:\/\/lifevery.biz.ua\/index.php?rest_route=\/wp\/v2\/posts\/18974\/revisions"}],"predecessor-version":[{"id":18975,"href":"https:\/\/lifevery.biz.ua\/index.php?rest_route=\/wp\/v2\/posts\/18974\/revisions\/18975"}],"wp:attachment":[{"href":"https:\/\/lifevery.biz.ua\/index.php?rest_route=%2Fwp%2Fv2%2Fmedia&parent=18974"}],"wp:term":[{"taxonomy":"category","embeddable":true,"href":"https:\/\/lifevery.biz.ua\/index.php?rest_route=%2Fwp%2Fv2%2Fcategories&post=18974"},{"taxonomy":"post_tag","embeddable":true,"href":"https:\/\/lifevery.biz.ua\/index.php?rest_route=%2Fwp%2Fv2%2Ftags&post=18974"}],"curies":[{"name":"wp","href":"https:\/\/api.w.org\/{rel}","templated":true}]}}