{"id":18970,"date":"2026-07-29T09:43:08","date_gmt":"2026-07-29T09:43:08","guid":{"rendered":"https:\/\/lifevery.biz.ua\/?p=18970"},"modified":"2026-07-29T09:43:08","modified_gmt":"2026-07-29T09:43:08","slug":"wypadek-na-drodze-krajowej-nr-12-dzieci-trafily-do-szpitala","status":"publish","type":"post","link":"https:\/\/lifevery.biz.ua\/?p=18970","title":{"rendered":"Wypadek na drodze krajowej nr 12. Dzieci trafi\u0142y do szpitala"},"content":{"rendered":"\n<p class=\"wp-block-paragraph\">Gro\u017any wypadek na drodze krajowej nr 12 w miejscowo\u015bci Przyg\u0142\u00f3w (woj. \u0142\u00f3dzkie). W zderzeniu trzech samochod\u00f3w obra\u017ce\u0144 dozna\u0142o dwoje dzieci w wieku 1 roku i 6 lat, kt\u00f3re zosta\u0142y przetransportowane do szpitala. W miejscu zdarzenia kierowcy musz\u0105 liczy\u0107 si\u0119 z utrudnieniami.<\/p>\n\n\n\n<p class=\"wp-block-paragraph\">Do zdarzenia dosz\u0142o na skrzy\u017cowaniu, gdzie spotykaj\u0105 si\u0119 droga krajowa nr 12 oraz lokalne drogi prowadz\u0105ce do miejscowo\u015bci Ka\u0142ek i Ko\u0142o. W wypadku uczestniczy\u0142y trzy samochody osobowe: Fiat Stilo, Hyundai oraz Skoda.<\/p>\n\n\n\n<p class=\"wp-block-paragraph\">Policja poda\u0142a wst\u0119pne ustalenia. Tak dosz\u0142o do zderzenia trzech samochod\u00f3w<br>Ze wst\u0119pnych ustale\u0144 policjant\u00f3w wynika, \u017ce kieruj\u0105ca samochodem marki Fiat Stilo wyje\u017cd\u017ca\u0142a z miejscowo\u015bci Ka\u0142ek na drog\u0119 krajow\u0105 nr 12. W tym samym czasie od strony Sulejowa w kierunku Piotrkowa Trybunalskiego jecha\u0142 Hyundai. Chwil\u0119 p\u00f3\u017aniej dosz\u0142o do zderzenia obu pojazd\u00f3w, kt\u00f3rego skutki obj\u0119\u0142y tak\u017ce trzeci samoch\u00f3d.<\/p>\n\n\n\n<p class=\"wp-block-paragraph\">Ze wst\u0119pnych ustale\u0144 wynika, \u017ce kieruj\u0105ca pojazdem marki Fiat Stilo wyje\u017cd\u017caj\u0105c z miejscowo\u015bci Ka\u0142ek na DK12, nie ust\u0105pi\u0142a pierwsze\u0144stwa przejazdu pojazdowi marki Hyundai, jad\u0105cemu od Sulejowa w kierunku Piotrkowa Trybunalskiego, w wyniku czego dosz\u0142o do zderzenia ze stoj\u0105c\u0105 Skod\u0105. Pojazd oczekiwa\u0142 na wjazd na skrzy\u017cowanie na &#8220;stopie&#8221; od miejscowo\u015bci Ko\u0142o \u2013 przekaza\u0142a policja.<\/p>\n\n\n\n<p class=\"wp-block-paragraph\">Policjanci przeprowadzili ogl\u0119dziny miejsca zdarzenia i zabezpieczyli \u015blady, kt\u00f3re b\u0119d\u0105 analizowane w toku dalszego post\u0119powania.<\/p>\n\n\n\n<p class=\"wp-block-paragraph\">Na obecnym etapie przedstawione przez funkcjonariuszy informacje maj\u0105 charakter wst\u0119pnych ustale\u0144. Ostateczny przebieg wypadku zostanie odtworzony po zako\u0144czeniu wszystkich czynno\u015bci procesowych i zgromadzeniu pe\u0142nego materia\u0142u dowodowego.<\/p>\n\n\n\n<p class=\"wp-block-paragraph\">Dwoje dzieci trafi\u0142o do szpitala. Policja przekaza\u0142a informacje o uczestnikach<br>Najpowa\u017cniejsze konsekwencje wypadku dotkn\u0119\u0142y pasa\u017cer\u00f3w Skody. Samochodem podr\u00f3\u017cowa\u0142o dwoje dzieci \u2013 w wieku 1 roku oraz 6 lat. W wyniku odniesionych obra\u017ce\u0144 oboje wymaga\u0142o pomocy medycznej i zosta\u0142o przewiezione do szpitala.<\/p>\n\n\n\n<p class=\"wp-block-paragraph\">W wyniku poniesionych obra\u017ce\u0144 dwoje dzieci z pojazdu Skoda, w wieku 1 rok i 6 lat zosta\u0142o przetransportowanych do szpitala \u2013 informuje policja.<\/p>\n\n\n\n<p class=\"wp-block-paragraph\">Na razie s\u0142u\u017cby nie przekaza\u0142y informacji dotycz\u0105cych stanu zdrowia dzieci ani charakteru odniesionych przez nie obra\u017ce\u0144.<\/p>\n\n\n\n<p class=\"wp-block-paragraph\">Jak podaje TVP 3 \u0141\u00f3d\u017a funkcjonariusze ustalili r\u00f3wnie\u017c, \u017ce kieruj\u0105cy pojazdami uczestnicz\u0105cymi w zdarzeniu byli trze\u017awi. Badanie zosta\u0142o przeprowadzone na miejscu wypadku w ramach standardowych czynno\u015bci wykonywanych po tego typu zdarzeniach drogowych.<br><\/p>\n","protected":false},"excerpt":{"rendered":"Gro\u017any wypadek na drodze krajowej nr 12 w miejscowo\u015bci Przyg\u0142\u00f3w (woj. \u0142\u00f3dzkie). W zderzeniu trzech samochod\u00f3w obra\u017ce\u0144 dozna\u0142o dwoje dzieci w wieku 1 \n<a class=\"moretag\" href=\"https:\/\/lifevery.biz.ua\/?p=18970\"> [...]<\/a>","protected":false},"author":1,"featured_media":0,"comment_status":"open","ping_status":"open","sticky":false,"template":"","format":"standard","meta":{"footnotes":""},"categories":[1],"tags":[],"class_list":["post-18970","post","type-post","status-publish","format-standard","hentry","category-blog"],"_links":{"self":[{"href":"https:\/\/lifevery.biz.ua\/index.php?rest_route=\/wp\/v2\/posts\/18970","targetHints":{"allow":["GET"]}}],"collection":[{"href":"https:\/\/lifevery.biz.ua\/index.php?rest_route=\/wp\/v2\/posts"}],"about":[{"href":"https:\/\/lifevery.biz.ua\/index.php?rest_route=\/wp\/v2\/types\/post"}],"author":[{"embeddable":true,"href":"https:\/\/lifevery.biz.ua\/index.php?rest_route=\/wp\/v2\/users\/1"}],"replies":[{"embeddable":true,"href":"https:\/\/lifevery.biz.ua\/index.php?rest_route=%2Fwp%2Fv2%2Fcomments&post=18970"}],"version-history":[{"count":1,"href":"https:\/\/lifevery.biz.ua\/index.php?rest_route=\/wp\/v2\/posts\/18970\/revisions"}],"predecessor-version":[{"id":18971,"href":"https:\/\/lifevery.biz.ua\/index.php?rest_route=\/wp\/v2\/posts\/18970\/revisions\/18971"}],"wp:attachment":[{"href":"https:\/\/lifevery.biz.ua\/index.php?rest_route=%2Fwp%2Fv2%2Fmedia&parent=18970"}],"wp:term":[{"taxonomy":"category","embeddable":true,"href":"https:\/\/lifevery.biz.ua\/index.php?rest_route=%2Fwp%2Fv2%2Fcategories&post=18970"},{"taxonomy":"post_tag","embeddable":true,"href":"https:\/\/lifevery.biz.ua\/index.php?rest_route=%2Fwp%2Fv2%2Ftags&post=18970"}],"curies":[{"name":"wp","href":"https:\/\/api.w.org\/{rel}","templated":true}]}}