{"id":18962,"date":"2026-07-29T05:58:07","date_gmt":"2026-07-29T05:58:07","guid":{"rendered":"https:\/\/lifevery.biz.ua\/?p=18962"},"modified":"2026-07-29T05:58:07","modified_gmt":"2026-07-29T05:58:07","slug":"do-tragedii-doszlo-11-listopada-przed-godz-13-jak-podaje-fakt-na-przejsciu-granicznym-z-niemcami-w-jedrzychowicach-utworzyl-sie-korek","status":"publish","type":"post","link":"https:\/\/lifevery.biz.ua\/?p=18962","title":{"rendered":"Do tragedii dosz\u0142o 11 listopada przed godz. 13.\u00a0Jak podaje \u201cFakt\u201d, na przej\u015bciu granicznym z Niemcami w J\u0119drzychowicach utworzy\u0142 si\u0119 korek."},"content":{"rendered":"\n<p class=\"wp-block-paragraph\">Jeden z kierowc\u00f3w wjecha\u0142 w koniec korka z nadmiern\u0105 pr\u0119dko\u015bci\u0105.<\/p>\n\n\n\n<p class=\"wp-block-paragraph\">Ogromna si\u0142a uderzenia doprowadzi\u0142a do uderzenia w kolejne auto.<\/p>\n\n\n\n<h2 class=\"wp-block-heading\">Tragiczny wypadek na przej\u015bciu granicznym z Niemcami. Zgin\u0105\u0142 Polak<\/h2>\n\n\n\n<p class=\"wp-block-paragraph\">Na miejscu natychmiast zjawi\u0142y si\u0119 s\u0142u\u017cby ratunkowe.<\/p>\n\n\n\n<p class=\"wp-block-paragraph\">\u2014 W zdarzeniu bra\u0142y udzia\u0142 trzy samochody osobowe: tesla, opel oraz toyota. Toyot\u0105 podr\u00f3\u017cowa\u0142 Polak, oplem Polak podw\u00f3jnego obywatelstwa, a tesl\u0105 jecha\u0142y trzy osoby narodowo\u015bci ukrai\u0144skiej. W wyniku tego wypadku zgin\u0119\u0142a jedna osoba, to obywatel Polski, kt\u00f3ry podr\u00f3\u017cowa\u0142 toyot\u0105 \u2014 powiedzia\u0142&nbsp;<a href=\"https:\/\/www.fakt.pl\/\">\u201cFaktowi\u201d<\/a>&nbsp;m\u0142. kpt. Jaros\u0142aw \u015awiat\u0142owski, dy\u017curny stanowiska kierowania Komendanta Wojew\u00f3dzkiego PSP we Wroc\u0142awiu.<\/p>\n\n\n\n<p class=\"wp-block-paragraph\">W wypadku ranne zosta\u0142y dwie osoby, jeden z pasa\u017cer\u00f3w zosta\u0142 przetransportowany \u015bmig\u0142owcem do szpitala.<\/p>\n\n\n\n<p class=\"wp-block-paragraph\">Okoliczno\u015bci wypadku wyja\u015bni niemiecka policja.<\/p>\n","protected":false},"excerpt":{"rendered":"Jeden z kierowc\u00f3w wjecha\u0142 w koniec korka z nadmiern\u0105 pr\u0119dko\u015bci\u0105. Ogromna si\u0142a uderzenia doprowadzi\u0142a do uderzenia w kolejne auto. Tragiczny wypadek na przej\u015bciu \n<a class=\"moretag\" href=\"https:\/\/lifevery.biz.ua\/?p=18962\"> [...]<\/a>","protected":false},"author":1,"featured_media":18963,"comment_status":"open","ping_status":"open","sticky":false,"template":"","format":"standard","meta":{"footnotes":""},"categories":[1],"tags":[],"class_list":["post-18962","post","type-post","status-publish","format-standard","has-post-thumbnail","hentry","category-blog"],"_links":{"self":[{"href":"https:\/\/lifevery.biz.ua\/index.php?rest_route=\/wp\/v2\/posts\/18962","targetHints":{"allow":["GET"]}}],"collection":[{"href":"https:\/\/lifevery.biz.ua\/index.php?rest_route=\/wp\/v2\/posts"}],"about":[{"href":"https:\/\/lifevery.biz.ua\/index.php?rest_route=\/wp\/v2\/types\/post"}],"author":[{"embeddable":true,"href":"https:\/\/lifevery.biz.ua\/index.php?rest_route=\/wp\/v2\/users\/1"}],"replies":[{"embeddable":true,"href":"https:\/\/lifevery.biz.ua\/index.php?rest_route=%2Fwp%2Fv2%2Fcomments&post=18962"}],"version-history":[{"count":1,"href":"https:\/\/lifevery.biz.ua\/index.php?rest_route=\/wp\/v2\/posts\/18962\/revisions"}],"predecessor-version":[{"id":18964,"href":"https:\/\/lifevery.biz.ua\/index.php?rest_route=\/wp\/v2\/posts\/18962\/revisions\/18964"}],"wp:featuredmedia":[{"embeddable":true,"href":"https:\/\/lifevery.biz.ua\/index.php?rest_route=\/wp\/v2\/media\/18963"}],"wp:attachment":[{"href":"https:\/\/lifevery.biz.ua\/index.php?rest_route=%2Fwp%2Fv2%2Fmedia&parent=18962"}],"wp:term":[{"taxonomy":"category","embeddable":true,"href":"https:\/\/lifevery.biz.ua\/index.php?rest_route=%2Fwp%2Fv2%2Fcategories&post=18962"},{"taxonomy":"post_tag","embeddable":true,"href":"https:\/\/lifevery.biz.ua\/index.php?rest_route=%2Fwp%2Fv2%2Ftags&post=18962"}],"curies":[{"name":"wp","href":"https:\/\/api.w.org\/{rel}","templated":true}]}}