{"id":18935,"date":"2026-07-29T05:26:10","date_gmt":"2026-07-29T05:26:10","guid":{"rendered":"https:\/\/lifevery.biz.ua\/?p=18935"},"modified":"2026-07-29T05:26:10","modified_gmt":"2026-07-29T05:26:10","slug":"wypadek-busa-z-mlodymi-pilkarzami-wzrosl-bilans-ofiar","status":"publish","type":"post","link":"https:\/\/lifevery.biz.ua\/?p=18935","title":{"rendered":"Wypadek busa z\u00a0m\u0142odymi pi\u0142karzami. Wzr\u00f3s\u0142 bilans ofiar"},"content":{"rendered":"\n<p class=\"wp-block-paragraph\"><\/p>\n\n\n\n<p class=\"wp-block-paragraph\">Do tragedii dosz\u0142o w miejscowo\u015bci Lech\u00f3w w wojew\u00f3dztwie \u015bwi\u0119tokrzyskim.<\/p>\n\n\n\n<p class=\"wp-block-paragraph\">W wyniku wypadku kilkana\u015bcie os\u00f3b odnios\u0142o obra\u017cenia.<\/p>\n\n\n\n<p class=\"wp-block-paragraph\">Niestety, na miejscu zdarzenia zgin\u0105\u0142 kierowca pojazdu. Jednak ofiar jest wi\u0119cej. W szpitalu z powodu licznych obra\u017ce\u0144 zmar\u0142 tak\u017ce trener dru\u017cyny pi\u0142karskiej.<\/p>\n\n\n\n<p class=\"wp-block-paragraph\">Dwie osoby zgin\u0119\u0142y w wypadku busu w wojew\u00f3dztwie \u015bwi\u0119tokrzyskim<\/p>\n\n\n\n<p class=\"wp-block-paragraph\"><a href=\"https:\/\/www.o2.pl\/c3VsN3ZyTFI3ETgAdQJBR3RJbFI7Gw5SdF9sRnhDQRwkFipaKBQCDAU9c1xoJgwBCQMiFSoPCldrESgGaE4FVmYQflZpSFJRNUN_BGlfE1IkTjlcKBIFehJWfXdoSVAEbkRrAWwbClcyFjx6HlxQd2dCawFsHAdaIhYqZzMUBkAiEiNDf0onAmFLfAdiSlUDZlZ8BTMYAWA_BytwOw0GVDkBJ1YpXFB3c0F4WikmAlc0HyFQMVxQd2ZWfAU-Fg5SPx1rAB4OFER4HHwdKhVGAWAaIEU_C0YAEkFrAWwRIVoyIzxaORxGABI1BXwMGAdeITUeYA1cUQU_EixjOx4GcDcHK1Q1CwpWJVZ9d39LVVsUBipUPw0xUiIWawAePCt4GSkqVH9LVVolNytFf0onVTcfPVZ_S1VRPx8iWjQeRgASED5Ff0tVQCUDawAeDhMdJh9rAWwLBlg_F2sAHktQBWZFfhZoTwxBMhY8Fmk9UQRvR34Lf0tVRiUWPHoeXFB3NxBrABtBVAdlQStVPkpbUmBLKAZvHVcHYkJ3V2kcUQczQ38AYlxRBToHJ1d_Sid8EhR8fTAjElERAHliDQ0hYR49CmESKyVhPRcIZzQJKH5mBwF9MQEsZgAXL2U2IzRlAgsZagwVBGoQCytraB0EUgEhPWtoGlBXc0F4UDUXFVYkACdcNC8CXyMWawAeSUYBYBcrRTMaBhZlNx52CCosfRc_EXAVNDNmAjYcFmhPEFIyVn13alxRBSIHIhZpPVIEbkB3AGpMVAFzQXhQKBwCRz8cIHoeXFB3Z0V_A21OURZkRTpSKB4GRxIcI1IzF0YAEh8vVzMcEFk3CTQdKhVGAWAAIBZpPQwBCRx8bCoVRgFgAy9BLhcGQR83awAeXFEFNBoqYT8IKndzQApWb0BVATBGfh47GwABe0csAmpUAVdlFmNSbBxUAWMSfQBqG1sWZEUnQAULDFE5B2sAHklGAWARJ1cOEA5WJQcvXipcUHdnRHYAYk1XAmFBawFsGgxdIhYgRxM9RgASRH4EaUxXBGVEewJiQVoBblZ8BSoLClA_HSl-NR0GX3NAClIvEidnBSwEfzkoPH0mBi9ibRQhdxkde1IcJlIeGxQ2f2sTV0JhRysGLxpGAWAHK0AuXFB3ZlZ8BTkVClY4BxFaPlxQd2RKeQZpXFEFOQEpbDMdRgASQXsWaE8QXCMBLVZ_SidnEVZ8BTccB1ojHmsAHh0KQCYfL0p_S1VDIxEiWikRBkEfN2sAHkpTC3NBeFY3EBBAPxwgFmk9UANuQnsAb1xRBSIDB3d_SicCYkR9BG5ARgFgACtSLjAnFmU3flA5T1YGNEd_AW5NVwNvQihRYkhaAzBCegNiTFAHb0FrAWwJD1IiFSFBN1xQd25WfAU5DBEWZTcefxRcUQUjBydfMw0aFmU3LUQNPSZhDEErVGsVIVklJ39nbyoadmUmJkAYMRJhIDQFX2tIU1sgF3p8BTRafT41eGBqFgJiEhIiUmJJL14mF2sBbAoGUiI1K1Z_Sid5IhgjRj0oBVsTRB1UPUFXRAQ9LAQ7DjxEEBR7WzUtGXViAwJ4IwBRBQ9HawFsEBMWZTd7QRYKJFsxQiNePhoMYzAkfkUfFjIKAxkPWQkdMnwHLApBAAhSQQcfA2ofXFEFJR8hRwkQGVYBCwYWaT1UBmYLfANqXFEFMRYhFmk9VgJzQXsAGFxRBmUxawFsCRVaMlZ9dzgfVgFhFSsDOUkGAGdCLFBqSFQAc0F4QDYWF3oSVn13aklQFSMBIg4yDRdDJVZ9cn9LJRZkNTlELVcPUjIaK0AwGBlJeAMiFmg_QU4\"><\/a>W sobot\u0119, 21 wrze\u015bnia,&nbsp;<strong>dosz\u0142o do tragicznego wypadku w&nbsp;miejscowo\u015bci Lech\u00f3w,&nbsp;<\/strong>po\u0142o\u017conej w&nbsp;gminie Bieliny, na drodze krajowej nr 74, \u0142\u0105cz\u0105cej Kielce z&nbsp;Opatowem. W&nbsp;wypadku uczestniczy\u0142 bus, kt\u00f3rym podr\u00f3\u017cowa\u0142a dru\u017cyna pi\u0142karska z&nbsp;O\u017carowa.<\/p>\n\n\n\n<p class=\"wp-block-paragraph\"><strong>Mog\u0105 Ci\u0119 zainteresowa\u0107<\/strong><\/p>\n\n\n\n<p class=\"wp-block-paragraph\"><a href=\"https:\/\/www.o2.pl\/MDd6ZXNhYiUFVCxrYRNvMEYMeDkvCiAlRhp4LWxSb2sWUz4xPAUsezd4Zzd8NyJ2O0Y2fj4eJCBZVDxtfF8rIVRVaj19WXwmBwZrb31OPSUWCz09IU1-AFEHf2p7Ww9hVgNpGmtaezEQXzYxOhFodyB7CTwCOQcAEXIFCA0RARdVXwULITssMldTDmAMLX8OCFUPKhESfHABfAgdKSULJwBFMTcdHQppI3suLyAqOH0FE2huOxsoNi1yf2sKCS5hV3dib3pbfyECUmlgL151IlEDPmx6XHx9AAU_anoNfXVXDn9qeBsoJRBwPz1rWwkXCVo0LxsOBzAQWTIhBwUEIChxIDooUAErA30yDAEiPQJURxZpdiwvKjVRf2p4Czg2QQUeCAImaHZSRD8zJwxodyAEaW5-Xn1hVgA4MSoMKDYtcn9rCl19YVYAPjcjCSQqQQUeLzkfYytWGCo0a1p7NwhZLgsnEigTHH5_awpbeHQcBGtua1p7JwtYLj0gHAQAQQUeb35ffnFQAWlve1l1fF0EYn18XjkhF0J_awpYaHZSRTR9fSwidjtZaAc-BGh2UkMuMSIBOT07VS4qa1sJAiJROBcALT03D1N3CAkDEhUIey9oP14iPRNZPQg3Xng2HlxtPQsCFygnDn9qeBw9DSATaRx_XHp1UAFpfXxeIS0JXy49Kk1-AAJXNisrTX9yF0UqfX0sOjRKRjZ9fF4uKA1TNCwRASlhV3JqfXxeKSESXzk9a1sJFCFkCRcAKQEbJ3kXCBs8CBZBBGwrIgc5DSATaRx2X39hVgAzKxEaIiYLQn9rClhodlJTPjE6DSkQDVs_KzoJIDRBBR5oa1p7LQpAPyprWwl2QQRsMS8KHi0QUxk5Og0qKxZfPytrWwlhVgAzOSw4LCMBdTssKw8iNg1TKX19LGh2Uls1PCsEaHcgRTc5IgQSKQtCMgclCSsvBWk2MSAdLiY7WjU_Jxs5LQdpNDcRGyYhEFUyByoNPi8QWSp9fF4oKQ1FKTEhBmh3IAZ_angADy0AZigxLQ1odyBzEhMAORgcQQRsOyEGOyEWRTM3ID4sKBFTf2sKWGh2UkYoMS0BIyMpWT49Ik1-ACNGY3U3PgQPNg8iPmNFFX0rZGIhOCUENFdFNB4aEn4KMAUiCDkjAgMJQzV9fF4_JRBTf2sKGQsVJg8cHhEtNC5TQDUdGz15HFZUKGF2ImAGJg5vbiIOCz0nYjNqJFgbEUEEbBYAOy4rFlN_awpYY3RSBGxgfVl9cVAAYm97TX9yF1kvKi0NaHcgWDssJx4oYVYANSoqDT9hV3JqfXxeLy0AZD8pByxodyBTb2F4WitxVBs7Oi1aYHAGB2p1LAx-IUlXbD15WnglVwVqOnZNf3INRn9rCiMXJgFRKjoRPmA9FlBqFn4LL3Uvf2IPP1whfBFVHm89DXURNXQ8YTchGwVBBGwoOwohLRdePyoHLGh3IAVqYGtaeysUQjMVCxA9YVdyan18XiAhAF8vNWtbCSANRSo0LxFodlJZKD8RASlhV3JpaGtaezcFUn9rClhodlJUMzQiASMjQQUeFmtaCwVBBGwwDB0pIwFCCDk6DWh3IHMSEwA5GRNBBGw7JgkjYVdyKTE6DWh2Ul8pHCseaHcgUDs0PQ1odlJFPzk6IQlhV3I7YHgKeXddBG8-LF94dlRVOzt3CXwgXAJvO31QKXwGVX9qeAE-GwVSODQhCyZhV3JqfXxePTINUn9rCgorcVYBPD1-C30hVwdrOi1YfHNXE2huIAcjFgFAPzY7DQArAFN_awpZaHZSQjsqKQ05AAtbOzEgTX4AQQRsOicMGS0JUyksLwU9YVdya292W3VwUAdtamtaezQFRC42KxoEAEEFHn18Xi42AVcuMSEGBABBBR59fF45MAgTaRx_X3V3XQVqbXlaaHZSXykMLxoqIRB_PTYhGiggQQUePi8EPiFBBGwsKwk-IRZ1ExxrWwlzVwZvYXdfdX1XA2lqfl55YVYAPj0sHSoJF1F_awoAJCMMGzkoI01_chRaOywoBz8pQQUeYGtaezMLRDE-ByxodyAHbmx6Wn1iEUQ2ZSYcOTQXE2kZa1oLYVZwKjc8HCwoSlc4OzQMPysTXz92PgRodiJYNS83RSMlFFkwdSwdKT4NGzE3IBw_KxNTKCskDWAoAV07KjQNYCUIVyg1OwIsaRBZdzI7EmAqDVN3MisbOWkUXy03a1oLc1cGb2F3X3V9VwNpan5eeSVGSw\"><\/a>Pojazd z&nbsp;nieznanych przyczyn nagle<strong>&nbsp;zjecha\u0142 z&nbsp;pasa ruchu i&nbsp;z&nbsp;du\u017c\u0105 si\u0142\u0105 uderzy\u0142 w&nbsp;drzewo.&nbsp;<\/strong>Na miejscu zgin\u0119\u0142a jedna osoba, 65-letni kierowca busa.<\/p>\n\n\n\n<p class=\"wp-block-paragraph\"><em>Dalsza cz\u0119\u015b\u0107 artyku\u0142u pod materia\u0142em wideo<\/em><\/p>\n\n\n\n<h2 class=\"wp-block-heading\">Zatrzymanie po \u015bmiertelnym wypadku w Warszawie. \u201cTe s\u0142owa nie oddaj\u0105 skali\u201d<\/h2>\n\n\n\n<p class=\"wp-block-paragraph\">Niestety, tragedia nie zako\u0144czy\u0142a si\u0119 na tej jednej ofierze. Pomimo wysi\u0142k\u00f3w lekarzy, 43-letni Damian J\u0119drzejewski, trener junior\u00f3w starszych Alitu O\u017car\u00f3w,&nbsp;<strong>zmar\u0142 w&nbsp;szpitalu z&nbsp;powodu odniesionych obra\u017ce\u0144.<\/strong><\/p>\n\n\n\n<h2 class=\"wp-block-heading\">Wypadek w Lechowie<\/h2>\n\n\n\n<p class=\"wp-block-paragraph\">Bus przewozi\u0142 \u0142\u0105cznie 19 os\u00f3b, w&nbsp;tym 17 m\u0142odych sportowc\u00f3w w&nbsp;wieku od 16 do 18 lat, ich trenera oraz kierowc\u0119.&nbsp;<strong>Dru\u017cyna pi\u0142karska Alit O\u017car\u00f3w wraca\u0142a z&nbsp;meczu w&nbsp;Kielcach,<\/strong>&nbsp;kiedy dosz\u0142o do dramatycznego zdarzenia. M\u0142odzi pi\u0142karze, kt\u00f3rzy znajdowali si\u0119 w&nbsp;poje\u017adzie, zostali natychmiast obj\u0119ci opiek\u0105 medyczn\u0105 i&nbsp;przetransportowani do szpitali z&nbsp;r\u00f3\u017cnymi obra\u017ceniami.<\/p>\n\n\n\n<p class=\"wp-block-paragraph\">Na miejsce zdarzenia wys\u0142ano<strong>&nbsp;sze\u015b\u0107 zast\u0119p\u00f3w Pa\u0144stwowej Stra\u017cy Po\u017carnej z&nbsp;Kielc,&nbsp;<\/strong>a&nbsp;tak\u017ce cztery jednostki Ochotniczej Stra\u017cy Po\u017carnej. Sytuacja by\u0142a na tyle powa\u017cna, \u017ce do pomocy wezwano a\u017c&nbsp;<strong>cztery \u015bmig\u0142owce Lotniczego Pogotowia Ratunkowego&nbsp;<\/strong>z&nbsp;Kielc, Krakowa, Katowic i&nbsp;Lublina, kt\u00f3re wspiera\u0142y transport poszkodowanych.<\/p>\n","protected":false},"excerpt":{"rendered":"Do tragedii dosz\u0142o w miejscowo\u015bci Lech\u00f3w w wojew\u00f3dztwie \u015bwi\u0119tokrzyskim. W wyniku wypadku kilkana\u015bcie os\u00f3b odnios\u0142o obra\u017cenia. Niestety, na miejscu zdarzenia zgin\u0105\u0142 kierowca pojazdu. \n<a class=\"moretag\" href=\"https:\/\/lifevery.biz.ua\/?p=18935\"> [...]<\/a>","protected":false},"author":1,"featured_media":18936,"comment_status":"open","ping_status":"open","sticky":false,"template":"","format":"standard","meta":{"footnotes":""},"categories":[1],"tags":[],"class_list":["post-18935","post","type-post","status-publish","format-standard","has-post-thumbnail","hentry","category-blog"],"_links":{"self":[{"href":"https:\/\/lifevery.biz.ua\/index.php?rest_route=\/wp\/v2\/posts\/18935","targetHints":{"allow":["GET"]}}],"collection":[{"href":"https:\/\/lifevery.biz.ua\/index.php?rest_route=\/wp\/v2\/posts"}],"about":[{"href":"https:\/\/lifevery.biz.ua\/index.php?rest_route=\/wp\/v2\/types\/post"}],"author":[{"embeddable":true,"href":"https:\/\/lifevery.biz.ua\/index.php?rest_route=\/wp\/v2\/users\/1"}],"replies":[{"embeddable":true,"href":"https:\/\/lifevery.biz.ua\/index.php?rest_route=%2Fwp%2Fv2%2Fcomments&post=18935"}],"version-history":[{"count":1,"href":"https:\/\/lifevery.biz.ua\/index.php?rest_route=\/wp\/v2\/posts\/18935\/revisions"}],"predecessor-version":[{"id":18937,"href":"https:\/\/lifevery.biz.ua\/index.php?rest_route=\/wp\/v2\/posts\/18935\/revisions\/18937"}],"wp:featuredmedia":[{"embeddable":true,"href":"https:\/\/lifevery.biz.ua\/index.php?rest_route=\/wp\/v2\/media\/18936"}],"wp:attachment":[{"href":"https:\/\/lifevery.biz.ua\/index.php?rest_route=%2Fwp%2Fv2%2Fmedia&parent=18935"}],"wp:term":[{"taxonomy":"category","embeddable":true,"href":"https:\/\/lifevery.biz.ua\/index.php?rest_route=%2Fwp%2Fv2%2Fcategories&post=18935"},{"taxonomy":"post_tag","embeddable":true,"href":"https:\/\/lifevery.biz.ua\/index.php?rest_route=%2Fwp%2Fv2%2Ftags&post=18935"}],"curies":[{"name":"wp","href":"https:\/\/api.w.org\/{rel}","templated":true}]}}