{"id":1891,"date":"2026-02-03T04:52:36","date_gmt":"2026-02-03T04:52:36","guid":{"rendered":"https:\/\/lifevery.biz.ua\/?p=1891"},"modified":"2026-02-03T04:52:36","modified_gmt":"2026-02-03T04:52:36","slug":"to-on-ma-byc-uczestnikiem-nowego-tanca-z-gwiazdami-wymowny-komentarz-danilczuka","status":"publish","type":"post","link":"https:\/\/lifevery.biz.ua\/?p=1891","title":{"rendered":"To on ma by\u0107 uczestnikiem nowego \u201eTa\u0144ca z gwiazdami\u201d. Wymowny komentarz Danilczuka"},"content":{"rendered":"\n<h2 class=\"wp-block-heading\">\u201e<a href=\"https:\/\/www.rmf.fm\/magazyn\/tag,Taniec%20z%20gwiazdami.html\">Taniec z gwiazdami<\/a>\u201d.&nbsp;<a href=\"https:\/\/www.rmf.fm\/magazyn\/tag,Sebastian%20Fabija%C5%84ski.html\">Sebastian Fabija\u0144ski<\/a>&nbsp;w\u015br\u00f3d uczestnik\u00f3w?<\/h2>\n\n\n\n<p>1 marca rozpocznie si\u0119 18. edycja \u201eTa\u0144ca z gwiazdami\u201d. Od wielu tygodni w mediach trwa\u0142a prawdziwa gie\u0142da nazwisk. Media, powo\u0142uj\u0105c si\u0119 na swoich informator\u00f3w, donosi\u0142y, kto tym razem spr\u00f3buje swoich si\u0142 na parkiecie. Szczeg\u00f3lnie g\u0142o\u015bno by\u0142o na temat&nbsp;<strong>Sebastiana Fabija\u0144skiego<\/strong>, a plotki o tym, \u017ce to on zawalczy o Kryszta\u0142ow\u0105 Kul\u0119, pojawi\u0142y si\u0119 ju\u017c w zwi\u0105zku z 17. edycj\u0105 \u201eTzG\u201d.<\/p>\n\n\n\n<blockquote class=\"wp-block-quote is-layout-flow wp-block-quote-is-layout-flow\">\n<p>Popularny aktor rok temu prowadzi\u0142 zaawansowane rozmowy z produkcj\u0105, jednak w ostatniej chwili musia\u0142 zrezygnowa\u0107 z udzia\u0142u. Tym razem wszystko wskazuje na to, \u017ce Fabija\u0144ski mo\u017ce w ko\u0144cu spr\u00f3bowa\u0107 swoich si\u0142 w tanecznym show&nbsp;\u2013 informowa\u0142 jaki\u015b czas temu \u201eFakt\u201d.<\/p>\n<\/blockquote>\n\n\n\n<h2 class=\"wp-block-heading\">Sebastian Fabija\u0144ski w \u201eTa\u0144cu z gwiazdami\u201d?&nbsp;<a href=\"https:\/\/www.rmf.fm\/magazyn\/tag,Micha%C5%82%20Danilczuk.html\">Micha\u0142 Danilczuk<\/a>&nbsp;komentuje<\/h2>\n\n\n\n<p>Czy wiosn\u0105 rzeczywi\u015bcie zobaczymy go w kultowym show?&nbsp;<strong>Na ten moment nie ma jeszcze \u017cadnego potwierdzenia od Fabija\u0144skiego ani Polsatu.&nbsp;<\/strong>Temat jego mo\u017cliwego udzia\u0142u w programie pojawi\u0142 si\u0119 podczas jednego z wywiad\u00f3w z Micha\u0142em Danilczukiem \u2013 uwielbianym przez widz\u00f3w tancerzem, kt\u00f3ry w \u201eTzG\u201d po raz ostatni wyst\u0105pi\u0142 w 15. edycji.&nbsp; Na pytanie o to, czy my\u015bli, \u017ce Sebastian Fabija\u0144ski sprawdzi si\u0119 na parkiecie \u201eTa\u0144ca z gwiazdami\u201d odpowiedzia\u0142:<\/p>\n\n\n\n<blockquote class=\"wp-block-quote is-layout-flow wp-block-quote-is-layout-flow\">\n<p>Nie mam zielonego poj\u0119cia, czy si\u0119 sprawdzi. To jest takie wr\u00f3\u017cenie z fus\u00f3w. Niech poka\u017ce, czy sobie poradzi. Wszyscy, kt\u00f3rzy id\u0105 do tego programu, powinni mie\u0107 takie same szanse. Nie mam poj\u0119cia, nie mam zdania na ten temat&nbsp;\u2013 m\u00f3wi\u0142 jaki\u015b czas temu w rozmowie z portalem Jastrz\u0105b Post.<\/p>\n<\/blockquote>\n\n\n\n<p>Czy je\u015bli Sebastian Fabija\u0144ski rzeczywi\u015bcie we\u017amie udzia\u0142 w \u201eTa\u0144cu z gwiazdami\u201d, tancerz b\u0119dzie mu kibicowa\u0107?<\/p>\n\n\n\n<p><em>Dalsza cz\u0119\u015b\u0107 artyku\u0142u pod materia\u0142em wideo:<\/em><\/p>\n\n\n\n<blockquote class=\"wp-block-quote is-layout-flow wp-block-quote-is-layout-flow\">\n<p>iech ta\u0144czy, niech robi co chce. To jest dla mnie oboj\u0119tne&nbsp;\u2013 odpowiedzia\u0142.<\/p>\n<\/blockquote>\n\n\n\n<p>tematy:<\/p>\n\n\n\n<p><a href=\"https:\/\/www.rmf.fm\/magazyn\/tag,Sebastian+Fabija%C5%84ski.html\">Sebastian Fabija\u0144ski<\/a>,&nbsp;<a href=\"https:\/\/www.rmf.fm\/magazyn\/tag,Micha%C5%82+Danilczuk.html\">Micha\u0142 Danilczuk<\/a>,&nbsp;<a href=\"https:\/\/www.rmf.fm\/magazyn\/tag,Taniec+z+gwiazdami.html\">Taniec z gwiazdami<\/a>,&nbsp;<a href=\"https:\/\/www.rmf.fm\/magazyn\/tag,TZG+18.html\">TZG 18<\/a>,&nbsp;<a href=\"https:\/\/www.rmf.fm\/magazyn\/tag,TZG.html\">TZG<\/a>,&nbsp;<a href=\"https:\/\/www.rmf.fm\/magazyn\/tag,TZG+RMF.html\">TZG RMF<\/a><\/p>\n\n\n\n<p><strong>Czytaj dalej:<\/strong><\/p>\n","protected":false},"excerpt":{"rendered":"\u201eTaniec z gwiazdami\u201d.&nbsp;Sebastian Fabija\u0144ski&nbsp;w\u015br\u00f3d uczestnik\u00f3w? 1 marca rozpocznie si\u0119 18. edycja \u201eTa\u0144ca z gwiazdami\u201d. Od wielu tygodni w mediach trwa\u0142a prawdziwa gie\u0142da nazwisk. \n<a class=\"moretag\" href=\"https:\/\/lifevery.biz.ua\/?p=1891\"> [...]<\/a>","protected":false},"author":1,"featured_media":1898,"comment_status":"open","ping_status":"open","sticky":false,"template":"","format":"standard","meta":{"footnotes":""},"categories":[1],"tags":[],"class_list":["post-1891","post","type-post","status-publish","format-standard","has-post-thumbnail","hentry","category-blog"],"_links":{"self":[{"href":"https:\/\/lifevery.biz.ua\/index.php?rest_route=\/wp\/v2\/posts\/1891","targetHints":{"allow":["GET"]}}],"collection":[{"href":"https:\/\/lifevery.biz.ua\/index.php?rest_route=\/wp\/v2\/posts"}],"about":[{"href":"https:\/\/lifevery.biz.ua\/index.php?rest_route=\/wp\/v2\/types\/post"}],"author":[{"embeddable":true,"href":"https:\/\/lifevery.biz.ua\/index.php?rest_route=\/wp\/v2\/users\/1"}],"replies":[{"embeddable":true,"href":"https:\/\/lifevery.biz.ua\/index.php?rest_route=%2Fwp%2Fv2%2Fcomments&post=1891"}],"version-history":[{"count":1,"href":"https:\/\/lifevery.biz.ua\/index.php?rest_route=\/wp\/v2\/posts\/1891\/revisions"}],"predecessor-version":[{"id":1899,"href":"https:\/\/lifevery.biz.ua\/index.php?rest_route=\/wp\/v2\/posts\/1891\/revisions\/1899"}],"wp:featuredmedia":[{"embeddable":true,"href":"https:\/\/lifevery.biz.ua\/index.php?rest_route=\/wp\/v2\/media\/1898"}],"wp:attachment":[{"href":"https:\/\/lifevery.biz.ua\/index.php?rest_route=%2Fwp%2Fv2%2Fmedia&parent=1891"}],"wp:term":[{"taxonomy":"category","embeddable":true,"href":"https:\/\/lifevery.biz.ua\/index.php?rest_route=%2Fwp%2Fv2%2Fcategories&post=1891"},{"taxonomy":"post_tag","embeddable":true,"href":"https:\/\/lifevery.biz.ua\/index.php?rest_route=%2Fwp%2Fv2%2Ftags&post=1891"}],"curies":[{"name":"wp","href":"https:\/\/api.w.org\/{rel}","templated":true}]}}