{"id":1853,"date":"2026-02-02T11:29:19","date_gmt":"2026-02-02T11:29:19","guid":{"rendered":"https:\/\/lifevery.biz.ua\/?p=1853"},"modified":"2026-02-02T11:29:19","modified_gmt":"2026-02-02T11:29:19","slug":"mateusz-damiecki-uczcil-urodziny-ojca-wizyta-na-jego-grobie-badz-tam-zdrowy-tato","status":"publish","type":"post","link":"https:\/\/lifevery.biz.ua\/?p=1853","title":{"rendered":"Mateusz Dami\u0119cki uczci\u0142 urodziny ojca wizyt\u0105 na jego grobie: \u201eB\u0105d\u017a tam zdrowy, tato\u201d"},"content":{"rendered":"\n<p>Mateusz Dami\u0119cki w ostatnich dniach postanowi\u0142 uczci\u0107 pami\u0119\u0107 swojego ojca, Macieja Dami\u0119ckiego, odwiedzaj\u0105c jego gr\u00f3b w dniu jego urodzin. Aktor podzieli\u0142 si\u0119 tym poruszaj\u0105cym momentem za po\u015brednictwem medi\u00f3w spo\u0142eczno\u015bciowych, zamieszczaj\u0105c zdj\u0119cie z kr\u00f3tkim, pe\u0142nym emocji komentarzem: \u201eB\u0105d\u017a tam zdrowy, tato. W twoje urodziny jak zwykle mr\u00f3z\u201d. Ten prosty wpis wzbudzi\u0142 poruszenie w\u015br\u00f3d fan\u00f3w, kt\u00f3rzy natychmiast wyrazili wsparcie i wsp\u00f3\u0142czucie dla Mateusza, podkre\u015blaj\u0105c, jak wa\u017cne jest piel\u0119gnowanie pami\u0119ci bliskich.<\/p>\n\n\n<div class=\"wp-block-image\">\n<figure class=\"aligncenter\"><img decoding=\"async\" src=\"https:\/\/v.wpimg.pl\/YjJlZWNkdgsrDixkYRB7HmhWeD4nSXVIP05gdWEIdl18XyJgeF12DCMAPyUrGzZELR4vJy8cKUQ6AHU2PgJ2HHtDPj49GzULM0M_OiwOPUVzCDwzeAltU2cOa25-Rm0MLAl3bndea0d8VGxgeAlrDy8PPjNsFg\" alt=\"Gr\u00f3b Macieja Dami\u0119ckiego\"\/><\/figure>\n<\/div>\n\n\n<p>Mateusz Dami\u0119cki od dawna dzieli si\u0119 ze swoimi obserwatorami wra\u017cliwymi momentami zwi\u0105zanymi z pami\u0119ci\u0105 o ojcu. Maciej Dami\u0119cki, wybitny aktor teatralny i filmowy, zmar\u0142 w listopadzie 2023 roku, pozostawiaj\u0105c po sobie nie tylko dorobek artystyczny, ale przede wszystkim silny wp\u0142yw na \u017cycie swoich dzieci. Gr\u00f3b Macieja znajduje si\u0119 obok nagrobk\u00f3w dziadk\u00f3w Mateusza, r\u00f3wnie\u017c zwi\u0105zanych z teatrem, co symbolicznie podkre\u015bla ci\u0105g\u0142o\u015b\u0107 rodzinnej tradycji artystycznej.<\/p>\n\n\n\n<p>W przesz\u0142o\u015bci Mateusz wielokrotnie informowa\u0142 o swoich wizytach na cmentarzu. Ostatnio towarzyszy\u0142a mu w\u00f3wczas \u017cona, Paulina Andrzejewska, oraz ich dwaj synowie, Franciszek i Ignacy. Starszy z ch\u0142opc\u00f3w, Franciszek, przy tej okazji anga\u017cowa\u0142 si\u0119 w kwestowanie na rzecz ratowania zabytkowych nagrobk\u00f3w, co pokazuje, \u017ce pami\u0119\u0107 o przesz\u0142o\u015bci i szacunek do rodziny s\u0105 dla Dami\u0119ckich niezwykle istotne. To rodzinne podej\u015bcie, w kt\u00f3rym bliscy wsp\u00f3lnie dbaj\u0105 o pami\u0119\u0107 o przodkach, wydaje si\u0119 by\u0107 mocnym filarem \u017cycia Mateusza.<\/p>\n\n\n\n<p>Maciej Dami\u0119cki by\u0142 wspominany przez rodzin\u0119 i bliskich przy r\u00f3\u017cnych okazjach \u2013 zar\u00f3wno podczas premier filmowych, jak i na Festiwalu Polskich Film\u00f3w Fabularnych w Gdyni, gdzie po\u015bmiertnie otrzyma\u0142 nagrod\u0119, podkre\u015blaj\u0105c\u0105 jego wk\u0142ad w polsk\u0105 sztuk\u0119 teatraln\u0105 i filmow\u0105. Mateusz wraz z siostr\u0105, Matyld\u0105, wielokrotnie podkre\u015blali w wywiadach, jak wa\u017cne by\u0142y dla nich relacje z ojcem. Cho\u0107 przyznawali, \u017ce Maciej nie by\u0142 osob\u0105 \u0142atwo okazuj\u0105c\u0105 uczucia, to jednak wspomnienia z nim zwi\u0105zane pozostawa\u0142y silne i trwa\u0142e.<\/p>\n\n\n\n<p>W rozmowie z Kub\u0105 Wojew\u00f3dzkim i Piotrem K\u0119dzierskim Mateusz wspomina\u0142 swoje dzieci\u0144stwo i relacj\u0119 z ojcem: \u201ePami\u0119tam, jak je\u017adzi\u0142em z nim na cha\u0142tury, jak siedzia\u0142em w teatrze. Pami\u0119tam r\u00f3\u017cnie tat\u0119\u2026 Mama by\u0142a osob\u0105 du\u017co bardziej trzymaj\u0105c\u0105 to w ryzach, dbaj\u0105c\u0105 o to i m\u00f3wi\u0105c\u0105 \u2018kocham ci\u0119\u2019 oraz przytulaj\u0105c\u0105\u201d. Te s\u0142owa doskonale oddaj\u0105 z\u0142o\u017cono\u015b\u0107 rodzinnych wi\u0119zi w domu Dami\u0119ckich \u2013 mi\u0142o\u015b\u0107, szacunek i pewien dystans, kt\u00f3re jednocze\u015bnie kszta\u0142towa\u0142y m\u0142ode pokolenie.<\/p>\n\n\n\n<figure class=\"wp-block-image\"><img decoding=\"async\" src=\"https:\/\/v.wpimg.pl\/MWEwNzJkYjYkFThJZRBvI2dNbBMjSWF1MFV0WGUIYmRyRnwCf157b2oRJxYvGSgnKlkpCD8bLCA1WT4WZQo9PmoBf1UuAj4nKRY3VS8GLzIhWHkcLgopMSdCY0J6CHt6cUEoTmcKdG8mWi1MeFosZ3JFKh99D28q\" alt=\"Mateusz Dami\u0119cki\"\/><\/figure>\n\n\n\n<p>Dla Mateusza wizyta na grobie ojca w dniu jego urodzin by\u0142a nie tylko gestem pami\u0119ci, ale te\u017c sposobem na refleksj\u0119 nad w\u0142asnym \u017cyciem i dorobkiem rodzinnym. W ten dzie\u0144 aktor pokaza\u0142 \u015bwiatu swoj\u0105 wra\u017cliwo\u015b\u0107 i wi\u0119\u017a z przesz\u0142o\u015bci\u0105, kt\u00f3re s\u0105 dla niego niezwykle istotne. W mediach spo\u0142eczno\u015bciowych podkre\u015bli\u0142 nie tylko swoj\u0105 mi\u0142o\u015b\u0107 do ojca, ale r\u00f3wnie\u017c wspomnia\u0142 o trudnych warunkach pogodowych \u2013 jakby mr\u00f3z towarzysz\u0105cy w tym dniu symbolicznie oddawa\u0142 ci\u0119\u017car emocji i t\u0119sknoty.<\/p>\n\n\n\n<p>Reakcje fan\u00f3w by\u0142y natychmiastowe. Internauci, poruszeni gestem aktora, przesy\u0142ali s\u0142owa wsp\u00f3\u0142czucia, podkre\u015blaj\u0105c, jak wa\u017cne jest piel\u0119gnowanie pami\u0119ci o zmar\u0142ych bliskich i jak wzruszaj\u0105ce s\u0105 takie chwile. \u201eJeste\u015bmy z Tob\u0105, Mateuszu\u201d, \u201eSi\u0142y i spokoju w tym trudnym dniu\u201d, \u201ePi\u0119kny gest pami\u0119ci o ojcu\u201d \u2013 to tylko niekt\u00f3re z komentarzy, kt\u00f3re pojawi\u0142y si\u0119 pod wpisem Dami\u0119ckiego.<\/p>\n\n\n<div class=\"wp-block-image\">\n<figure class=\"aligncenter\"><img decoding=\"async\" src=\"https:\/\/v.wpimg.pl\/MjhiMTYyYgsJCztndgJvHkpTbz0wW2FIHUt3dnYaYlxYWX0sbUl9WkcPJDg8CygaB0cqJiwJLB0YRz04dhg9A0cffHs9ED4aBAg0ezwULw8MRi5kbEF0CApdYDI8HS5HXA0pbHRAeVhaRC9jOEt1CFlffzA8G28X\" alt=\"Dami\u0119cki Mateusz, Dami\u0119cki Maciej\"\/><\/figure>\n<\/div>\n\n\n<p>Wizyta Mateusza na grobie ojca pokazuje, \u017ce pami\u0119\u0107 o bliskich nie ga\u015bnie nawet po ich odej\u015bciu. W dniu, w kt\u00f3rym Maciej Dami\u0119cki sko\u0144czy\u0142by 82 lata, jego syn w wyj\u0105tkowy spos\u00f3b uczci\u0142 jego \u017cycie i dorobek, pozostawiaj\u0105c symboliczny \u015blad w mediach spo\u0142eczno\u015bciowych, kt\u00f3ry \u0142\u0105czy wspomnienia rodzinne z emocjami fan\u00f3w.<\/p>\n\n\n\n<p>To przypomnienie, \u017ce za ka\u017cdym publicznym sukcesem Mateusza stoi tak\u017ce historia jego rodziny, relacje z ojcem i si\u0142a wi\u0119zi, kt\u00f3re kszta\u0142towa\u0142y jego \u017cycie. Cho\u0107 Maciej Dami\u0119cki ju\u017c nie ma w\u015br\u00f3d nas, jego obecno\u015b\u0107 w pami\u0119ci dzieci i fan\u00f3w pozostaje \u017cywa, a odwiedziny syna w dniu urodzin tylko potwierdzaj\u0105, jak wa\u017cne s\u0105 te wi\u0119zi, nawet je\u015bli czasami nie\u0142atwe w okazywaniu uczu\u0107.<\/p>\n\n\n<div class=\"wp-block-image\">\n<figure class=\"aligncenter\"><img decoding=\"async\" src=\"https:\/\/v.wpimg.pl\/YWM1NDkydjYsUzh3RAJ7I28LbC0CW3V1OBN0ZkQadmF9AX48X0lpZ2JXJygOCzwnIh8pNh4JOCA9Hz4oRBgpPmJHf2sPEConIVA3aw4UOzIpHixwWBxvZixSYyZZTGt6eQQvIEZBYDF5HHdwUxg6YnkIfHMNSHsq\" alt=\"Dami\u0119cki Mateusz, Dami\u0119cki Maciej\"\/><\/figure>\n<\/div>","protected":false},"excerpt":{"rendered":"Mateusz Dami\u0119cki w ostatnich dniach postanowi\u0142 uczci\u0107 pami\u0119\u0107 swojego ojca, Macieja Dami\u0119ckiego, odwiedzaj\u0105c jego gr\u00f3b w dniu jego urodzin. Aktor podzieli\u0142 si\u0119 tym \n<a class=\"moretag\" href=\"https:\/\/lifevery.biz.ua\/?p=1853\"> [...]<\/a>","protected":false},"author":1,"featured_media":1854,"comment_status":"open","ping_status":"open","sticky":false,"template":"","format":"standard","meta":{"footnotes":""},"categories":[1],"tags":[],"class_list":["post-1853","post","type-post","status-publish","format-standard","has-post-thumbnail","hentry","category-blog"],"_links":{"self":[{"href":"https:\/\/lifevery.biz.ua\/index.php?rest_route=\/wp\/v2\/posts\/1853","targetHints":{"allow":["GET"]}}],"collection":[{"href":"https:\/\/lifevery.biz.ua\/index.php?rest_route=\/wp\/v2\/posts"}],"about":[{"href":"https:\/\/lifevery.biz.ua\/index.php?rest_route=\/wp\/v2\/types\/post"}],"author":[{"embeddable":true,"href":"https:\/\/lifevery.biz.ua\/index.php?rest_route=\/wp\/v2\/users\/1"}],"replies":[{"embeddable":true,"href":"https:\/\/lifevery.biz.ua\/index.php?rest_route=%2Fwp%2Fv2%2Fcomments&post=1853"}],"version-history":[{"count":1,"href":"https:\/\/lifevery.biz.ua\/index.php?rest_route=\/wp\/v2\/posts\/1853\/revisions"}],"predecessor-version":[{"id":1855,"href":"https:\/\/lifevery.biz.ua\/index.php?rest_route=\/wp\/v2\/posts\/1853\/revisions\/1855"}],"wp:featuredmedia":[{"embeddable":true,"href":"https:\/\/lifevery.biz.ua\/index.php?rest_route=\/wp\/v2\/media\/1854"}],"wp:attachment":[{"href":"https:\/\/lifevery.biz.ua\/index.php?rest_route=%2Fwp%2Fv2%2Fmedia&parent=1853"}],"wp:term":[{"taxonomy":"category","embeddable":true,"href":"https:\/\/lifevery.biz.ua\/index.php?rest_route=%2Fwp%2Fv2%2Fcategories&post=1853"},{"taxonomy":"post_tag","embeddable":true,"href":"https:\/\/lifevery.biz.ua\/index.php?rest_route=%2Fwp%2Fv2%2Ftags&post=1853"}],"curies":[{"name":"wp","href":"https:\/\/api.w.org\/{rel}","templated":true}]}}