{"id":1826,"date":"2026-02-02T05:40:50","date_gmt":"2026-02-02T05:40:50","guid":{"rendered":"https:\/\/lifevery.biz.ua\/?p=1826"},"modified":"2026-02-02T05:40:50","modified_gmt":"2026-02-02T05:40:50","slug":"maffashion-nie-chce-miec-wiecej-dzieci-juz-nigdy-nie-chcialabym-byc-polaczona-dzieckiem-z-zadnym-mezczyzna","status":"publish","type":"post","link":"https:\/\/lifevery.biz.ua\/?p=1826","title":{"rendered":"Maffashion nie chce mie\u0107 wi\u0119cej dzieci: &#8220;Ju\u017c nigdy nie chcia\u0142abym by\u0107 PO\u0141\u0104CZONA DZIECKIEM Z \u017bADNYM M\u0118\u017bCZYZN\u0104&#8221;"},"content":{"rendered":"\n<p><strong>affashion<\/strong>, czyli&nbsp;<strong>Julia Kuczy\u0144ska<\/strong>, zdoby\u0142a popularno\u015b\u0107 jako jedna z&nbsp;pierwszych du\u017cych polskich szafiarek. Startowa\u0142a od modowego bloga, a&nbsp;dzi\u015b ma 1,4 mln obserwuj\u0105cych na Instagramie i&nbsp;wsp\u00f3\u0142prace z&nbsp;najwi\u0119kszymi markami. Influencerka w&nbsp;zesz\u0142ym roku by\u0142a jedn\u0105 z&nbsp;uczestniczek &#8220;Ta\u0144ca z&nbsp;Gwiazdami&#8221; i&nbsp;wsp\u00f3lnie z&nbsp;<strong>Micha\u0142em Danilczukiem<\/strong>&nbsp;zaj\u0119li trzecie miejsce w&nbsp;rywalizacji o&nbsp;kryszta\u0142ow\u0105 kul\u0119.<\/p>\n\n\n\n<p>Spekulowa\u0142o si\u0119, \u017ce&nbsp;<strong><a href=\"https:\/\/www.pudelek.pl\/maffashion-i-michal-danilczuk-spotkali-sie-na-widowni-tzg-i-ucieli-sobie-pogawedke-foto-7222575122811840a\">Maff&nbsp;<\/a><\/strong><a href=\"https:\/\/www.pudelek.pl\/maffashion-i-michal-danilczuk-spotkali-sie-na-widowni-tzg-i-ucieli-sobie-pogawedke-foto-7222575122811840a\">i&nbsp;<\/a><strong><a href=\"https:\/\/www.pudelek.pl\/maffashion-i-michal-danilczuk-spotkali-sie-na-widowni-tzg-i-ucieli-sobie-pogawedke-foto-7222575122811840a\">Danilczuk&nbsp;<\/a><\/strong><a href=\"https:\/\/www.pudelek.pl\/maffashion-i-michal-danilczuk-spotkali-sie-na-widowni-tzg-i-ucieli-sobie-pogawedke-foto-7222575122811840a\">po programie zostali par\u0105, lecz \u017cadne z&nbsp;nich nie potwierdzi\u0142o oficjalnie tych plotek<\/a>. Nawet je\u015bli mi\u0119dzy nimi co\u015b by\u0142o &#8211;&nbsp;to ju\u017c si\u0119 sko\u0144czy\u0142o.<\/p>\n\n\n\n<p>Wcze\u015bniej influencerka by\u0142a w&nbsp;g\u0142o\u015bnych, medialnych zwi\u0105zkach m.in. z&nbsp;<strong>Czarkiem J\u00f3\u017awikiem<\/strong>&nbsp;z&nbsp;AbstrachujeTV oraz z<a href=\"https:\/\/www.pudelek.pl\/sebastian-fabijanski-rozprawia-o-zyciu-milosnym-nie-zabraklo-watku-natsu-i-maffashion-zaintrygowani-7244844901185728a\">&nbsp;<\/a><strong><a href=\"https:\/\/www.pudelek.pl\/sebastian-fabijanski-rozprawia-o-zyciu-milosnym-nie-zabraklo-watku-natsu-i-maffashion-zaintrygowani-7244844901185728a\">Sebastianem Fabija\u0144skim<\/a><\/strong>. Z&nbsp;aktorem rozsta\u0142a si\u0119 w&nbsp;2022 r. &#8211;&nbsp;maj\u0105 razem pi\u0119cioletniego syna<strong>&nbsp;Bastiana.<\/strong>&nbsp;Jeszcze par\u0119 lat temu influencerka by\u0142a przekonana, \u017ce chcia\u0142aby powi\u0119kszy\u0107 rodzin\u0119 i&nbsp;jeszcze raz zosta\u0107 mam\u0105. W&nbsp;2023 r. podczas Q&amp;A na Instagramie wyrazi\u0142a jednak publicznie swoje w\u0105tpliwo\u015bci.<\/p>\n\n\n\n<figure class=\"wp-block-image\"><img decoding=\"async\" src=\"https:\/\/v.wpimg.pl\/ZXJfd3AudTkrBBIAbg54LGhcRlAxHQUrPgJGH2MAeGJoSQ1eIBI_K2UHAEVuBTY5KQMMXC0RPyoVERQdMgM9ejc\" alt=\"\"\/><\/figure>\n\n\n\n<p><em>Prawd\u0105 jest te\u017c, \u017ce inaczej wyobra\u017ca\u0142am sobie (z perspektywy kobiety ci\u0119\u017carnej) ten b\u0142ogos\u0142awiony stan i&nbsp;macierzy\u0144stwo. Nigdy nie chcia\u0142abym drugi raz tego tak prze\u017cywa\u0107. B\u0119d\u0119 musia\u0142a du\u017co przepracowa\u0107 w&nbsp;tej kwestii. Ju\u017c przepracowuj\u0119. Chcia\u0142abym, aby by\u0142o pi\u0119knie, chcia\u0142abym czu\u0107 si\u0119 zaopiekowana, delikatna, chcia\u0142abym czu\u0107 trosk\u0119, wsparcie, empati\u0119 i&nbsp;zrozumienie. Przecie\u017c cia\u0142o kobiety wykonuje w&nbsp;ci\u0105\u017cy ogrom pracy, tworz\u0105c nowe \u017cycie. Kiedy\u015b m\u00f3wi\u0142am minimum dw\u00f3jka, a&nbsp;nawet tr\u00f3jka dzieci. Obecnie jestem na nie i&nbsp;mam obawy na sam\u0105 my\u015bl<\/em>&nbsp;&#8211;&nbsp;przyzna\u0142a w\u00f3wczas.<\/p>\n\n\n\n<p>Teraz podobne pytanie zosta\u0142o jej zadane po raz kolejny. Okaza\u0142o si\u0119, \u017ce&nbsp;<strong>Maffashion<\/strong>&nbsp;twardo podtrzymuje swoje zdanie sprzed trzech lat.<\/p>\n\n\n\n<p>Kiedy par\u0119 lat temu decydowa\u0142am si\u0119 na za\u0142o\u017cenie rodziny, pragn\u0119\u0142am mie\u0107 wi\u0119cej dzieci. By\u0142am na to 100 proc. gotowa emocjonalnie, finansowo, psychicznie i fizycznie. Nie mia\u0142am tylu obaw, trudnych prze\u017cy\u0107, traum etc. Teraz jest inaczej. I to nie pierwszy raz, gdzie publicznie m\u00f3wi\u0119 o tym, \u017ce nie planuj\u0119 wi\u0119cej dzieci.<\/p>\n\n\n\n<p><strong>Maffashion<\/strong>, czyli&nbsp;<strong>Julia Kuczy\u0144ska<\/strong>, zdoby\u0142a popularno\u015b\u0107 jako jedna z&nbsp;pierwszych du\u017cych polskich szafiarek. Startowa\u0142a od modowego bloga, a&nbsp;dzi\u015b ma 1,4 mln obserwuj\u0105cych na Instagramie i&nbsp;wsp\u00f3\u0142prace z&nbsp;najwi\u0119kszymi markami. Influencerka w&nbsp;zesz\u0142ym roku by\u0142a jedn\u0105 z&nbsp;uczestniczek &#8220;Ta\u0144ca z&nbsp;Gwiazdami&#8221; i&nbsp;wsp\u00f3lnie z&nbsp;<strong>Micha\u0142em Danilczukiem<\/strong>&nbsp;zaj\u0119li trzecie miejsce w&nbsp;rywalizacji o&nbsp;kryszta\u0142ow\u0105 kul\u0119.<\/p>\n\n\n\n<p>Spekulowa\u0142o si\u0119, \u017ce\u00a0 Nawet je\u015bli mi\u0119dzy nimi co\u015b by\u0142o &#8211;\u00a0to ju\u017c si\u0119 sko\u0144czy\u0142o.<\/p>\n\n\n\n<p>Wcze\u015bniej influencerka by\u0142a w&nbsp;g\u0142o\u015bnych, medialnych zwi\u0105zkach m.in. z&nbsp;<strong>Czarkiem J\u00f3\u017awikiem<\/strong>&nbsp;z&nbsp;AbstrachujeTV oraz z<a href=\"https:\/\/www.pudelek.pl\/sebastian-fabijanski-rozprawia-o-zyciu-milosnym-nie-zabraklo-watku-natsu-i-maffashion-zaintrygowani-7244844901185728a\">&nbsp;<\/a><strong><a href=\"https:\/\/www.pudelek.pl\/sebastian-fabijanski-rozprawia-o-zyciu-milosnym-nie-zabraklo-watku-natsu-i-maffashion-zaintrygowani-7244844901185728a\">Sebastianem Fabija\u0144skim<\/a><\/strong>. Z&nbsp;aktorem rozsta\u0142a si\u0119 w&nbsp;2022 r. &#8211;&nbsp;maj\u0105 razem pi\u0119cioletniego syna<strong>&nbsp;Bastiana.<\/strong>&nbsp;Jeszcze par\u0119 lat temu influencerka by\u0142a przekonana, \u017ce chcia\u0142aby powi\u0119kszy\u0107 rodzin\u0119 i&nbsp;jeszcze raz zosta\u0107 mam\u0105. W&nbsp;2023 r. podczas Q&amp;A na Instagramie wyrazi\u0142a jednak publicznie swoje w\u0105tpliwo\u015bci.<\/p>\n\n\n\n<p><em>Prawd\u0105 jest te\u017c, \u017ce inaczej wyobra\u017ca\u0142am sobie (z perspektywy kobiety ci\u0119\u017carnej) ten b\u0142ogos\u0142awiony stan i&nbsp;macierzy\u0144stwo. Nigdy nie chcia\u0142abym drugi raz tego tak prze\u017cywa\u0107. B\u0119d\u0119 musia\u0142a du\u017co przepracowa\u0107 w&nbsp;tej kwestii. Ju\u017c przepracowuj\u0119. Chcia\u0142abym, aby by\u0142o pi\u0119knie, chcia\u0142abym czu\u0107 si\u0119 zaopiekowana, delikatna, chcia\u0142abym czu\u0107 trosk\u0119, wsparcie, empati\u0119 i&nbsp;zrozumienie. Przecie\u017c cia\u0142o kobiety wykonuje w&nbsp;ci\u0105\u017cy ogrom pracy, tworz\u0105c nowe \u017cycie. Kiedy\u015b m\u00f3wi\u0142am minimum dw\u00f3jka, a&nbsp;nawet tr\u00f3jka dzieci. Obecnie jestem na nie i&nbsp;mam obawy na sam\u0105 my\u015bl<\/em>&nbsp;&#8211;&nbsp;przyzna\u0142a w\u00f3wczas.<\/p>\n\n\n\n<p>Teraz podobne pytanie zosta\u0142o jej zadane po raz kolejny. Okaza\u0142o si\u0119, \u017ce&nbsp;<strong>Maffashion<\/strong>&nbsp;twardo podtrzymuje swoje zdanie sprzed trzech lat.<\/p>\n\n\n\n<p>Kiedy par\u0119 lat temu decydowa\u0142am si\u0119 na za\u0142o\u017cenie rodziny, pragn\u0119\u0142am mie\u0107 wi\u0119cej dzieci. By\u0142am na to 100 proc. gotowa emocjonalnie, finansowo, psychicznie i fizycznie. Nie mia\u0142am tylu obaw, trudnych prze\u017cy\u0107, traum etc. Teraz jest inaczej. I to nie pierwszy raz, gdzie publicznie m\u00f3wi\u0119 o tym, \u017ce nie planuj\u0119 wi\u0119cej dzieci.<\/p>\n\n\n\n<p><strong>&#8211; napisa\u0142a influencerka.&nbsp;<\/strong><\/p>\n\n\n\n<p><\/p>\n\n\n\n<h2 class=\"wp-block-heading\" id=\"title-604710066419732326\">Maffashion o Halloween: &#8220;Nie traktuj\u0119 tego jako \u015bwi\u0119to&#8221;. Dlaczego przebra\u0142a si\u0119 za Ig\u0119 \u015awi\u0105tek?<\/h2>\n\n\n\n<h2 class=\"wp-block-heading\" id=\"title-604710066419797862\">Maffashion nie ufa ju\u017c facetom? &#8220;Mam \u015bwiadomo\u015b\u0107, \u017ce to brzmi turbo smutno&#8221;<\/h2>\n\n\n\n<p>Influencerka opublikowa\u0142a naprawd\u0119 obszerny statement. Pisze w&nbsp;nim o&nbsp;<strong>trudnych do\u015bwiadczeniach z&nbsp;m\u0119\u017cczyznami<\/strong>, a&nbsp;zarazem podkre\u015bla, jak bardzo szcz\u0119\u015bliwa i&nbsp;spe\u0142niona czuje si\u0119 jako mama swojego synka,<strong>&nbsp;Bastiana<\/strong>.<\/p>\n\n\n\n<p>Od paru lat wiem i czuj\u0119 ca\u0142\u0105 sob\u0105, \u017ce ju\u017c nigdy nie chcia\u0142abym by\u0107 po\u0142\u0105czona dzieckiem z \u017cadnym m\u0119\u017cczyzn\u0105. I mam \u015bwiadomo\u015b\u0107, \u017ce brzmi to turbo smutno. Ale pami\u0119tajcie, ka\u017cdy z nas ma inne do\u015bwiadczenia. Mam te\u017c \u015bwiadomo\u015b\u0107 tego, \u017ce przegapi\u0142am i straci\u0142am kluczowe lata w tej kwestii. Czy \u017ca\u0142uj\u0119? Widocznie by\u0142o mi dane by\u0107 najlepsz\u0105 jak tylko mog\u0119 mam\u0105 dla jednego dziecka. Jestem w tej roli niesamowicie spe\u0142niona od samego pocz\u0105tku. Tu nie ma co \u017ca\u0142owa\u0107.<\/p>\n\n\n\n<p><strong>&#8211; podkre\u015bla celebrytka.<\/strong><\/p>\n\n\n\n<figure class=\"wp-block-image\"><img decoding=\"async\" src=\"https:\/\/v.wpimg.pl\/MTllODFmYjUNDjl3aRZvIE5WbS0vT2F2GU51ZmkOYm1YWDd2dll7ewoFIyE0CD07Qgs9MTYMOiRCHCNrJx0kexpdYCAvHj04DRVgISsPKDBDXyogI1p-YVpBdyZzWmBgDlopaX9eemJBDX98JFx0MVRdKXIjTzA\" alt=\"xxx\"\/><\/figure>\n\n\n\n<p>Maffashion&nbsp;<strong>\u00a9 Maffashion<\/strong><\/p>\n\n\n\n<figure class=\"wp-block-image\"><img decoding=\"async\" src=\"https:\/\/v.wpimg.pl\/YTczNWJidjUCGDhkZRJ7IEFAbD4jS3V2Flh0dWUKdmVTQn4ve11qbUwcJzsvGzwkDFQpJT8ZOCMTVD47ZQgpPUwMf3guACokDxs3eC8EOzEHVXpvLltrYVBDY2MuDW15Vxh9YGdQP21WV3w0LAhuZ1YYLGVyWXsp\" alt=\"Maffashion\"\/><figcaption class=\"wp-element-caption\">Maffashion&nbsp;<strong>\u00a9 Instagram<\/strong><\/figcaption><\/figure>\n\n\n\n<figure class=\"wp-block-image\"><img decoding=\"async\" src=\"https:\/\/v.wpimg.pl\/ZTU3MTg4dTU0UTtnSE94IHcJbz0OFnZ2IBF3dkhXdWVlC30sVgBuZHpVJDgCRj8kOh0qJhJEOyMlHT04SFUqPXpFfHsDXSkkOVI0ewJZODExHC9jBlU5bDECYGFeDW95YQp6NUpWaGZiHiw3BlFvY2QLdWVfA3gp\" alt=\"Maffashion\"\/><figcaption class=\"wp-element-caption\">Maffashion&nbsp;<strong>\u00a9 Instagram<\/strong><\/figcaption><\/figure>\n\n\n\n<figure class=\"wp-block-image\"><img decoding=\"async\" src=\"https:\/\/v.wpimg.pl\/NjZlNzM3YQs7DjhJYkhsHnhWbBMkEWJIL050WGJQYVtqVH4CfAd9U3UKJxYoQSsaNUIpCDhDLx0qQj4WYlI-A3Uaf1UpWj0aNg03VSheLA8-QyhJeQYrUmJeYx4uByxHblV9SWALew5rQX8fegV4D21feR4uAmwX\" alt=\"Maffashion\"\/><figcaption class=\"wp-element-caption\">Maffashion&nbsp;<strong>\u00a9 Instagram<\/strong><\/figcaption><\/figure>\n\n\n\n<figure class=\"wp-block-image\"><img decoding=\"async\" src=\"https:\/\/v.wpimg.pl\/MWNmZTEzYjYvDyxnagFvI2xXeD0sWGF1O09gdmoZYmZ-VWosdE5-ZWELMzggCCgnIUM9JjAKLCA-Qyo4ahs9PmEba3shEz4nIgwjeyAXLzIqQmowdx95NnZUdzZ3GS96el1tZmhCeWd6QGhnJ0suMStcaWQjTW8q\" alt=\"Maffashion\"\/><figcaption class=\"wp-element-caption\">Maffashion&nbsp;<strong>\u00a9 Instagram<\/strong><\/figcaption><\/figure>\n\n\n\n<figure class=\"wp-block-image\"><img decoding=\"async\" src=\"https:\/\/v.wpimg.pl\/ZmY5ZmM4dQw4VyxeYk94GXsPeAQkFnZPLBdgT2JXdVxpDWoVfABuXXZTMwEoRj8dNhs9HzhEOxopGyoBYlUqBHZDa0IpXSkdNVQjQihZOAg9GmxYeFFvXDtXd1R8Az5AbVZjWGANYw44GGsLflI8VD9WYg4vDHgQ\" alt=\"Maffashion\"\/><figcaption class=\"wp-element-caption\">Maffashion&nbsp;<strong>\u00a9 Instagram<\/strong><\/figcaption><\/figure>\n","protected":false},"excerpt":{"rendered":"affashion, czyli&nbsp;Julia Kuczy\u0144ska, zdoby\u0142a popularno\u015b\u0107 jako jedna z&nbsp;pierwszych du\u017cych polskich szafiarek. Startowa\u0142a od modowego bloga, a&nbsp;dzi\u015b ma 1,4 mln obserwuj\u0105cych na Instagramie i&nbsp;wsp\u00f3\u0142prace \n<a class=\"moretag\" href=\"https:\/\/lifevery.biz.ua\/?p=1826\"> [...]<\/a>","protected":false},"author":1,"featured_media":1827,"comment_status":"open","ping_status":"open","sticky":false,"template":"","format":"standard","meta":{"footnotes":""},"categories":[1],"tags":[],"class_list":["post-1826","post","type-post","status-publish","format-standard","has-post-thumbnail","hentry","category-blog"],"_links":{"self":[{"href":"https:\/\/lifevery.biz.ua\/index.php?rest_route=\/wp\/v2\/posts\/1826","targetHints":{"allow":["GET"]}}],"collection":[{"href":"https:\/\/lifevery.biz.ua\/index.php?rest_route=\/wp\/v2\/posts"}],"about":[{"href":"https:\/\/lifevery.biz.ua\/index.php?rest_route=\/wp\/v2\/types\/post"}],"author":[{"embeddable":true,"href":"https:\/\/lifevery.biz.ua\/index.php?rest_route=\/wp\/v2\/users\/1"}],"replies":[{"embeddable":true,"href":"https:\/\/lifevery.biz.ua\/index.php?rest_route=%2Fwp%2Fv2%2Fcomments&post=1826"}],"version-history":[{"count":1,"href":"https:\/\/lifevery.biz.ua\/index.php?rest_route=\/wp\/v2\/posts\/1826\/revisions"}],"predecessor-version":[{"id":1828,"href":"https:\/\/lifevery.biz.ua\/index.php?rest_route=\/wp\/v2\/posts\/1826\/revisions\/1828"}],"wp:featuredmedia":[{"embeddable":true,"href":"https:\/\/lifevery.biz.ua\/index.php?rest_route=\/wp\/v2\/media\/1827"}],"wp:attachment":[{"href":"https:\/\/lifevery.biz.ua\/index.php?rest_route=%2Fwp%2Fv2%2Fmedia&parent=1826"}],"wp:term":[{"taxonomy":"category","embeddable":true,"href":"https:\/\/lifevery.biz.ua\/index.php?rest_route=%2Fwp%2Fv2%2Fcategories&post=1826"},{"taxonomy":"post_tag","embeddable":true,"href":"https:\/\/lifevery.biz.ua\/index.php?rest_route=%2Fwp%2Fv2%2Ftags&post=1826"}],"curies":[{"name":"wp","href":"https:\/\/api.w.org\/{rel}","templated":true}]}}