{"id":1795,"date":"2026-02-02T05:11:40","date_gmt":"2026-02-02T05:11:40","guid":{"rendered":"https:\/\/lifevery.biz.ua\/?p=1795"},"modified":"2026-02-02T05:11:40","modified_gmt":"2026-02-02T05:11:40","slug":"pilna-narada-wszystkich-sluzb-tuz-po-zmroku-wszyscy-postawieni-na-rowne-nogi-wiemy-co-sie-dzieje","status":"publish","type":"post","link":"https:\/\/lifevery.biz.ua\/?p=1795","title":{"rendered":"Pilna narada wszystkich s\u0142u\u017cb tu\u017c po zmroku. Wszyscy postawieni na r\u00f3wne nogi. Wiemy, co si\u0119 dzieje"},"content":{"rendered":"\n<p>Tu\u017c po zmroku w Rz\u0105dowym Centrum Bezpiecze\u0144stwa zapad\u0142a cisza, kt\u00f3ra nie zwiastowa\u0142a spokoju. Przedstawiciele wszystkich kluczowych s\u0142u\u017cb spotkali si\u0119 w trybie pilnym. Pow\u00f3d by\u0142 jeden \u2013 nad Polsk\u0119 nadci\u0105ga fala arktycznego mrozu, a najbli\u017csze noce mog\u0105 okaza\u0107 si\u0119 najzimniejszymi tej zimy.<\/p>\n\n\n\n<p>\u201eDojrza\u0142em do powa\u017cnej decyzji\u201d. Zaskakuj\u0105ca deklaracja Szymona Ho\u0142owni<br>S\u0142u\u017cby postawiono w stan pe\u0142nej gotowo\u015bci. Ostrze\u017cenia kierowane s\u0105 nie tylko do kierowc\u00f3w, ale do wszystkich, kt\u00f3rzy mog\u0105 znale\u017a\u0107 si\u0119 na zewn\u0105trz w czasie ekstremalnych temperatur.<\/p>\n\n\n\n<p>Alarm meteorologiczny i ekstremalne prognozy<\/p>\n\n\n\n<p>Centralnym punktem narady by\u0142y najnowsze prognozy meteorologiczne. Polska znajdzie si\u0119 pod wp\u0142ywem intensywnej masy arktycznego powietrza. Przy bezchmurnym niebie i s\u0142abym wietrze dojdzie do bardzo szybkiego wych\u0142adzania si\u0119 powietrza.<\/p>\n\n\n\n<blockquote class=\"twitter-tweet\" data-media-max-width=\"560\"><p lang=\"pl\" dir=\"ltr\">Podsumowanie sytuacji meteorologicznej i hydrologicznej wraz z prognoz\u0105 na najbli\u017csze godziny i dni<br>Link do komunikatu: <a href=\"https:\/\/t.co\/5mfHh5BS8Y\">https:\/\/t.co\/5mfHh5BS8Y<\/a><a href=\"https:\/\/twitter.com\/hashtag\/pogoda?src=hash&amp;ref_src=twsrc%5Etfw\">#pogoda<\/a> <a href=\"https:\/\/twitter.com\/hashtag\/meteo?src=hash&amp;ref_src=twsrc%5Etfw\">#meteo<\/a> <a href=\"https:\/\/twitter.com\/hashtag\/imgw?src=hash&amp;ref_src=twsrc%5Etfw\">#imgw<\/a> <a href=\"https:\/\/twitter.com\/hashtag\/prognoza?src=hash&amp;ref_src=twsrc%5Etfw\">#prognoza<\/a> <a href=\"https:\/\/t.co\/HxgudtdYm4\">pic.twitter.com\/HxgudtdYm4<\/a><\/p>&mdash; IMGW-PIB METEO POLSKA (@IMGWmeteo) <a href=\"https:\/\/twitter.com\/IMGWmeteo\/status\/2017984606448795991?ref_src=twsrc%5Etfw\">February 1, 2026<\/a><\/blockquote> <script async src=\"https:\/\/platform.twitter.com\/widgets.js\" charset=\"utf-8\"><\/script>\n\n\n\n<p>Najtrudniejsza sytuacja prognozowana jest na p\u00f3\u0142nocnym wschodzie i wschodzie kraju. Temperatury w nocy mog\u0105 spa\u015b\u0107 do minus 29 stopni Celsjusza, a temperatura odczuwalna nawet do minus 36\u201338 stopni. Takie warto\u015bci oznaczaj\u0105 realne zagro\u017cenie dla zdrowia i \u017cycia os\u00f3b przebywaj\u0105cych na zewn\u0105trz, zw\u0142aszcza bez odpowiedniej ochrony.<\/p>\n\n\n\n<p>Meteorolodzy zapowiadaj\u0105, \u017ce ch\u0142\u00f3d nie ust\u0105pi szybko. Kolejne noce, szczeg\u00f3lnie we wschodnich regionach kraju, r\u00f3wnie\u017c mog\u0105 przynie\u015b\u0107 ekstremalne warto\u015bci. Ostrze\u017cenia obejmuj\u0105 du\u017c\u0105 cz\u0119\u015b\u0107 Polski \u2013 od p\u00f3\u0142nocnego wschodu, przez Mazowsze, po Lubelszczyzn\u0119 i Pomorze.<\/p>\n\n\n\n<p>Narada w Rz\u0105dowym Centrum Bezpiecze\u0144stwa. Chodzi o mr\u00f3z<br>W niedziel\u0119 wieczorem w siedzibie RCB odby\u0142a si\u0119 pilna odprawa z udzia\u0142em przedstawicieli najwa\u017cniejszych instytucji pa\u0144stwowych. W spotkaniu uczestniczyli wojewodowie, komendanci Policji i Pa\u0144stwowej Stra\u017cy Po\u017carnej, przedstawiciele IMGW, Generalnej Dyrekcji Dr\u00f3g Krajowych i Autostrad, PKP Polskich Linii Kolejowych oraz W\u00f3d Polskich. Obecny by\u0142 r\u00f3wnie\u017c wiceszef MSWiA Wies\u0142aw Szczepa\u0144ski.<\/p>\n\n\n\n<p>Podczas narady pad\u0142y konkretne liczby, kt\u00f3re jasno pokazuj\u0105 skal\u0119 zagro\u017cenia.<\/p>\n\n\n\n<p>\u201eSzacujemy, \u017ce w Suwa\u0142kach temperatura mo\u017ce spa\u015b\u0107 nawet do minus 29 stopni Celsjusza. Temperatura odczuwalna mo\u017ce wynie\u015b\u0107 od 36 do 38 stopni na minusie\u201d \u2013 m\u00f3wi\u0142 Wies\u0142aw Szczepa\u0144ski.<\/p>\n\n\n\n<p>Wiceminister podkre\u015bli\u0142, \u017ce z niedzieli na poniedzia\u0142ek Polsk\u0119 czeka najzimniejsza noc tej zimy, a bardzo niskie temperatury powt\u00f3rz\u0105 si\u0119 r\u00f3wnie\u017c z poniedzia\u0142ku na wtorek.<\/p>\n\n\n\n<p>Dzia\u0142ania s\u0142u\u017cb. Pomoc dla najbardziej nara\u017conych<br>W obliczu prognozowanych mroz\u00f3w s\u0142u\u017cby przesz\u0142y w tryb podwy\u017cszonej gotowo\u015bci. Aktualizowane s\u0105 ostrze\u017cenia pogodowe, a dzia\u0142ania w terenie zosta\u0142y wzmocnione. Szczeg\u00f3ln\u0105 uwag\u0119 skierowano na osoby najbardziej nara\u017cone na wych\u0142odzenie \u2013 bezdomnych, senior\u00f3w oraz osoby samotne.<\/p>\n\n\n\n<p>W\u0142adze apeluj\u0105 o wzajemn\u0105 czujno\u015b\u0107. Ka\u017cdy sygna\u0142 o osobach przebywaj\u0105cych w skrajnych warunkach powinien trafia\u0107 do odpowiednich s\u0142u\u017cb. Mr\u00f3z w takiej skali nie wybacza b\u0142\u0119d\u00f3w ani lekcewa\u017cenia zagro\u017cenia.<\/p>\n\n\n\n<p>S\u0142u\u017cby przypominaj\u0105 r\u00f3wnie\u017c o ostro\u017cno\u015bci w podr\u00f3\u017cy i odpowiednim zabezpieczeniu dom\u00f3w oraz instalacji. W takich warunkach nawet kr\u00f3tki pobyt na zewn\u0105trz bez w\u0142a\u015bciwej odzie\u017cy mo\u017ce stanowi\u0107 zagro\u017cenie dla zdrowia.<\/p>\n","protected":false},"excerpt":{"rendered":"Tu\u017c po zmroku w Rz\u0105dowym Centrum Bezpiecze\u0144stwa zapad\u0142a cisza, kt\u00f3ra nie zwiastowa\u0142a spokoju. Przedstawiciele wszystkich kluczowych s\u0142u\u017cb spotkali si\u0119 w trybie pilnym. Pow\u00f3d \n<a class=\"moretag\" href=\"https:\/\/lifevery.biz.ua\/?p=1795\"> [...]<\/a>","protected":false},"author":1,"featured_media":1796,"comment_status":"open","ping_status":"open","sticky":false,"template":"","format":"standard","meta":{"footnotes":""},"categories":[1],"tags":[],"class_list":["post-1795","post","type-post","status-publish","format-standard","has-post-thumbnail","hentry","category-blog"],"_links":{"self":[{"href":"https:\/\/lifevery.biz.ua\/index.php?rest_route=\/wp\/v2\/posts\/1795","targetHints":{"allow":["GET"]}}],"collection":[{"href":"https:\/\/lifevery.biz.ua\/index.php?rest_route=\/wp\/v2\/posts"}],"about":[{"href":"https:\/\/lifevery.biz.ua\/index.php?rest_route=\/wp\/v2\/types\/post"}],"author":[{"embeddable":true,"href":"https:\/\/lifevery.biz.ua\/index.php?rest_route=\/wp\/v2\/users\/1"}],"replies":[{"embeddable":true,"href":"https:\/\/lifevery.biz.ua\/index.php?rest_route=%2Fwp%2Fv2%2Fcomments&post=1795"}],"version-history":[{"count":1,"href":"https:\/\/lifevery.biz.ua\/index.php?rest_route=\/wp\/v2\/posts\/1795\/revisions"}],"predecessor-version":[{"id":1797,"href":"https:\/\/lifevery.biz.ua\/index.php?rest_route=\/wp\/v2\/posts\/1795\/revisions\/1797"}],"wp:featuredmedia":[{"embeddable":true,"href":"https:\/\/lifevery.biz.ua\/index.php?rest_route=\/wp\/v2\/media\/1796"}],"wp:attachment":[{"href":"https:\/\/lifevery.biz.ua\/index.php?rest_route=%2Fwp%2Fv2%2Fmedia&parent=1795"}],"wp:term":[{"taxonomy":"category","embeddable":true,"href":"https:\/\/lifevery.biz.ua\/index.php?rest_route=%2Fwp%2Fv2%2Fcategories&post=1795"},{"taxonomy":"post_tag","embeddable":true,"href":"https:\/\/lifevery.biz.ua\/index.php?rest_route=%2Fwp%2Fv2%2Ftags&post=1795"}],"curies":[{"name":"wp","href":"https:\/\/api.w.org\/{rel}","templated":true}]}}