{"id":1789,"date":"2026-02-02T05:06:15","date_gmt":"2026-02-02T05:06:15","guid":{"rendered":"https:\/\/lifevery.biz.ua\/?p=1789"},"modified":"2026-02-02T05:06:15","modified_gmt":"2026-02-02T05:06:15","slug":"natalia-klimas-wspomina-slub-piotra-wozniaka-staraka-z-agnieszka-wszyscy-pisali-do-mnie-wyrazajac-wspolczucie","status":"publish","type":"post","link":"https:\/\/lifevery.biz.ua\/?p=1789","title":{"rendered":"\u00abNatalia Klimas wspomina \u015blub Piotra Wo\u017aniaka-Staraka z Agnieszk\u0105: \u201eWszyscy pisali do mnie wyra\u017caj\u0105c wsp\u00f3\u0142czucie\u2026\u201d\u00bb"},"content":{"rendered":"\n<p>Natalia Klimas, znana aktorka i influencerka, niedawno podzieli\u0142a si\u0119 swoimi wspomnieniami dotycz\u0105cymi roku 2016, kt\u00f3ry, jak przyzna\u0142a, nie by\u0142 dla niej \u0142atwym czasem. To w\u0142a\u015bnie wtedy jej \u017cycie osobiste przechodzi\u0142o ogromne zmiany, a wydarzenia wok\u00f3\u0142 niej mia\u0142y wp\u0142yw na spos\u00f3b, w jaki postrzega\u0142a siebie i swoj\u0105 przysz\u0142o\u015b\u0107. Klimas, kt\u00f3ra dwa lata wcze\u015bniej zako\u0144czy\u0142a zwi\u0105zek z Piotrem Wo\u017aniakiem-Starakiem, wr\u00f3ci\u0142a pami\u0119ci\u0105 do momentu, gdy jej by\u0142y partner bra\u0142 \u015blub z jej by\u0142\u0105 przyjaci\u00f3\u0142k\u0105, Agnieszk\u0105 Wo\u017aniak-Starak. W szczerym wpisie na Instagramie wyzna\u0142a, \u017ce w tym czasie czu\u0142a si\u0119 zagubiona i jeszcze nie w pe\u0142ni wiedzia\u0142a, kim naprawd\u0119 jest.<\/p>\n\n\n\n<p>Rok 2016 by\u0142 dla Natalii okresem pe\u0142nym sprzecznych emocji. Cho\u0107 z zewn\u0105trz \u017cycie mog\u0142o wydawa\u0107 si\u0119 uporz\u0105dkowane, aktorka przyzna\u0142a, \u017ce wewn\u0119trznie odczuwa\u0142a pewien chaos. Z perspektywy czasu przyzna\u0142a, \u017ce w tym czasie nie mia\u0142a jeszcze pe\u0142nej \u015bwiadomo\u015bci swojej to\u017csamo\u015bci, swoich pragnie\u0144 ani tego, co naprawd\u0119 chce od \u017cycia. Ten moment by\u0142 wi\u0119c nie tylko czasem osobistych zmian, ale tak\u017ce momentem refleksji nad sob\u0105 i w\u0142asnymi warto\u015bciami.<\/p>\n\n\n<div class=\"wp-block-image\">\n<figure class=\"aligncenter\"><img decoding=\"async\" src=\"https:\/\/v.wpimg.pl\/ZTczYWE0dTUCGC9kakt4IEFAez4sEnZ2FlhjdWpTdWBbSiFvcAd1MgoWPCUgQDV6BAgsJyRHKnoTFnY2NVl1IlJVPT42QDY1GlU8OidVPntXSGlkdgY5ZE5KaGcgHW43ARl0NncIbXlaH2hiIVVtZwIbbWBnTQ\" alt=\"Natalia Klimas wspomina 2016 rok\"\/><\/figure>\n<\/div>\n\n\n<p>W tym samym okresie w mediach spo\u0142eczno\u015bciowych pojawi\u0142 si\u0119 trend #2016challenge, kt\u00f3ry zach\u0119ca\u0142 u\u017cytkownik\u00f3w do dzielenia si\u0119 zdj\u0119ciami i wspomnieniami sprzed dziesi\u0119ciu lat. W sieci pojawi\u0142o si\u0119 mn\u00f3stwo zdj\u0119\u0107 i film\u00f3w znanych os\u00f3b, kt\u00f3re ch\u0119tnie pokazywa\u0142y, co dzia\u0142o si\u0119 w ich \u017cyciu dekad\u0119 temu. W\u015br\u00f3d nich znalaz\u0142y si\u0119 takie gwiazdy jak Ma\u0142gorzata Rozenek, Caroline Derpienski, Marianna Schreiber czy Kinga Rusin. Natalia Klimas r\u00f3wnie\u017c zdecydowa\u0142a si\u0119 wr\u00f3ci\u0107 wspomnieniami do tego okresu, dziel\u0105c si\u0119 szczerymi refleksjami o swoim \u017cyciu prywatnym i do\u015bwiadczeniach, kt\u00f3re wp\u0142yn\u0119\u0142y na jej p\u00f3\u017aniejsze wybory.<\/p>\n\n\n\n<p>Jednym z kluczowych moment\u00f3w, kt\u00f3re wspomnia\u0142a, by\u0142 \u015blub Piotra Wo\u017aniaka-Staraka z Agnieszk\u0105 Szulim. To wydarzenie, kt\u00f3re dla wielu mog\u0142o wydawa\u0107 si\u0119 dramatyczne, dla Natalii mia\u0142o wyj\u0105tkowy wymiar \u2013 w\u0142a\u015bnie wtedy pozna\u0142a swojego przysz\u0142ego m\u0119\u017ca, Miko\u0142aja Bobera. Klimas podkre\u015bli\u0142a, \u017ce wbrew pozorom nie prze\u017cywa\u0142a cierpienia, jakiego oczekiwa\u0142o od niej otoczenie. Ludzie wysy\u0142ali jej wiadomo\u015bci pe\u0142ne wsp\u00f3\u0142czucia, pytaj\u0105c, jak sobie radzi i czy wszystko w porz\u0105dku. Jednak ona sama nie odczuwa\u0142a smutku \u2013 w tym czasie zaczyna\u0142a nowy rozdzia\u0142 w swoim \u017cyciu, poznaj\u0105c osob\u0119, z kt\u00f3r\u0105 mia\u0142a sp\u0119dzi\u0107 reszt\u0119 \u017cycia.<\/p>\n\n\n\n<figure class=\"wp-block-image\"><img decoding=\"async\" src=\"https:\/\/v.wpimg.pl\/YTZhMjE3djU7CjtZakh7IHhSbwMsEXV2L0p3SGpQdmVpW3wSdwNpZHUOJAYgQTwkNUYqGDBDOCMqRj0GalIpPXUefEUhWiokNgk0RSBeOzE-R39bcwE7bWhYYAkmVzp5bg17DmgKPG1pRXVeI1JvNWhZel0kBnsp\" alt=\"Natalia Klimas i Piotr Wo\u017aniak-Starak\"\/><\/figure>\n\n\n\n<p>Natalia wspomnia\u0142a, \u017ce jej pierwszy wsp\u00f3lny czas z przysz\u0142ym m\u0119\u017cem przypad\u0142 w\u0142a\u015bnie na weekend \u015blubu jej by\u0142ego partnera. To by\u0142 moment niezwyk\u0142y, pe\u0142en kontrast\u00f3w \u2013 z jednej strony medialny \u015blub, kt\u00f3ry przyci\u0105ga\u0142 uwag\u0119 ca\u0142ego kraju, z drugiej \u2013 pocz\u0105tek jej w\u0142asnej, prywatnej historii mi\u0142osnej. Dzi\u0119ki temu do\u015bwiadczeniu poczu\u0142a, \u017ce zaczyna odnajdywa\u0107 swoje miejsce w \u015bwiecie, czuje si\u0119 bezpieczniejsza i bardziej pewna siebie. Spotkanie z Miko\u0142ajem sta\u0142o si\u0119 dla niej symbolicznym pocz\u0105tkiem nowego \u017cycia, w kt\u00f3rym mog\u0142a na nowo zdefiniowa\u0107 siebie i swoje priorytety.<\/p>\n\n\n<div class=\"wp-block-image\">\n<figure class=\"aligncenter\"><img decoding=\"async\" src=\"https:\/\/v.wpimg.pl\/ZTRiMjIydTUzCztZZgJ4IHBTbwMgW3Z2J0t3SGYadWVhWn4Se0lqZH0PJAYsCz8kPUcqGDwJOyMiRz0GZhgqPX0ffEUtECkkPgg0RSwUODE2RnULL0A-NmpYYFl5SGt5ZlwpC2QYPzJnRHtdfBxuNmBbf1l7HHgp\" alt=\"Natalia Klimas i Piotr Wo\u017aniak-Starak\"\/><\/figure>\n<\/div>\n\n\n<p>W swoich relacjach na Instagramie Natalia podzieli\u0142a si\u0119 r\u00f3wnie\u017c wspomnieniem z pierwszych wsp\u00f3lnych wakacji z m\u0119\u017cem, kt\u00f3re sp\u0119dzili na Mykonos. To tam obchodzi\u0142a swoje urodziny, w otoczeniu osoby, kt\u00f3r\u0105 pokocha\u0142a i kt\u00f3ra sta\u0142a si\u0119 jej domem i schronieniem. Te wspomnienia pokazuj\u0105, \u017ce czasami najtrudniejsze momenty w \u017cyciu mog\u0105 prowadzi\u0107 do nieoczekiwanych i pi\u0119knych wydarze\u0144. Natalia podkre\u015bli\u0142a, \u017ce w\u0142a\u015bnie dzi\u0119ki temu do\u015bwiadczeniu zacz\u0119\u0142a czu\u0107 si\u0119 bezpieczna i spe\u0142niona, odnajduj\u0105c w nowej relacji poczucie stabilno\u015bci i szcz\u0119\u015bcia.<\/p>\n\n\n<div class=\"wp-block-image\">\n<figure class=\"alignright\"><img decoding=\"async\" src=\"https:\/\/v.wpimg.pl\/OWRlNTg5YDYzDjhnSE5tI3BWbD0OF2N1J050dkhWYGZhX38sVQV_Z30KJzgCRyonPUIpJhJFLiAiQj44SFQ_Pn0af3sDXDwnPg03ewJYLTI2Qy9lBVZ4NTRaY2BXBit6Zlp5ZkoNLGZjQSwwVwwrMmdUdzJfDG0q\" alt=\"Agnieszka Wo\u017aniak-Starak  i Piotr Wo\u017aniak-Starak\"\/><\/figure>\n<\/div>\n\n\n<p>Historia Natalii Klimas pokazuje, jak z pozoru trudne do\u015bwiadczenia mog\u0105 prowadzi\u0107 do pozytywnych zmian i nowych pocz\u0105tk\u00f3w. Cho\u0107 rozstanie z Piotrem Wo\u017aniakiem-Starakiem i \u015blub by\u0142ej przyjaci\u00f3\u0142ki mog\u0142y wydawa\u0107 si\u0119 dramatyczne, dla niej sta\u0142y si\u0119 pocz\u0105tkiem nowego etapu \u017cycia. W rezultacie Natalia wysz\u0142a za m\u0105\u017c za Miko\u0142aja Bobera w 2018 roku, z kt\u00f3rym doczeka\u0142a si\u0119 dw\u00f3ch c\u00f3rek. Jej historia jest przyk\u0142adem tego, \u017ce \u017cycie potrafi zaskakiwa\u0107 w najmniej spodziewanych momentach, a szcz\u0119\u015bcie cz\u0119sto pojawia si\u0119 tam, gdzie najmniej si\u0119 go spodziewamy.<\/p>\n\n\n\n<p>Dziel\u0105c si\u0119 swoimi wspomnieniami, Natalia pokaza\u0142a nie tylko swoj\u0105 szczero\u015b\u0107, ale r\u00f3wnie\u017c umiej\u0119tno\u015b\u0107 spojrzenia wstecz z dystansem i refleksj\u0105. Jej do\u015bwiadczenia ucz\u0105, \u017ce nawet w trudnych momentach warto by\u0107 otwartym na nowe mo\u017cliwo\u015bci i gotowym na zmiany, kt\u00f3re mog\u0105 przynie\u015b\u0107 prawdziwe szcz\u0119\u015bcie. Wspomnienia Natalii z 2016 roku to nie tylko opowie\u015b\u0107 o mi\u0142o\u015bci i \u017cyciowych wyborach, ale tak\u017ce inspiracja dla innych, by wierzy\u0107 w siebie i nie ba\u0107 si\u0119 nowych pocz\u0105tk\u00f3w.<\/p>\n\n\n<div class=\"wp-block-image\">\n<figure class=\"aligncenter\"><img decoding=\"async\" src=\"https:\/\/v.wpimg.pl\/YWEwYmYxdjYkFS9edgN7I2dNewQwWnV1MFVjT3YbdmZ2RGgVa0hpZ2oRMAE8CjwnKlk-HywIOCA1WSkBdhkpPmoBaEI9ESonKRYgQjwVOzIhWG1eaUk9YSYRdF9oT2l6cRJuDnRAOmR8WmBUbxk4ZycRaAs9G3sq\" alt=\"Agnieszka Wo\u017aniak-Starak  i Piotr Wo\u017aniak-Starak\"\/><\/figure>\n<\/div>","protected":false},"excerpt":{"rendered":"Natalia Klimas, znana aktorka i influencerka, niedawno podzieli\u0142a si\u0119 swoimi wspomnieniami dotycz\u0105cymi roku 2016, kt\u00f3ry, jak przyzna\u0142a, nie by\u0142 dla niej \u0142atwym czasem. \n<a class=\"moretag\" href=\"https:\/\/lifevery.biz.ua\/?p=1789\"> [...]<\/a>","protected":false},"author":1,"featured_media":1790,"comment_status":"open","ping_status":"open","sticky":false,"template":"","format":"standard","meta":{"footnotes":""},"categories":[1],"tags":[],"class_list":["post-1789","post","type-post","status-publish","format-standard","has-post-thumbnail","hentry","category-blog"],"_links":{"self":[{"href":"https:\/\/lifevery.biz.ua\/index.php?rest_route=\/wp\/v2\/posts\/1789","targetHints":{"allow":["GET"]}}],"collection":[{"href":"https:\/\/lifevery.biz.ua\/index.php?rest_route=\/wp\/v2\/posts"}],"about":[{"href":"https:\/\/lifevery.biz.ua\/index.php?rest_route=\/wp\/v2\/types\/post"}],"author":[{"embeddable":true,"href":"https:\/\/lifevery.biz.ua\/index.php?rest_route=\/wp\/v2\/users\/1"}],"replies":[{"embeddable":true,"href":"https:\/\/lifevery.biz.ua\/index.php?rest_route=%2Fwp%2Fv2%2Fcomments&post=1789"}],"version-history":[{"count":1,"href":"https:\/\/lifevery.biz.ua\/index.php?rest_route=\/wp\/v2\/posts\/1789\/revisions"}],"predecessor-version":[{"id":1791,"href":"https:\/\/lifevery.biz.ua\/index.php?rest_route=\/wp\/v2\/posts\/1789\/revisions\/1791"}],"wp:featuredmedia":[{"embeddable":true,"href":"https:\/\/lifevery.biz.ua\/index.php?rest_route=\/wp\/v2\/media\/1790"}],"wp:attachment":[{"href":"https:\/\/lifevery.biz.ua\/index.php?rest_route=%2Fwp%2Fv2%2Fmedia&parent=1789"}],"wp:term":[{"taxonomy":"category","embeddable":true,"href":"https:\/\/lifevery.biz.ua\/index.php?rest_route=%2Fwp%2Fv2%2Fcategories&post=1789"},{"taxonomy":"post_tag","embeddable":true,"href":"https:\/\/lifevery.biz.ua\/index.php?rest_route=%2Fwp%2Fv2%2Ftags&post=1789"}],"curies":[{"name":"wp","href":"https:\/\/api.w.org\/{rel}","templated":true}]}}