{"id":1783,"date":"2026-02-02T05:01:08","date_gmt":"2026-02-02T05:01:08","guid":{"rendered":"https:\/\/lifevery.biz.ua\/?p=1783"},"modified":"2026-02-02T05:01:08","modified_gmt":"2026-02-02T05:01:08","slug":"takie-alimenty-marcinkiewicz-przekazywal-bylej-zonie-teraz-ujawniono-dokladna-kwote","status":"publish","type":"post","link":"https:\/\/lifevery.biz.ua\/?p=1783","title":{"rendered":"Takie alimenty Marcinkiewicz przekazywa\u0142 by\u0142ej \u017conie. Teraz ujawniono dok\u0142adn\u0105 kwot\u0119."},"content":{"rendered":"\n<p>Kazimierz Marcinkiewicz, by\u0142y premier Polski, od lat pozostaje postaci\u0105 budz\u0105c\u0105 zainteresowanie zar\u00f3wno ze wzgl\u0119du na swoj\u0105 karier\u0119 polityczn\u0105, jak i \u017cycie prywatne. Jego droga do szczytu polskiej polityki by\u0142a dynamiczna i pe\u0142na zwrot\u00f3w akcji, a \u017cycie osobiste nie mniej burzliwe. W ostatnich dniach by\u0142y premier ujawni\u0142 szczeg\u00f3\u0142y dotycz\u0105ce aliment\u00f3w, kt\u00f3re przez lata przekazywa\u0142 swojej by\u0142ej \u017conie, co ponownie wzbudzi\u0142o emocje opinii publicznej.<\/p>\n\n\n<div class=\"wp-block-image\">\n<figure class=\"aligncenter\"><img decoding=\"async\" src=\"https:\/\/img.kozaczek.pl\/OK_YXzyLYqD0TB4PILZz8ukOxXykALFK5jt7_uF6-Hg\/dpr:1\/q:75\/w:1100\/h:0\/rt:fill\/g:sm\/aHR0cHM6Ly9kM2Zx\/bTY4cjR1Nmlvbi5j\/bG91ZGZyb250Lm5l\/dC93cC1jb250ZW50\/L3VwbG9hZHMvc2l0\/ZXMvMi8yMDI2LzAx\/LzY5NzBjZTBiNWMx\/ZTEtYjNmODg4ZTA1\/MTlmLmpwZw.jpeg\" alt=\"Kazimierz Marcinkiewicz-\u056b \u056c\u0578\u0582\u057d\u0561\u0576\u056f\u0561\u0580\u0568\u055d KAPiF\"\/><\/figure>\n<\/div>\n\n\n<p>Marcinkiewicz rozpocz\u0105\u0142 swoj\u0105 karier\u0119 polityczn\u0105 ju\u017c w latach 90., zdobywaj\u0105c do\u015bwiadczenie w administracji pa\u0144stwowej. W latach 1992\u20131993 pe\u0142ni\u0142 funkcj\u0119 wiceministra edukacji narodowej w rz\u0105dzie Hanny Suchockiej, co pozwoli\u0142o mu zaznaczy\u0107 swoj\u0105 obecno\u015b\u0107 na scenie politycznej. Jego zaanga\u017cowanie w \u017cycie publiczne i sukcesy w partii Prawo i Sprawiedliwo\u015b\u0107 doprowadzi\u0142y do momentu, kiedy w 2005 roku Jaros\u0142aw Kaczy\u0144ski, lider PiS, wskaza\u0142 go na stanowisko premiera. Marcinkiewicz cieszy\u0142 si\u0119 w\u00f3wczas du\u017c\u0105 popularno\u015bci\u0105, jednak jego kadencja trwa\u0142a zaledwie rok. W 2006 roku zaskoczy\u0142 opini\u0119 publiczn\u0105 decyzj\u0105 o rezygnacji z funkcji premiera, a jego miejsce zaj\u0105\u0142 Jaros\u0142aw Kaczy\u0144ski.<\/p>\n\n\n\n<p>R\u00f3wnie burzliwe jak kariera polityczna by\u0142o \u017cycie prywatne Marcinkiewicza. By\u0142 dwukrotnie \u017conaty. Ze swoj\u0105 pierwsz\u0105 \u017con\u0105 Mari\u0105 ma czworo dzieci, jednak ma\u0142\u017ce\u0144stwo zako\u0144czy\u0142o si\u0119 rozwodem w 2009 roku. W sierpniu tego samego roku o\u017ceni\u0142 si\u0119 po raz drugi, tym razem z Izabel\u0105 Olchowicz, kt\u00f3ra by\u0142a od niego m\u0142odsza o 22 lata. To ma\u0142\u017ce\u0144stwo r\u00f3wnie\u017c nie przetrwa\u0142o pr\u00f3by czasu i zako\u0144czy\u0142o si\u0119 rozwodem w 2018 roku. By\u0142a \u017cona Marcinkiewicza od wypadku w 2014 roku boryka si\u0119 z problemami z poruszaniem, ale pozostaje aktywna zawodowo i, jak podkre\u015bla by\u0142y premier, jest w stanie utrzymywa\u0107 si\u0119 sama.<\/p>\n\n\n<div class=\"wp-block-image\">\n<figure class=\"aligncenter\"><img decoding=\"async\" src=\"https:\/\/img.kozaczek.pl\/1iHh6sgzPKn9cW4hWMuxq6tqGV2p3gWtJf5J4KOGtws\/dpr:1\/q:75\/w:1100\/h:0\/rt:fill\/g:sm\/aHR0cHM6Ly9kM2Zx\/bTY4cjR1Nmlvbi5j\/bG91ZGZyb250Lm5l\/dC93cC1jb250ZW50\/L3VwbG9hZHMvc2l0\/ZXMvMi8yMDI2LzAx\/LzY5NzBjZTA4NzM1\/NjItNzRkYmQ4M2I5\/YjhiLmpwZw.jpeg\" alt=\"Kazimierz Marcinkiewicz and Izabela, \u056c\u0578\u0582\u057d\u0561\u0576\u056f\u0561\u0580\u055d KAPiF\"\/><\/figure>\n<\/div>\n\n\n<p>Po rozwodzie Marcinkiewicz zobowi\u0105zany by\u0142 do p\u0142acenia aliment\u00f3w, kt\u00f3re wynosi\u0142y 4,5 tysi\u0105ca z\u0142otych miesi\u0119cznie. By\u0142a to znaczna suma, a by\u0142y premier wielokrotnie podkre\u015bla\u0142, \u017ce obowi\u0105zek alimentacyjny by\u0142 dla niego du\u017cym obci\u0105\u017ceniem finansowym i psychicznym. Dopiero niedawno, 20 stycznia, s\u0105d orzek\u0142 zniesienie obowi\u0105zku alimentacyjnego, co Marcinkiewicz przyj\u0105\u0142 z ogromn\u0105 ulg\u0105. W rozmowie z mediami przyzna\u0142, \u017ce przez lata przekaza\u0142 by\u0142ej \u017conie znaczn\u0105 sum\u0119 pieni\u0119dzy i czu\u0142, \u017ce ta sytuacja by\u0142a dla niego prawdziwym ci\u0119\u017carem.<\/p>\n\n\n\n<p>Marcinkiewicz w ostrych s\u0142owach komentuje zar\u00f3wno swoje do\u015bwiadczenia, jak i postaw\u0119 by\u0142ej \u017cony. \u201eUciek\u0142em od p. Olchowicz 12 lat temu i wczoraj ten koszmar si\u0119 dla mnie prawomocnie zako\u0144czy\u0142. Wiem, \u017ce ona b\u0119dzie robi\u0142a wszystko, by dalej, tak jak przez ostatnie 15 lat, \u017cy\u0107 na m\u00f3j koszt, bo od zawarcia ma\u0142\u017ce\u0144stwa rzuci\u0142a prac\u0119 i nam\u00f3wi\u0107 j\u0105 na jak\u0105kolwiek prac\u0119 czy studia nie by\u0142o sposobu. Chcia\u0142a by\u0107 tylko modelk\u0105. To symboliczne, \u017ce m\u0142oda jeszcze osoba nie my\u015bli o tym, jak pracowa\u0107 i u\u0142o\u017cy\u0107 sobie \u017cycie, tylko jak jeszcze raz przyczepi\u0107 si\u0119 do mnie. Koniec. Zwyci\u0119stwo. Worek kamieni spad\u0142\u2026\u201d \u2013 m\u00f3wi\u0142 by\u0142y premier w wywiadzie dla \u201eFaktu\u201d.<\/p>\n\n\n<div class=\"wp-block-image\">\n<figure class=\"aligncenter\"><img decoding=\"async\" src=\"https:\/\/img.kozaczek.pl\/MGdz1FL5ILncrFzICLvH4QL0erhNtT1AcyhibTFq6wU\/dpr:1\/q:75\/w:1100\/h:0\/rt:fill\/g:sm\/aHR0cHM6Ly9kM2Zx\/bTY4cjR1Nmlvbi5j\/bG91ZGZyb250Lm5l\/dC93cC1jb250ZW50\/L3VwbG9hZHMvc2l0\/ZXMvMi8yMDI2LzAx\/LzY5NzBjZTA5MjFk\/YmYtYWVlMTQwODc4\/ODc4LmpwZw.jpeg\" alt=\"Kazimierz Marcinkiewicz-\u056b \u056c\u0578\u0582\u057d\u0561\u0576\u056f\u0561\u0580\u0568\u055d KAPiF\"\/><\/figure>\n<\/div>\n\n\n<p>Izabela Olchowicz nie zgadza si\u0119 z decyzj\u0105 s\u0105du i zapowiada z\u0142o\u017cenie skargi do Europejskiego Trybuna\u0142u Praw Cz\u0142owieka, jednak Marcinkiewicz uwa\u017ca spraw\u0119 za definitywnie zamkni\u0119t\u0105. W rozmowie szczeg\u00f3\u0142owo wyliczy\u0142, ile pieni\u0119dzy przekaza\u0142 by\u0142ej \u017conie w ci\u0105gu lat trwania ma\u0142\u017ce\u0144stwa i obowi\u0105zywania aliment\u00f3w. \u201eTrzy lata ma\u0142\u017ce\u0144stwa 2009\u20132013 \u017cy\u0142a na m\u00f3j koszt wy\u0142\u0105czny. Dwa lata separacji 2013\u20132015 wyda\u0142em na ni\u0105 312 tys. z\u0142. Dziesi\u0119\u0107 lat aliment\u00f3w 2015\u20132025 wyda\u0142em 566 tys. 500 z\u0142 \u2014 tyle kosztowa\u0142 mnie finansowo czy\u015bciec, o piekle, jakie mi robi\u0142a w mediach i s\u0105dach, nie wspomn\u0119, bo niebo ju\u017c jest b\u0142\u0119kitne\u2026\u201d \u2013 podkre\u015bla.<\/p>\n\n\n\n<p>Marcinkiewicz podkre\u015bla, \u017ce jego obowi\u0105zek alimentacyjny nie by\u0142 tylko finansowym obci\u0105\u017ceniem, ale tak\u017ce \u017ar\u00f3d\u0142em du\u017cego stresu i napi\u0119cia emocjonalnego. Przez lata czu\u0142, \u017ce jest niesprawiedliwie oceniany przez opini\u0119 publiczn\u0105 i media, kt\u00f3re regularnie relacjonowa\u0142y jego \u017cycie osobiste i konflikty rodzinne. Mimo wszystko by\u0142y premier podchodzi do ca\u0142ej sytuacji z poczuciem ulgi i satysfakcji, \u017ce ta cz\u0119\u015b\u0107 jego \u017cycia wreszcie znalaz\u0142a sw\u00f3j kres.<\/p>\n\n\n<div class=\"wp-block-image\">\n<figure class=\"aligncenter\"><img decoding=\"async\" src=\"https:\/\/img.kozaczek.pl\/v72yVLvEtY-pXuipFIAz3P9n7OYEK-LzPh7RrQBlWNs\/dpr:1\/q:75\/w:1100\/h:0\/rt:fill\/g:sm\/aHR0cHM6Ly9kM2Zx\/bTY4cjR1Nmlvbi5j\/bG91ZGZyb250Lm5l\/dC93cC1jb250ZW50\/L3VwbG9hZHMvc2l0\/ZXMvMi8yMDI2LzAx\/LzY5NzBjZTA5YzUx\/ODQtODVlNjE4Yzg1\/NGI3LmpwZw.jpeg\" alt=\"Kazimierz Marcinkiewicz-\u056b \u056c\u0578\u0582\u057d\u0561\u0576\u056f\u0561\u0580\u0568\u055d KAPiF\"\/><\/figure>\n<\/div>\n\n\n<p>Obecnie Kazimierz Marcinkiewicz mo\u017ce odetchn\u0105\u0107 z ulg\u0105 i skoncentrowa\u0107 si\u0119 na swojej codzienno\u015bci oraz karierze zawodowej poza \u017cyciem politycznym i medialnym. Jego do\u015bwiadczenia pokazuj\u0105, jak burzliwe mo\u017ce by\u0107 \u017cycie osoby publicznej, w kt\u00f3rej \u017cycie prywatne nierzadko staje si\u0119 przedmiotem zainteresowania opinii publicznej. Skomplikowane zwi\u0105zki, rozwody i obowi\u0105zek alimentacyjny mog\u0105 d\u0142ugo ci\u0105\u017cy\u0107 nawet osobom, kt\u00f3re w przesz\u0142o\u015bci osi\u0105ga\u0142y sukcesy w sferze publicznej, a historia Marcinkiewicza jest tego doskona\u0142ym przyk\u0142adem.<\/p>\n","protected":false},"excerpt":{"rendered":"Kazimierz Marcinkiewicz, by\u0142y premier Polski, od lat pozostaje postaci\u0105 budz\u0105c\u0105 zainteresowanie zar\u00f3wno ze wzgl\u0119du na swoj\u0105 karier\u0119 polityczn\u0105, jak i \u017cycie prywatne. Jego \n<a class=\"moretag\" href=\"https:\/\/lifevery.biz.ua\/?p=1783\"> [...]<\/a>","protected":false},"author":1,"featured_media":1784,"comment_status":"open","ping_status":"open","sticky":false,"template":"","format":"standard","meta":{"footnotes":""},"categories":[1],"tags":[],"class_list":["post-1783","post","type-post","status-publish","format-standard","has-post-thumbnail","hentry","category-blog"],"_links":{"self":[{"href":"https:\/\/lifevery.biz.ua\/index.php?rest_route=\/wp\/v2\/posts\/1783","targetHints":{"allow":["GET"]}}],"collection":[{"href":"https:\/\/lifevery.biz.ua\/index.php?rest_route=\/wp\/v2\/posts"}],"about":[{"href":"https:\/\/lifevery.biz.ua\/index.php?rest_route=\/wp\/v2\/types\/post"}],"author":[{"embeddable":true,"href":"https:\/\/lifevery.biz.ua\/index.php?rest_route=\/wp\/v2\/users\/1"}],"replies":[{"embeddable":true,"href":"https:\/\/lifevery.biz.ua\/index.php?rest_route=%2Fwp%2Fv2%2Fcomments&post=1783"}],"version-history":[{"count":1,"href":"https:\/\/lifevery.biz.ua\/index.php?rest_route=\/wp\/v2\/posts\/1783\/revisions"}],"predecessor-version":[{"id":1785,"href":"https:\/\/lifevery.biz.ua\/index.php?rest_route=\/wp\/v2\/posts\/1783\/revisions\/1785"}],"wp:featuredmedia":[{"embeddable":true,"href":"https:\/\/lifevery.biz.ua\/index.php?rest_route=\/wp\/v2\/media\/1784"}],"wp:attachment":[{"href":"https:\/\/lifevery.biz.ua\/index.php?rest_route=%2Fwp%2Fv2%2Fmedia&parent=1783"}],"wp:term":[{"taxonomy":"category","embeddable":true,"href":"https:\/\/lifevery.biz.ua\/index.php?rest_route=%2Fwp%2Fv2%2Fcategories&post=1783"},{"taxonomy":"post_tag","embeddable":true,"href":"https:\/\/lifevery.biz.ua\/index.php?rest_route=%2Fwp%2Fv2%2Ftags&post=1783"}],"curies":[{"name":"wp","href":"https:\/\/api.w.org\/{rel}","templated":true}]}}