{"id":1777,"date":"2026-02-02T04:57:03","date_gmt":"2026-02-02T04:57:03","guid":{"rendered":"https:\/\/lifevery.biz.ua\/?p=1777"},"modified":"2026-02-02T04:57:03","modified_gmt":"2026-02-02T04:57:03","slug":"pokochaj-kogos-kto-na-to-zasluguje-siebie-pola-wisniewska-z-mocnym-przekazem-czy-to-koniec-malzenstwa","status":"publish","type":"post","link":"https:\/\/lifevery.biz.ua\/?p=1777","title":{"rendered":"\u201ePokochaj kogo\u015b, kto na to zas\u0142uguje. Siebie\u201d. Pola Wi\u015bniewska z mocnym przekazem \u2013 czy to koniec ma\u0142\u017ce\u0144stwa?.<br>"},"content":{"rendered":"\n<p>cha\u0142 i Pola Wi\u015bniewscy od pewnego czasu znajduj\u0105 si\u0119 w centrum medialnej burzy, a wszystko za spraw\u0105 coraz bardziej niepokoj\u0105cych sygna\u0142\u00f3w p\u0142yn\u0105cych z ich \u017cycia prywatnego. Tajemnicze wpisy w mediach spo\u0142eczno\u015bciowych, niedopowiedzenia oraz publiczne wypowiedzi sprawiaj\u0105, \u017ce fani i obserwatorzy nie maj\u0105 w\u0105tpliwo\u015bci \u2013 w ma\u0142\u017ce\u0144stwie pary dzieje si\u0119 co\u015b z\u0142ego. Pojawiaj\u0105 si\u0119 pytania, czy to jedynie chwilowy kryzys, czy mo\u017ce pocz\u0105tek ko\u0144ca jednego z najg\u0142o\u015bniejszych zwi\u0105zk\u00f3w w polskim show-biznesie.<\/p>\n\n\n<div class=\"wp-block-image\">\n<figure class=\"aligncenter\"><img decoding=\"async\" src=\"https:\/\/v.wpimg.pl\/NTQ3NTgzYTUwUThnSAFsIHMJbD0OWGJ2JBF0dkgZYWVgBHcsVk94ZH5VJzgCCCskPh0pJhIKLyMhHT44SBs-PX5Ff3sDEz0kPVI3ewIXLDE1HCxmVR8sZzACY2ZSTHx5ZQR-MUpCfmdiHitsAU96Y2QLfW1eT2wp\" alt=\"\u054a\u0578\u056c\u0561 \u054e\u056b\u0577\u0576\u0587\u057d\u056f\u0561\u0576 \u056d\u0569\u0561\u0576\u0578\u0582\u0574 \u0567 \u0544\u056b\u056d\u0561\u056c\u056b \u0570\u0565\u057f \u056b\u0580 \u0562\u0561\u056a\u0561\u0576\u0574\u0561\u0576 \u0574\u0561\u057d\u056b\u0576 \u056c\u0578\u0582\u0580\u0565\u0580\u0568\"\/><\/figure>\n<\/div>\n\n\n<p>Od kilku tygodni Pola Wi\u015bniewska publikuje w sieci enigmatyczne tre\u015bci, kt\u00f3re wielu odbiera jako wyra\u017ane sygna\u0142y emocjonalnego chaosu i wewn\u0119trznej walki. Jej s\u0142owa, cho\u0107 pozornie og\u00f3lne i refleksyjne, w kontek\u015bcie sytuacji rodzinnej nabieraj\u0105 zupe\u0142nie innego znaczenia. Jednym z najbardziej komentowanych wpis\u00f3w by\u0142o stwierdzenie, \u017ce \u201ekoniec jest inn\u0105 form\u0105 pocz\u0105tku\u201d. Ten kr\u00f3tki, ale mocny przekaz wywo\u0142a\u0142 fal\u0119 spekulacji i domys\u0142\u00f3w, a internauci zacz\u0119li zastanawia\u0107 si\u0119, czy Pola w ten spos\u00f3b nie przygotowuje gruntu pod \u017cyciow\u0105 rewolucj\u0119.<\/p>\n\n\n<div class=\"wp-block-image\">\n<figure class=\"aligncenter\"><img decoding=\"async\" src=\"https:\/\/v.wpimg.pl\/ZDA1YWMydSUgUy9kYgJ4MGMLez4kW3ZmNBNjdWIadX11BCFme0pvaydYNTI_HCorb1YrIj0YLTRvQTV4LAkzazcAdjMkCiooIEh2MiAbPyBuCG9uLE0_cXMcbWApS3dweVI8enUbYnBsVThueB1qcSBSa2MvWyc\" alt=\"\u054a\u0578\u056c\u0561 \u054e\u056b\u0577\u0576\u0587\u057d\u056f\u0561\u0576 \u056d\u0569\u0561\u0576\u0578\u0582\u0574 \u0567 \u0544\u056b\u056d\u0561\u056c\u056b \u0570\u0565\u057f \u056b\u0580 \u0562\u0561\u056a\u0561\u0576\u0574\u0561\u0576 \u0574\u0561\u057d\u056b\u0576 \u056c\u0578\u0582\u0580\u0565\u0580\u0568\"\/><\/figure>\n<\/div>\n\n\n<p>R\u00f3wnie\u017c Micha\u0142 Wi\u015bniewski nie pozostaje bierny wobec narastaj\u0105cych plotek. Muzyk ju\u017c jaki\u015b czas temu otwarcie przyzna\u0142, \u017ce jego relacja z Pol\u0105 przechodzi bardzo trudny etap. W jednej z publicznych rozm\u00f3w wspomnia\u0142 wprost o powa\u017cnym kryzysie, podkre\u015blaj\u0105c, \u017ce g\u0142\u00f3wnym problemem jest brak wsp\u00f3lnie sp\u0119dzanego czasu. Z jego s\u0142\u00f3w wynika\u0142o, \u017ce codzienne obowi\u0105zki, presja zawodowa i r\u00f3\u017cne priorytety zacz\u0119\u0142y oddala\u0107 ich od siebie, a narastaj\u0105cy konflikt wewn\u0119trzny nie mo\u017ce by\u0107 d\u0142u\u017cej ignorowany.<\/p>\n\n\n\n<p>Sytuacja Wi\u015bniewskich nie przesz\u0142a bez echa w \u015bwiecie medi\u00f3w i w\u015br\u00f3d os\u00f3b zwi\u0105zanych z par\u0105. Komentarze pojawiaj\u0105 si\u0119 z r\u00f3\u017cnych stron, a ka\u017cdy z nich tylko dolewa oliwy do ognia. By\u0142a \u017cona Micha\u0142a, Dominika Tajner, zdecydowa\u0142a si\u0119 publicznie okaza\u0107 mu wsparcie, podkre\u015blaj\u0105c, \u017ce mimo przesz\u0142ych r\u00f3\u017cnic zawsze b\u0119dzie sta\u0142a po jego stronie. Jej s\u0142owa zosta\u0142y odebrane jako gest solidarno\u015bci, ale r\u00f3wnie\u017c jako kolejny element uk\u0142adanki, kt\u00f3ra wzbudza ogromne zainteresowanie opinii publicznej.<\/p>\n\n\n\n<figure class=\"wp-block-image\"><img decoding=\"async\" src=\"https:\/\/v.wpimg.pl\/YjY1ODFidgs4Uzl3aRJ7HnsLbS0vS3VILBN1ZmkKdltoBnY8d11gWHZXJigjGzwaNh8oNjMZOB0pHz8oaQgpA3ZHfmsiACoaNVA2ayMEOw89Hix8dQo6DmAJYicnWmpHbVMtdmtRYAlrHCl8fwtvX2EALSIkCnsX\" alt=\"\u054a\u0578\u056c\u0561 \u054e\u056b\u0577\u0576\u0587\u057d\u056f\u0561\u0576 \u0574\u0565\u056f\u0576\u0561\u0562\u0561\u0576\u0578\u0582\u0574 \u0567 \u0544\u056b\u056d\u0561\u056c\u056b\u055d \u0573\u0563\u0576\u0561\u056a\u0561\u0574\u056b \u0574\u0561\u057d\u056b\u0576 \u0563\u0580\u0561\u057c\u0578\u0582\u0574\u0576\u0565\u0580\u0568\"\/><\/figure>\n\n\n\n<p>Nie zabrak\u0142o te\u017c ironicznych komentarzy. Kuba Wojew\u00f3dzki, znany z ci\u0119tego j\u0119zyka i bezkompromisowych opinii, w swoim felietonie pozwoli\u0142 sobie na drwin\u0119 z problem\u00f3w ma\u0142\u017ce\u0144skich Wi\u015bniewskich. Jego s\u0142owa wywo\u0142a\u0142y mieszane reakcje \u2013 jedni uznali je za typow\u0105 dla niego prowokacj\u0119, inni za przekroczenie granic dobrego smaku w obliczu czyjego\u015b kryzysu rodzinnego.<\/p>\n\n\n\n<p>Przysz\u0142o\u015b\u0107 ma\u0142\u017ce\u0144stwa Micha\u0142a i Poli pozostaje jednak jedn\u0105 wielk\u0105 niewiadom\u0105. Fani z zapartym tchem \u015bledz\u0105 ka\u017cdy nowy wpis i ka\u017cd\u0105 publiczn\u0105 wypowied\u017a, pr\u00f3buj\u0105c doszuka\u0107 si\u0119 w nich odpowiedzi na pytanie, czy para ma jeszcze szans\u0119 na odbudowanie relacji. Niestety, ostatnie dzia\u0142ania Poli Wi\u015bniewskiej nie napawaj\u0105 optymizmem. Kolejny wpis, kt\u00f3ry pojawi\u0142 si\u0119 na jej kanale nadawczym, zosta\u0142 odebrany jako wyj\u0105tkowo jednoznaczny i przejmuj\u0105cy.<\/p>\n\n\n<div class=\"wp-block-image\">\n<figure class=\"aligncenter\"><img decoding=\"async\" src=\"https:\/\/v.wpimg.pl\/NTgwZTRhYTUGFSxnfRNsIEVNeD07SmJ2ElVgdn0LYWVWQGMsY1p9YUgRMzg3GiskCFk9JicYLyMXWSo4fQk-PUgBa3s2AT0kCxYjezcFLDEDWGtsZFB4ZwNGd2VlXHd5U0NrZ39QfTcCWm8yM112ZAJDO2VkC2wp\" alt=\"\u054a\u0578\u056c\u0561 \u054e\u056b\u0577\u0576\u0587\u057d\u056f\u0561\u0576 \u0574\u0565\u056f\u0576\u0561\u0562\u0561\u0576\u0578\u0582\u0574 \u0567 \u0544\u056b\u056d\u0561\u056c\u056b\u055d \u0573\u0563\u0576\u0561\u056a\u0561\u0574\u056b \u0574\u0561\u057d\u056b\u0576 \u0563\u0580\u0561\u057c\u0578\u0582\u0574\u0576\u0565\u0580\u0568\"\/><\/figure>\n<\/div>\n\n\n<p>\u201ePrzypomnienie na dzi\u015b: Pokochaj kogo\u015b, kto na to zas\u0142uguje. Siebie\u201d \u2013 te s\u0142owa wielu uzna\u0142o za symboliczny manifest niezale\u017cno\u015bci i emocjonalnego dystansu. Dla obserwator\u00f3w to jasny sygna\u0142, \u017ce w jej \u017cyciu zachodz\u0105 powa\u017cne zmiany, a priorytety zaczynaj\u0105 si\u0119 przesuwa\u0107. Czy to zapowied\u017a nowego pocz\u0105tku, czy jedynie spos\u00f3b radzenia sobie z b\u00f3lem i rozczarowaniem? Jedno jest pewne \u2013 w zwi\u0105zku Wi\u015bniewskich nie dzieje si\u0119 dobrze, a cisza mi\u0119dzy kolejnymi wpisami brzmi coraz g\u0142o\u015bniej.<\/p>\n","protected":false},"excerpt":{"rendered":"cha\u0142 i Pola Wi\u015bniewscy od pewnego czasu znajduj\u0105 si\u0119 w centrum medialnej burzy, a wszystko za spraw\u0105 coraz bardziej niepokoj\u0105cych sygna\u0142\u00f3w p\u0142yn\u0105cych z \n<a class=\"moretag\" href=\"https:\/\/lifevery.biz.ua\/?p=1777\"> [...]<\/a>","protected":false},"author":1,"featured_media":1778,"comment_status":"open","ping_status":"open","sticky":false,"template":"","format":"standard","meta":{"footnotes":""},"categories":[1],"tags":[],"class_list":["post-1777","post","type-post","status-publish","format-standard","has-post-thumbnail","hentry","category-blog"],"_links":{"self":[{"href":"https:\/\/lifevery.biz.ua\/index.php?rest_route=\/wp\/v2\/posts\/1777","targetHints":{"allow":["GET"]}}],"collection":[{"href":"https:\/\/lifevery.biz.ua\/index.php?rest_route=\/wp\/v2\/posts"}],"about":[{"href":"https:\/\/lifevery.biz.ua\/index.php?rest_route=\/wp\/v2\/types\/post"}],"author":[{"embeddable":true,"href":"https:\/\/lifevery.biz.ua\/index.php?rest_route=\/wp\/v2\/users\/1"}],"replies":[{"embeddable":true,"href":"https:\/\/lifevery.biz.ua\/index.php?rest_route=%2Fwp%2Fv2%2Fcomments&post=1777"}],"version-history":[{"count":1,"href":"https:\/\/lifevery.biz.ua\/index.php?rest_route=\/wp\/v2\/posts\/1777\/revisions"}],"predecessor-version":[{"id":1779,"href":"https:\/\/lifevery.biz.ua\/index.php?rest_route=\/wp\/v2\/posts\/1777\/revisions\/1779"}],"wp:featuredmedia":[{"embeddable":true,"href":"https:\/\/lifevery.biz.ua\/index.php?rest_route=\/wp\/v2\/media\/1778"}],"wp:attachment":[{"href":"https:\/\/lifevery.biz.ua\/index.php?rest_route=%2Fwp%2Fv2%2Fmedia&parent=1777"}],"wp:term":[{"taxonomy":"category","embeddable":true,"href":"https:\/\/lifevery.biz.ua\/index.php?rest_route=%2Fwp%2Fv2%2Fcategories&post=1777"},{"taxonomy":"post_tag","embeddable":true,"href":"https:\/\/lifevery.biz.ua\/index.php?rest_route=%2Fwp%2Fv2%2Ftags&post=1777"}],"curies":[{"name":"wp","href":"https:\/\/api.w.org\/{rel}","templated":true}]}}